{"id":3939,"date":"2011-04-10T12:57:41","date_gmt":"2011-04-10T12:57:41","guid":{"rendered":"http:\/\/www.agriatv.hu\/?p=3939"},"modified":"2011-04-10T12:57:41","modified_gmt":"2011-04-10T12:57:41","slug":"dudas-robert-lett-a-jobbik-megyei-elnoke","status":"publish","type":"post","link":"https:\/\/www.agriatv.hu\/?p=3939","title":{"rendered":"Dud\u00e1s R\u00f3bert lett a Jobbik megyei eln\u00f6ke"},"content":{"rendered":"<p class=\"cikkcikkei\">&nbsp;<\/p>\n<p><img loading=\"lazy\" decoding=\"async\" class=\"kiskepcikkhez alignleft\" src=\"http:\/\/www.egriszin.hu\/RenderedContents\/IndexImages\/7\/7551-20110410112857-Dudas_Robert.jpg\" alt=\"\" width=\"150\" height=\"123\" \/><\/p>\n<p><strong>Tiszt\u00faj\u00edt\u00f3 kongresszust tartott szombaton a Jobbik Magyarorsz\u00e1g\u00e9rt  Mozgalom Heves megyei v\u00e1lasztm\u00e1nya. A p\u00e1rt megyei eln\u00f6ke Dud\u00e1s R\u00f3bert  lett.<\/strong><\/p>\n<p>A kor\u00e1bbi megyei eln\u00f6k, Mirk\u00f3czki \u00c1d\u00e1m mand\u00e1tuma  2011 december\u00e9ig sz\u00f3lt, de a megs\u0171r\u0171s\u00f6d\u00f6tt orsz\u00e1ggy\u0171l\u00e9si- \u00e9s sz\u00f3viv\u0151i  teend\u0151 miatt lemondott az eln\u00f6ki tisztr\u0151l. A megyei eln\u00f6ks\u00e9g ennek  k\u00f6vetkezt\u00e9ben teljes tiszt\u00faj\u00edt\u00e1st tartott.<\/p>\n<p>A tiszt\u00faj\u00edt\u00e1sra  szombaton ker\u00fclt sor, a k\u00fcld\u00f6ttek Dud\u00e1s R\u00f3bertet v\u00e1lasztott\u00e1k a Jobbik  Magyarorsz\u00e1g\u00e9rt Mozgalom Heves megyei eln\u00f6k\u00e9v\u00e9. Aleln\u00f6ki mand\u00e1tumot a  k\u00f6vetkez\u0151 k\u00e9t \u00e9vben pedig Farag\u00f3 Tam\u00e1s, Juh\u00e1sz Oszk\u00e1r, Mirk\u00f3czki \u00c1d\u00e1m,  Sneider Tam\u00e1s, Szedl\u00e1k Szabolcs \u00e9s V\u00e9csi Tibor kaptak.<\/p>\n<p>Forr\u00e1s:<a href=\"http:\/\/egriszin.hu\"> Egrisz\u00edn<\/a><\/p>\n","protected":false},"excerpt":{"rendered":"<p>&nbsp;<\/p>\n<p>Tiszt\u00faj\u00edt\u00f3 kongresszust tartott szombaton a Jobbik Magyarorsz\u00e1g\u00e9rt  Mozgalom Heves megyei v\u00e1lasztm\u00e1nya. A p\u00e1rt megyei eln\u00f6ke Dud\u00e1s R\u00f3bert  lett.<br \/>\nA kor\u00e1bbi megyei eln\u00f6k, Mirk\u00f3czki \u00c1d\u00e1m mand\u00e1tuma  2011 december\u00e9ig sz\u00f3lt, de a megs\u0171r\u0171s\u00f6d\u00f6tt orsz\u00e1ggy\u0171l\u00e9si- \u00e9s sz\u00f3viv\u0151i  teend\u0151 miatt lemondott az eln\u00f6ki tisztr\u0151l. A megyei eln\u00f6ks\u00e9g ennek  k\u00f6vetkezt\u00e9ben teljes tiszt\u00faj\u00edt\u00e1st tartott.<br \/>\nA tiszt\u00faj\u00edt\u00e1sra  szombaton [&#8230;]<\/p>\n","protected":false},"author":4,"featured_media":0,"comment_status":"open","ping_status":"closed","sticky":false,"template":"","format":"standard","meta":{"footnotes":""},"categories":[3],"tags":[],"class_list":["post-3939","post","type-post","status-publish","format-standard","hentry","category-politika"],"_links":{"self":[{"href":"https:\/\/www.agriatv.hu\/index.php?rest_route=\/wp\/v2\/posts\/3939","targetHints":{"allow":["GET"]}}],"collection":[{"href":"https:\/\/www.agriatv.hu\/index.php?rest_route=\/wp\/v2\/posts"}],"about":[{"href":"https:\/\/www.agriatv.hu\/index.php?rest_route=\/wp\/v2\/types\/post"}],"author":[{"embeddable":true,"href":"https:\/\/www.agriatv.hu\/index.php?rest_route=\/wp\/v2\/users\/4"}],"replies":[{"embeddable":true,"href":"https:\/\/www.agriatv.hu\/index.php?rest_route=%2Fwp%2Fv2%2Fcomments&post=3939"}],"version-history":[{"count":1,"href":"https:\/\/www.agriatv.hu\/index.php?rest_route=\/wp\/v2\/posts\/3939\/revisions"}],"predecessor-version":[{"id":3940,"href":"https:\/\/www.agriatv.hu\/index.php?rest_route=\/wp\/v2\/posts\/3939\/revisions\/3940"}],"wp:attachment":[{"href":"https:\/\/www.agriatv.hu\/index.php?rest_route=%2Fwp%2Fv2%2Fmedia&parent=3939"}],"wp:term":[{"taxonomy":"category","embeddable":true,"href":"https:\/\/www.agriatv.hu\/index.php?rest_route=%2Fwp%2Fv2%2Fcategories&post=3939"},{"taxonomy":"post_tag","embeddable":true,"href":"https:\/\/www.agriatv.hu\/index.php?rest_route=%2Fwp%2Fv2%2Ftags&post=3939"}],"curies":[{"name":"wp","href":"https:\/\/api.w.org\/{rel}","templated":true}]}}