{"id":3945,"date":"2011-04-11T19:07:51","date_gmt":"2011-04-11T19:07:51","guid":{"rendered":"http:\/\/www.agriatv.hu\/?p=3945"},"modified":"2011-04-11T19:07:51","modified_gmt":"2011-04-11T19:07:51","slug":"utasszamlalas-lesz-egerben","status":"publish","type":"post","link":"https:\/\/www.agriatv.hu\/?p=3945","title":{"rendered":"Utassz\u00e1ml\u00e1l\u00e1s lesz Egerben"},"content":{"rendered":"<p class=\"cikkcikkei\">&nbsp;<\/p>\n<p><img loading=\"lazy\" decoding=\"async\" class=\"kiskepcikkhez alignleft\" src=\"http:\/\/www.egriszin.hu\/RenderedContents\/IndexImages\/7\/7557-20110411153041-av.jpg\" alt=\"\" width=\"150\" height=\"112\" \/><\/p>\n<p><strong>A val\u00f3s\u00e1ghoz kell igaz\u00edtani a megyesz\u00e9khely helyi buszos  vonalh\u00e1l\u00f3zat\u00e1t, s ha ez megt\u00f6rt\u00e9nt, \u2013az ig\u00e9nyek \u00e9s lehet\u0151s\u00e9gek  ismeret\u00e9ben- a menetrendet is meg kell \u00faj\u00edtani. A Polg\u00e1rmesteri Hivatal  t\u00e1j\u00e9koztat\u00e1sa szerint az \u00f6nkorm\u00e1nyzat \u00e9s az Agria Vol\u00e1n Zrt. janu\u00e1r  elej\u00e9n \u00f6t \u00e9vre sz\u00f3l\u00f3 egy\u00fcttm\u0171k\u00f6d\u00e9si meg\u00e1llapod\u00e1st \u00edrt al\u00e1 a fenti c\u00e9lok  el\u00e9r\u00e9se \u00e9rdek\u00e9ben.<br \/>\n<\/strong><\/p>\n<p>Meg\u00e9rett a v\u00e1ltoz\u00e1sra Eger v\u00e1ros t\u00f6megk\u00f6zleked\u00e9se.  Ahogyan arr\u00f3l kor\u00e1bban m\u00e1r t\u00f6bbsz\u00f6r sz\u00f3 esett: a val\u00f3s\u00e1ghoz kell  igaz\u00edtani a megyesz\u00e9khely helyi buszos vonalh\u00e1l\u00f3zat\u00e1t, s ha ez  megt\u00f6rt\u00e9nt, \u2013az ig\u00e9nyek \u00e9s lehet\u0151s\u00e9gek ismeret\u00e9ben- a menetrendet is meg  kell \u00faj\u00edtani. A Polg\u00e1rmesteri Hivatal t\u00e1j\u00e9koztat\u00e1sa szerint az  \u00f6nkorm\u00e1nyzat \u00e9s az Agria Vol\u00e1n Zrt. janu\u00e1r elej\u00e9n \u00f6t \u00e9vre sz\u00f3l\u00f3  egy\u00fcttm\u0171k\u00f6d\u00e9si meg\u00e1llapod\u00e1st \u00edrt al\u00e1 a fenti c\u00e9lok el\u00e9r\u00e9se \u00e9rdek\u00e9ben.  Szeretn\u00e9k cs\u00f6kkenteni a k\u00f6rnyezetterhel\u00e9st, egyben folyamatosan emelni  k\u00edv\u00e1nj\u00e1k a k\u00f6zszolg\u00e1ltat\u00e1sok sz\u00ednvonal\u00e1t. Az elm\u00falt hetekben a k\u00e9t f\u00e9l  egyeztetett a buszmeg\u00e1ll\u00f3k sz\u00fcks\u00e9ges fel\u00faj\u00edt\u00e1s\u00e1r\u00f3l, \u00faj, fedett  v\u00e1r\u00f3helyek kialak\u00edt\u00e1s\u00e1r\u00f3l \u00e9s az utas-t\u00e1j\u00e9koztat\u00f3 rendszer fejleszt\u00e9s\u00e9r\u0151l  is.<\/p>\n<p>A munka most m\u00e1r az els\u0151 l\u00e1tv\u00e1nyosabb  szakaszhoz \u00e9r: ahhoz, hogy az egri buszos vonalh\u00e1l\u00f3zatot a 2011-es  helyzethez \u00e9s ig\u00e9nyekhez igaz\u00edts\u00e1k, alapos felm\u00e9r\u00e9sre van sz\u00fcks\u00e9g. Els\u0151  feladatunk az utassz\u00e1ml\u00e1l\u00e1s, melyet a szakemberek \u00e1prilis 14-\u00e9n, a  teljes \u00fczemi id\u0151szakra vonatkoz\u00f3an v\u00e9geznek el. Ennek egyik eleme az  adatgy\u0171jt\u00e9s, hogy kider\u00fclj\u00f6n: egy \u00e1tlagos tan\u00edt\u00e1si- \u00e9s munkanapon h\u00e1nyan  veszik ig\u00e9nybe a k\u00f6zleked\u00e9si v\u00e1llalat szolg\u00e1ltat\u00e1s\u00e1t. Az utassz\u00e1ml\u00e1l\u00e1st  j\u00e1ratonk\u00e9nt \u2013forgalom f\u00fcggv\u00e9ny\u00e9ben- 2-3 di\u00e1k sz\u00e1ml\u00e1l\u00f3biztos v\u00e9gzi majd.  Figyelik az ajt\u00f3kon le- \u00e9s felsz\u00e1ll\u00f3 utasokat, majd egy egys\u00e9ges  nyomtatv\u00e1nyra jegyzik fel a l\u00e1tottakat.<br \/>\nA sz\u00e1ml\u00e1l\u00f3biztosok egy m\u00e1sik  csoportja \u2013k\u00f6zel 40 meg\u00e1ll\u00f3helyen- az utaz\u00e1si szok\u00e1sokr\u00f3l k\u00e9rdezi majd  az aut\u00f3buszra v\u00e1rakoz\u00f3kat. A k\u00e9rd\u00e9sek a d\u00edjfizet\u00e9s m\u00f3dj\u00e1ra is  vonatkozhatnak. K\u00e9rj\u00fck a lakoss\u00e1got, hogy egy\u00fcttm\u0171k\u00f6d\u00e9s\u00fckkel seg\u00edts\u00e9k a  k\u00e9rdez\u0151biztosok munk\u00e1j\u00e1t, hiszen mindannyiunk \u00e9rdek\u00e9ben, az\u00e9rt  dolgoznak, hogy az \u00faj vonalh\u00e1l\u00f3zat val\u00f3ban a re\u00e1lis egri helyzethez  igazodjon!<\/p>\n<p>A kutat\u00e1si eredm\u00e9nyek feldolgoz\u00e1sa ut\u00e1n  (k\u00f6zleked\u00e9stervez\u00e9si m\u00f3dszerekkel \u00e9s sz\u00e1m\u00edt\u00f3g\u00e9pes programok  seg\u00edts\u00e9g\u00e9vel) grafikusan is l\u00e1that\u00f3v\u00e1 v\u00e1lik Eger aut\u00f3busz-h\u00e1l\u00f3zat\u00e1nak  forgalma, s\u0151t az egyes j\u00e1ratok (pl. 5-\u00f6s, 12-es) utasforgalma is  pontosan meg\u00e1llap\u00edthat\u00f3. Ennek alapj\u00e1n indul majd el a k\u00f6zel 40 \u00e9ves  egri vonalh\u00e1l\u00f3zat teljes \u00fajratervez\u00e9se. A munk\u00e1latok \u00e1ll\u00e1s\u00e1r\u00f3l, a  tervezett fejleszt\u00e9sekr\u0151l a Eger MJV \u00d6nkorm\u00e1nyzata \u00e9s az Agria Vol\u00e1n  Zrt. folyamatosan t\u00e1j\u00e9koztatja majd a lakoss\u00e1got.<\/p>\n","protected":false},"excerpt":{"rendered":"<p>&nbsp;<\/p>\n<p>A val\u00f3s\u00e1ghoz kell igaz\u00edtani a megyesz\u00e9khely helyi buszos  vonalh\u00e1l\u00f3zat\u00e1t, s ha ez megt\u00f6rt\u00e9nt, \u2013az ig\u00e9nyek \u00e9s lehet\u0151s\u00e9gek  ismeret\u00e9ben- a menetrendet is meg kell \u00faj\u00edtani. A Polg\u00e1rmesteri Hivatal  t\u00e1j\u00e9koztat\u00e1sa szerint az \u00f6nkorm\u00e1nyzat \u00e9s az Agria Vol\u00e1n Zrt. janu\u00e1r  elej\u00e9n \u00f6t \u00e9vre sz\u00f3l\u00f3 egy\u00fcttm\u0171k\u00f6d\u00e9si meg\u00e1llapod\u00e1st \u00edrt al\u00e1 a fenti c\u00e9lok  el\u00e9r\u00e9se \u00e9rdek\u00e9ben.<\/p>\n<p>Meg\u00e9rett [&#8230;]<\/p>\n","protected":false},"author":4,"featured_media":0,"comment_status":"open","ping_status":"closed","sticky":false,"template":"","format":"standard","meta":{"footnotes":""},"categories":[6],"tags":[],"class_list":["post-3945","post","type-post","status-publish","format-standard","hentry","category-belfold"],"_links":{"self":[{"href":"https:\/\/www.agriatv.hu\/index.php?rest_route=\/wp\/v2\/posts\/3945","targetHints":{"allow":["GET"]}}],"collection":[{"href":"https:\/\/www.agriatv.hu\/index.php?rest_route=\/wp\/v2\/posts"}],"about":[{"href":"https:\/\/www.agriatv.hu\/index.php?rest_route=\/wp\/v2\/types\/post"}],"author":[{"embeddable":true,"href":"https:\/\/www.agriatv.hu\/index.php?rest_route=\/wp\/v2\/users\/4"}],"replies":[{"embeddable":true,"href":"https:\/\/www.agriatv.hu\/index.php?rest_route=%2Fwp%2Fv2%2Fcomments&post=3945"}],"version-history":[{"count":2,"href":"https:\/\/www.agriatv.hu\/index.php?rest_route=\/wp\/v2\/posts\/3945\/revisions"}],"predecessor-version":[{"id":3947,"href":"https:\/\/www.agriatv.hu\/index.php?rest_route=\/wp\/v2\/posts\/3945\/revisions\/3947"}],"wp:attachment":[{"href":"https:\/\/www.agriatv.hu\/index.php?rest_route=%2Fwp%2Fv2%2Fmedia&parent=3945"}],"wp:term":[{"taxonomy":"category","embeddable":true,"href":"https:\/\/www.agriatv.hu\/index.php?rest_route=%2Fwp%2Fv2%2Fcategories&post=3945"},{"taxonomy":"post_tag","embeddable":true,"href":"https:\/\/www.agriatv.hu\/index.php?rest_route=%2Fwp%2Fv2%2Ftags&post=3945"}],"curies":[{"name":"wp","href":"https:\/\/api.w.org\/{rel}","templated":true}]}}