{"id":3950,"date":"2011-04-11T19:59:43","date_gmt":"2011-04-11T19:59:43","guid":{"rendered":"http:\/\/www.agriatv.hu\/?p=3950"},"modified":"2011-04-11T19:59:43","modified_gmt":"2011-04-11T19:59:43","slug":"mestertanar-videoportal-mozgokep-az-oktatasban","status":"publish","type":"post","link":"https:\/\/www.agriatv.hu\/?p=3950","title":{"rendered":"Mestertan\u00e1r videoport\u00e1l- mozg\u00f3k\u00e9p az oktat\u00e1sban"},"content":{"rendered":"<p><a href=\"https:\/\/www.agriatv.hu\/wp-content\/uploads\/2011\/04\/0411ekf_V.jpg\"><img loading=\"lazy\" decoding=\"async\" class=\"alignleft size-medium wp-image-3954\" title=\"0411ekf_V\" src=\"https:\/\/www.agriatv.hu\/wp-content\/uploads\/2011\/04\/0411ekf_V-300x240.jpg\" alt=\"\" width=\"152\" height=\"111\" \/><\/a>T\u00e1rsint\u00e9zm\u00e9nyek megh\u00edv\u00e1s\u00e1val tartotta az EKF a bemutatkoz\u00f3 szakmai konferenci\u00e1j\u00e1t, melynek t\u00e9m\u00e1ja a Mestertan\u00e1r videoport\u00e1l kialak\u00edt\u00e1sa \u00e9s alkalmaz\u00e1sa. A T\u00c1MOP p\u00e1ly\u00e1zaton bel\u00fcl\u00a0 15 fejleszt\u00e9st hajtottak v\u00e9gre, melyek k\u00fcl\u00f6n-k\u00fcl\u00f6n is meg\u00e1llj\u00e1k hely\u00fcket de, mindegyik alapja egy region\u00e1lis pedag\u00f3giai kutat\u00f3- \u00e9s szolg\u00e1ltat\u00f3 k\u00f6zpont kialak\u00edt\u00e1sa valamint a pedag\u00f3gusk\u00e9pz\u0151 int\u00e9zm\u00e9nyek egy\u00fcttm\u0171k\u00f6d\u00e9se. \u00a0Dr. Hauser Zolt\u00e1n rektor, k\u00f6sz\u00f6nt\u0151 szavaiban fontosnak tartotta megeml\u00edteni, \u0151k csak a t\u00fczet gy\u00fajtott\u00e1k, meg a t\u00e1pl\u00e1l\u00e1sa m\u00e1r k\u00f6z\u00f6s feladat lesz. A k\u00e9pz\u00e9s\u00fckbe be\u00e9p\u00edtett oktat\u00e1si form\u00e1val, \u00faj lehet\u0151s\u00e9get kapnak a pedag\u00f3gusok, a mozg\u00f3k\u00e9pek alkalmaz\u00e1s\u00e1val a m\u00e1r j\u00f3l bev\u00e1lt \u00e9s m\u0171k\u00f6d\u0151 tan\u00edt\u00e1si form\u00e1kat akkredit\u00e1lhatj\u00e1k.<\/p>\n<div class=\"wordtube\">\n<div class=\"wordtube single258\" id=\"WT1_1\" style=\"width:320px; height:240px;\">\n<a href=\"http:\/\/www.macromedia.com\/go\/getflashplayer\">Get the Flash Player<\/a> to see the wordTube Media Player.\n<\/div><\/div>\n\t<script type=\"text\/javascript\" defer=\"defer\">\nvar WT1_1 = {\n\tparams : {\n\t\twmode : \"opaque\",\n\t\tallowscriptaccess : \"always\",\n\t\tallownetworking : \"all\",\n\t\tallowfullscreen : \"true\"},\n\tflashvars : {\n\t\tfile : \"http%3A%2F%2Fwww.agriatv.hu%2Fwp-content%2Fuploads%2F2011%2F04%2F0411ekf.flv\",\n\t\tvolume : \"80\",\n\t\tbufferlength : \"5\",\n\t\tquality : \"false\",\n\t\t'logo.hide' : \"false\",\n\t\timage : \"http%3A%2F%2Fwww.agriatv.hu%2Fwp-content%2Fuploads%2F2011%2F04%2F0411ekf.jpg\",\n\t\ttitle : \"0411ekf.flv\",\n\t\tlinktarget : \"_self\"},\n\tattr : {\n\t\tid : \"WT1\",\n\t\tname : \"WT1\"},\n\tstart : function() {\n\t\tswfobject.embedSWF(\"https:\/\/www.agriatv.hu\/\/player.swf\", \"WT1_1\", \"320\", \"240\", \"9.0.0\", false, this.flashvars, this.params , this.attr );\n\t}\n}\nWT1_1.start();\n\t<\/script>\n\n<p>Dr. Sallai \u00c9va egyetemi docens, a videoport\u00e1l szerkeszt\u0151je elmondta, hogy a k\u00fcl\u00f6nb\u00f6z\u0151 szekci\u00f3kban is alkalmazhat\u00f3 vide\u00f3 anyagok nagyban el\u0151seg\u00edtik a pedag\u00f3gusok innov\u00e1ci\u00f3j\u00e1t. Az eg\u00e9sz napos program keret\u00e9ben k\u00f6zel 80 \u00e9rdekl\u0151d\u0151 kaphatott inform\u00e1ci\u00f3t \u00e9s betekint\u00e9st a projektr\u0151l, annak c\u00e9lj\u00e1r\u00f3l \u00e9s feladatair\u00f3l. Az \u00f6tletgazd\u00e1k nem csak tapasztalataikr\u00f3l sz\u00e1moltak be, egy\u00fcttm\u0171k\u00f6d\u00e9si lehet\u0151s\u00e9geket is kerestek a r\u00e9sztvev\u0151kkel.<\/p>\n","protected":false},"excerpt":{"rendered":"<p>T\u00e1rsint\u00e9zm\u00e9nyek megh\u00edv\u00e1s\u00e1val tartotta az EKF a bemutatkoz\u00f3 szakmai konferenci\u00e1j\u00e1t, melynek t\u00e9m\u00e1ja a Mestertan\u00e1r videoport\u00e1l kialak\u00edt\u00e1sa \u00e9s alkalmaz\u00e1sa. A T\u00c1MOP p\u00e1ly\u00e1zaton bel\u00fcl\u00a0 15 fejleszt\u00e9st hajtottak v\u00e9gre, melyek k\u00fcl\u00f6n-k\u00fcl\u00f6n is meg\u00e1llj\u00e1k hely\u00fcket de, mindegyik alapja egy region\u00e1lis pedag\u00f3giai kutat\u00f3- \u00e9s szolg\u00e1ltat\u00f3 k\u00f6zpont kialak\u00edt\u00e1sa valamint a pedag\u00f3gusk\u00e9pz\u0151 int\u00e9zm\u00e9nyek egy\u00fcttm\u0171k\u00f6d\u00e9se. \u00a0Dr. Hauser Zolt\u00e1n rektor, k\u00f6sz\u00f6nt\u0151 szavaiban fontosnak tartotta megeml\u00edteni, [&#8230;]<\/p>\n","protected":false},"author":4,"featured_media":0,"comment_status":"open","ping_status":"closed","sticky":false,"template":"","format":"standard","meta":{"footnotes":""},"categories":[9],"tags":[],"class_list":["post-3950","post","type-post","status-publish","format-standard","hentry","category-oktatas"],"_links":{"self":[{"href":"https:\/\/www.agriatv.hu\/index.php?rest_route=\/wp\/v2\/posts\/3950","targetHints":{"allow":["GET"]}}],"collection":[{"href":"https:\/\/www.agriatv.hu\/index.php?rest_route=\/wp\/v2\/posts"}],"about":[{"href":"https:\/\/www.agriatv.hu\/index.php?rest_route=\/wp\/v2\/types\/post"}],"author":[{"embeddable":true,"href":"https:\/\/www.agriatv.hu\/index.php?rest_route=\/wp\/v2\/users\/4"}],"replies":[{"embeddable":true,"href":"https:\/\/www.agriatv.hu\/index.php?rest_route=%2Fwp%2Fv2%2Fcomments&post=3950"}],"version-history":[{"count":3,"href":"https:\/\/www.agriatv.hu\/index.php?rest_route=\/wp\/v2\/posts\/3950\/revisions"}],"predecessor-version":[{"id":3956,"href":"https:\/\/www.agriatv.hu\/index.php?rest_route=\/wp\/v2\/posts\/3950\/revisions\/3956"}],"wp:attachment":[{"href":"https:\/\/www.agriatv.hu\/index.php?rest_route=%2Fwp%2Fv2%2Fmedia&parent=3950"}],"wp:term":[{"taxonomy":"category","embeddable":true,"href":"https:\/\/www.agriatv.hu\/index.php?rest_route=%2Fwp%2Fv2%2Fcategories&post=3950"},{"taxonomy":"post_tag","embeddable":true,"href":"https:\/\/www.agriatv.hu\/index.php?rest_route=%2Fwp%2Fv2%2Ftags&post=3950"}],"curies":[{"name":"wp","href":"https:\/\/api.w.org\/{rel}","templated":true}]}}