{"id":3963,"date":"2011-04-12T14:27:47","date_gmt":"2011-04-12T14:27:47","guid":{"rendered":"http:\/\/www.agriatv.hu\/?p=3963"},"modified":"2011-04-12T14:27:47","modified_gmt":"2011-04-12T14:27:47","slug":"tovabb-gurul-az-echos-szeker-uj-evad-uj-szineszek","status":"publish","type":"post","link":"https:\/\/www.agriatv.hu\/?p=3963","title":{"rendered":"Tov\u00e1bb gurul az Ech\u00f3s szek\u00e9r &#8211; \u00faj \u00e9vad, \u00faj sz\u00edn\u00e9szek"},"content":{"rendered":"<p><a href=\"https:\/\/www.agriatv.hu\/wp-content\/uploads\/2011\/04\/0412ggsz_V1.jpg\"><img loading=\"lazy\" decoding=\"async\" class=\"alignleft size-medium wp-image-3968\" title=\"0412ggsz_V\" src=\"https:\/\/www.agriatv.hu\/wp-content\/uploads\/2011\/04\/0412ggsz_V1-300x240.jpg\" alt=\"\" width=\"139\" height=\"111\" srcset=\"https:\/\/www.agriatv.hu\/wp-content\/uploads\/2011\/04\/0412ggsz_V1-300x240.jpg 300w, https:\/\/www.agriatv.hu\/wp-content\/uploads\/2011\/04\/0412ggsz_V1.jpg 720w\" sizes=\"auto, (max-width: 139px) 100vw, 139px\" \/><\/a>A j\u00f6v\u0151 \u00e9vad el\u0151zetesek\u00e9nt tartottak sajt\u00f3t\u00e1j\u00e9koztat\u00f3t a G\u00e1rdonyi G\u00e9za Sz\u00ednh\u00e1zban.<\/p>\n<p>A b\u00e9rletek \u00e1r\u00e1nak befagyaszt\u00e1s\u00e1val, valamint \u00faj n\u00e9z\u0151i koroszt\u00e1lyok bevon\u00e1s\u00e1val szeretn\u00e9 n\u00f6velni a sz\u00ednh\u00e1z n\u00e9pszer\u0171s\u00e9g\u00e9t Blask\u00f3 Bal\u00e1zs sz\u00ednh\u00e1zigazgat\u00f3. Dr\u00e1mapedag\u00f3gusok seg\u00edts\u00e9g\u00e9vel azt a koroszt\u00e1ly is megkereshetik, aki m\u00e9g most n\u0151nek bele a sz\u00ednh\u00e1zi kult\u00fara \u00e9rt\u00e9keibe. Teljesen \u00faj, de a m\u00faltb\u00f3l a magyars\u00e1g k\u00f6z\u00e9pkori politik\u00e1j\u00e1b\u00f3l t\u00e1pl\u00e1lkoz\u00f3 m\u0171sorrendet \u00e9s t\u00e1rsulatot hoz l\u00e9tre. V\u00e1logat\u00e1sok sor\u00e1n 11 f\u0151t kell majd az igen j\u00f3l k\u00e9pzett diplom\u00e1s emberanyagb\u00f3l kiv\u00e1lasztaniuk, hogy a j\u00f6v\u0151 \u00e9vadt\u00f3l teljes er\u0151vel indulhasson a munka, ezek k\u00f6z\u00f6tt nagyon tehets\u00e9ges hat\u00e1ron t\u00fali sz\u00edn\u00e9szek is lehetnek.<\/p>\n<p>A t\u00e1voz\u00f3k v\u00e1kuumot teremtettek maguk m\u00f6g\u00f6tt, ennek hat\u00e1s\u00e1ra a mi szellemis\u00e9g\u00fcnkbe nevelhet\u0151 fiatalokat kell a sz\u00ednh\u00e1zba szerz\u0151dtetni, akik a k\u00e9s\u0151bbi H\u00fcse Csab\u00e1k lehetnek- mondta Blask\u00f3 Bal\u00e1zs<\/p>\n<div class=\"wordtube\">\n<div class=\"wordtube single260\" id=\"WT1_1\" style=\"width:320px; height:240px;\">\n<a href=\"http:\/\/www.macromedia.com\/go\/getflashplayer\">Get the Flash Player<\/a> to see the wordTube Media Player.\n<\/div><\/div>\n\t<script type=\"text\/javascript\" defer=\"defer\">\nvar WT1_1 = {\n\tparams : {\n\t\twmode : \"opaque\",\n\t\tallowscriptaccess : \"always\",\n\t\tallownetworking : \"all\",\n\t\tallowfullscreen : \"true\"},\n\tflashvars : {\n\t\tfile : \"http%3A%2F%2Fwww.agriatv.hu%2Fwp-content%2Fuploads%2F2011%2F04%2F0412ggsz.flv\",\n\t\tvolume : \"80\",\n\t\tbufferlength : \"5\",\n\t\tquality : \"false\",\n\t\t'logo.hide' : \"false\",\n\t\timage : \"http%3A%2F%2Fwww.agriatv.hu%2Fwp-content%2Fuploads%2F2011%2F04%2F0412ggsz.jpg\",\n\t\ttitle : \"0412ggsz.flv\",\n\t\tlinktarget : \"_self\"},\n\tattr : {\n\t\tid : \"WT1\",\n\t\tname : \"WT1\"},\n\tstart : function() {\n\t\tswfobject.embedSWF(\"https:\/\/www.agriatv.hu\/\/player.swf\", \"WT1_1\", \"320\", \"240\", \"9.0.0\", false, this.flashvars, this.params , this.attr );\n\t}\n}\nWT1_1.start();\n\t<\/script>\n\n<p>Topol\u00e1nszky Tam\u00e1s seg\u00edts\u00e9g\u00e9vel \u00fajj\u00e1 szervezik a t\u00e1nckart, a m\u00e1sf\u00e9l h\u00f3napos k\u00f6z\u00f6s munka sor\u00e1n k\u00f6rvonalaz\u00f3dott, hogy a t\u00e1ncos v\u00e9gz\u0151s- t\u00e1ncoszt\u00e1ly\u00e1b\u00f3l is szerz\u0151dtethetnek n\u00e9h\u00e1ny tehets\u00e9ges fiatalt. A rendez\u0151k k\u00f6z\u00f6tt nem kisebb nevek, mint Makk K\u00e1roly, Pincz\u00e9s Istv\u00e1n, Csisz\u00e1r Imre, D\u00e9r Andr\u00e1s szerepelnek.<\/p>\n<p>A Nagysz\u00ednpad mellett, a St\u00fadi\u00f3sz\u00ednpadot is m\u00e9lt\u00f3 sz\u00ednvonalra szeretn\u00e9k fejleszteni, ahol kort\u00e1rs \u00edr\u00f3k m\u0171vei k\u00f6z\u00f6tt helyi \u00edr\u00f3 m\u0171ve is szerepel majd. A Szederinda n\u00e9pt\u00e1nc egy\u00fcttes \u00e9s Richter cirkusz bevon\u00e1s\u00e1val, \u00faj \u00e9s izgalmas daradokkal szeretn\u00e9k gazdag\u00edtani a n\u00e9z\u0151k \u00e9lm\u00e9nyeit.<\/p>\n<p>A t\u00e1rsulat n\u00e9h\u00e1ny tagja, p\u00e1ly\u00e1zat keret\u00e9ben hamarosan egy 10 napos szakmai utaz\u00e1son vesz r\u00e9szt, ahol a k\u00f6rnyez\u0151 orsz\u00e1gokban tev\u00e9kenyked\u0151 sz\u00ednh\u00e1zakat felkeresve szakmai tapasztalatokra tehetnek szert, valamint a fel\u00faj\u00edthatj\u00e1k meglazult szakmai kapcsolatukat.<\/p>\n","protected":false},"excerpt":{"rendered":"<p>A j\u00f6v\u0151 \u00e9vad el\u0151zetesek\u00e9nt tartottak sajt\u00f3t\u00e1j\u00e9koztat\u00f3t a G\u00e1rdonyi G\u00e9za Sz\u00ednh\u00e1zban.<br \/>\nA b\u00e9rletek \u00e1r\u00e1nak befagyaszt\u00e1s\u00e1val, valamint \u00faj n\u00e9z\u0151i koroszt\u00e1lyok bevon\u00e1s\u00e1val szeretn\u00e9 n\u00f6velni a sz\u00ednh\u00e1z n\u00e9pszer\u0171s\u00e9g\u00e9t Blask\u00f3 Bal\u00e1zs sz\u00ednh\u00e1zigazgat\u00f3. Dr\u00e1mapedag\u00f3gusok seg\u00edts\u00e9g\u00e9vel azt a koroszt\u00e1ly is megkereshetik, aki m\u00e9g most n\u0151nek bele a sz\u00ednh\u00e1zi kult\u00fara \u00e9rt\u00e9keibe. Teljesen \u00faj, de a m\u00faltb\u00f3l a magyars\u00e1g k\u00f6z\u00e9pkori politik\u00e1j\u00e1b\u00f3l t\u00e1pl\u00e1lkoz\u00f3 m\u0171sorrendet \u00e9s t\u00e1rsulatot [&#8230;]<\/p>\n","protected":false},"author":4,"featured_media":0,"comment_status":"open","ping_status":"closed","sticky":false,"template":"","format":"standard","meta":{"footnotes":""},"categories":[8,4],"tags":[],"class_list":["post-3963","post","type-post","status-publish","format-standard","hentry","category-kultura","category-szabadido"],"_links":{"self":[{"href":"https:\/\/www.agriatv.hu\/index.php?rest_route=\/wp\/v2\/posts\/3963","targetHints":{"allow":["GET"]}}],"collection":[{"href":"https:\/\/www.agriatv.hu\/index.php?rest_route=\/wp\/v2\/posts"}],"about":[{"href":"https:\/\/www.agriatv.hu\/index.php?rest_route=\/wp\/v2\/types\/post"}],"author":[{"embeddable":true,"href":"https:\/\/www.agriatv.hu\/index.php?rest_route=\/wp\/v2\/users\/4"}],"replies":[{"embeddable":true,"href":"https:\/\/www.agriatv.hu\/index.php?rest_route=%2Fwp%2Fv2%2Fcomments&post=3963"}],"version-history":[{"count":5,"href":"https:\/\/www.agriatv.hu\/index.php?rest_route=\/wp\/v2\/posts\/3963\/revisions"}],"predecessor-version":[{"id":3970,"href":"https:\/\/www.agriatv.hu\/index.php?rest_route=\/wp\/v2\/posts\/3963\/revisions\/3970"}],"wp:attachment":[{"href":"https:\/\/www.agriatv.hu\/index.php?rest_route=%2Fwp%2Fv2%2Fmedia&parent=3963"}],"wp:term":[{"taxonomy":"category","embeddable":true,"href":"https:\/\/www.agriatv.hu\/index.php?rest_route=%2Fwp%2Fv2%2Fcategories&post=3963"},{"taxonomy":"post_tag","embeddable":true,"href":"https:\/\/www.agriatv.hu\/index.php?rest_route=%2Fwp%2Fv2%2Ftags&post=3963"}],"curies":[{"name":"wp","href":"https:\/\/api.w.org\/{rel}","templated":true}]}}