{"id":3971,"date":"2011-04-12T15:47:09","date_gmt":"2011-04-12T15:47:09","guid":{"rendered":"http:\/\/www.agriatv.hu\/?p=3971"},"modified":"2011-04-12T15:48:06","modified_gmt":"2011-04-12T15:48:06","slug":"ismet-rangos-esemeny-az-ekf-en","status":"publish","type":"post","link":"https:\/\/www.agriatv.hu\/?p=3971","title":{"rendered":"Ism\u00e9t rangos esem\u00e9ny az EKF-en"},"content":{"rendered":"<p><a href=\"https:\/\/www.agriatv.hu\/wp-content\/uploads\/2011\/04\/0412ekf_V.jpg\"><img loading=\"lazy\" decoding=\"async\" class=\"alignleft size-medium wp-image-3973\" title=\"0412ekf_V\" src=\"https:\/\/www.agriatv.hu\/wp-content\/uploads\/2011\/04\/0412ekf_V-300x240.jpg\" alt=\"\" width=\"124\" height=\"100\" srcset=\"https:\/\/www.agriatv.hu\/wp-content\/uploads\/2011\/04\/0412ekf_V-300x240.jpg 300w, https:\/\/www.agriatv.hu\/wp-content\/uploads\/2011\/04\/0412ekf_V.jpg 720w\" sizes=\"auto, (max-width: 124px) 100vw, 124px\" \/><\/a>Az EKF \u00e1prilis havi sajt\u00f3t\u00e1j\u00e9koztat\u00f3j\u00e1n, 5 nagyszab\u00e1s\u00fa projektbe \u00e9s esem\u00e9nybe tekinthett\u00fcnk be.<\/p>\n<p>&#8211;\u00a0\u00a0\u00a0\u00a0\u00a0\u00a0\u00a0\u00a0 Ism\u00e9t rangos esem\u00e9nynek ad otthont Eger. Imm\u00e1ron harmincadik alkalommal, v\u00e1rosunkban m\u00e1sodszor, minden eddigin\u00e9l t\u00f6bb r\u00e9sztvev\u0151vel veszi kezdet\u00e9t a XXX. jubileumi Orsz\u00e1gos Tudom\u00e1nyos Di\u00e1kk\u00f6ri Konferencia. Ez a nagy m\u00faltra visszatekint\u0151 di\u00e1kk\u00f6ri mozgalom, lehet\u0151s\u00e9get teremt a K\u00e1rp\u00e1t-medenc\u00e9ben \u00e9l\u0151 legtehets\u00e9gesebb fels\u0151fok\u00fa int\u00e9zm\u00e9nyekben tanul\u00f3 di\u00e1kok bemutatkoz\u00e1s\u00e1ra. <div class=\"wordtube\">\n<div class=\"wordtube single261\" id=\"WT1_1\" style=\"width:320px; height:240px;\">\n<a href=\"http:\/\/www.macromedia.com\/go\/getflashplayer\">Get the Flash Player<\/a> to see the wordTube Media Player.\n<\/div><\/div>\n\t<script type=\"text\/javascript\" defer=\"defer\">\nvar WT1_1 = {\n\tparams : {\n\t\twmode : \"opaque\",\n\t\tallowscriptaccess : \"always\",\n\t\tallownetworking : \"all\",\n\t\tallowfullscreen : \"true\"},\n\tflashvars : {\n\t\tfile : \"http%3A%2F%2Fwww.agriatv.hu%2Fwp-content%2Fuploads%2F2011%2F04%2F0412ekfa.flv\",\n\t\tvolume : \"80\",\n\t\tbufferlength : \"5\",\n\t\tquality : \"false\",\n\t\t'logo.hide' : \"false\",\n\t\timage : \"http%3A%2F%2Fwww.agriatv.hu%2Fwp-content%2Fuploads%2F2011%2F04%2F0412ekfa.jpg\",\n\t\ttitle : \"0412ekfa.flv\",\n\t\tlinktarget : \"_self\"},\n\tattr : {\n\t\tid : \"WT1\",\n\t\tname : \"WT1\"},\n\tstart : function() {\n\t\tswfobject.embedSWF(\"https:\/\/www.agriatv.hu\/\/player.swf\", \"WT1_1\", \"320\", \"240\", \"9.0.0\", false, this.flashvars, this.params , this.attr );\n\t}\n}\nWT1_1.start();\n\t<\/script>\nAz EKF di\u00e1kjai 24 dolgozatot prezent\u00e1ltak, ami a Miskolci Egyetem di\u00e1kjai \u00e1ltal beny\u00fajtott dolgozatok sz\u00e1m\u00e1nak felel meg. A tagozat els\u0151 helyezettjei p\u00e1ly\u00e1zhatnak a Pro Scientia\u00a0 Arany\u00e9remre.<\/p>\n<p>&#8211;\u00a0\u00a0\u00a0\u00a0\u00a0\u00a0\u00a0\u00a0\u00a0 Ism\u00e9telt t\u00e1j\u00e9koztat\u00e1st kaphattunk a fel\u00faj\u00edt\u00e1si munk\u00e1latok folyamat\u00e1r\u00f3l, a Le\u00e1nyka \u00fati Kampusz fejleszt\u00e9s\u00e9r\u0151l az alapk\u0151let\u00e9telek v\u00e1rhat\u00f3 id\u0151pontj\u00e1r\u00f3l.<div class=\"wordtube\">\n<div class=\"wordtube single262\" id=\"WT2_2\" style=\"width:320px; height:240px;\">\n<a href=\"http:\/\/www.macromedia.com\/go\/getflashplayer\">Get the Flash Player<\/a> to see the wordTube Media Player.\n<\/div><\/div>\n\t<script type=\"text\/javascript\" defer=\"defer\">\nvar WT2_2 = {\n\tparams : {\n\t\twmode : \"opaque\",\n\t\tallowscriptaccess : \"always\",\n\t\tallownetworking : \"all\",\n\t\tallowfullscreen : \"true\"},\n\tflashvars : {\n\t\tfile : \"http%3A%2F%2Fwww.agriatv.hu%2Fwp-content%2Fuploads%2F2011%2F04%2F0412ekfb.flv\",\n\t\tvolume : \"80\",\n\t\tbufferlength : \"5\",\n\t\tquality : \"false\",\n\t\t'logo.hide' : \"false\",\n\t\timage : \"http%3A%2F%2Fwww.agriatv.hu%2Fwp-content%2Fuploads%2F2011%2F04%2F0412ekfb.jpg\",\n\t\ttitle : \"0412ekfb.flv\",\n\t\tlinktarget : \"_self\"},\n\tattr : {\n\t\tid : \"WT2\",\n\t\tname : \"WT2\"},\n\tstart : function() {\n\t\tswfobject.embedSWF(\"https:\/\/www.agriatv.hu\/\/player.swf\", \"WT2_2\", \"320\", \"240\", \"9.0.0\", false, this.flashvars, this.params , this.attr );\n\t}\n}\nWT2_2.start();\n\t<\/script>\n<\/p>\n<p>&#8211;\u00a0\u00a0\u00a0\u00a0\u00a0\u00a0\u00a0\u00a0\u00a0 T\u00c1MOP p\u00e1ly\u00e1zaton bel\u00fcl komplex szolg\u00e1ltat\u00e1sfejleszt\u00e9st hajtottak v\u00e9gre a min\u0151s\u00e9gi gyakorlati k\u00e9pz\u00e9s \u00e9rdek\u00e9ben. C\u00e9ljaik el\u00e9r\u00e9se \u00e9rdek\u00e9ben kialak\u00edtott\u00e1k a Hallgat\u00f3i Centrumot ami m\u00e1r 9 f\u0151vel \u00e1ll folyamatosan di\u00e1kjaik rendelkez\u00e9s\u00e9re. A gyakorl\u00f3 helyek fejleszt\u00e9s\u00e9vel \u00e9s \u00faj eszk\u00f6z\u00f6k beszerz\u00e9s\u00e9vel, el\u0151seg\u00edtett\u00e9k a nemzetk\u00f6zi versenyk\u00e9pess\u00e9get, mint az oktat\u00e1s, mint a munkaer\u0151piac szempontj\u00e1b\u00f3l.<\/p>\n<p>&#8211;\u00a0\u00a0\u00a0\u00a0\u00a0\u00a0\u00a0\u00a0\u00a0 A Mestertan\u00e1r Videoport\u00e1l l\u00e9trehoz\u00e1s\u00e1val hat\u00e9konyabb\u00e1 tudj\u00e1k tenni a pedag\u00f3gusok mindennapi munk\u00e1j\u00e1t, a t\u00f6bb mint 100 film seg\u00edts\u00e9g\u00e9vel folyamatos innov\u00e1ci\u00f3ban r\u00e9szes\u00fclnek az alkalmaz\u00f3 tan\u00e1rok.<\/p>\n<p>&#8211;\u00a0\u00a0\u00a0\u00a0\u00a0\u00a0\u00a0\u00a0\u00a0 A feln\u0151ttk\u00e9pz\u00e9s m\u00e1s n\u00e9ven andrag\u00f3gia, fontos szerepet t\u00f6lt be a mai t\u00e1rsadalomban. Az \u00e1prilis 27-28. k\u00f6z\u00f6tt tartand\u00f3 konferenci\u00e1n sz\u00f3\u00a0 lesz a feln\u0151tt k\u00e9pz\u00e9s \u00e1talakul\u00e1s\u00e1r\u00f3l, a vizsgarendszer meg\u00faj\u00edt\u00e1s\u00e1r\u00f3l,valamint a feln\u0151ttk\u00e9pz\u00e9s szab\u00e1lyoz\u00e1si k\u00f6rnyezet\u00e9r\u0151l, sz\u00edntereir\u0151l valamint a munkaer\u0151-piaci hat\u00e1sair\u00f3l.<\/p>\n","protected":false},"excerpt":{"rendered":"<p>Az EKF \u00e1prilis havi sajt\u00f3t\u00e1j\u00e9koztat\u00f3j\u00e1n, 5 nagyszab\u00e1s\u00fa projektbe \u00e9s esem\u00e9nybe tekinthett\u00fcnk be.<br \/>\n&#8211;\u00a0\u00a0\u00a0\u00a0\u00a0\u00a0\u00a0\u00a0 Ism\u00e9t rangos esem\u00e9nynek ad otthont Eger. Imm\u00e1ron harmincadik alkalommal, v\u00e1rosunkban m\u00e1sodszor, minden eddigin\u00e9l t\u00f6bb r\u00e9sztvev\u0151vel veszi kezdet\u00e9t a XXX. jubileumi Orsz\u00e1gos Tudom\u00e1nyos Di\u00e1kk\u00f6ri Konferencia. Ez a nagy m\u00faltra visszatekint\u0151 di\u00e1kk\u00f6ri mozgalom, lehet\u0151s\u00e9get teremt a K\u00e1rp\u00e1t-medenc\u00e9ben \u00e9l\u0151 legtehets\u00e9gesebb fels\u0151fok\u00fa int\u00e9zm\u00e9nyekben tanul\u00f3 di\u00e1kok bemutatkoz\u00e1s\u00e1ra. Az [&#8230;]<\/p>\n","protected":false},"author":4,"featured_media":0,"comment_status":"open","ping_status":"closed","sticky":false,"template":"","format":"standard","meta":{"footnotes":""},"categories":[9],"tags":[],"class_list":["post-3971","post","type-post","status-publish","format-standard","hentry","category-oktatas"],"_links":{"self":[{"href":"https:\/\/www.agriatv.hu\/index.php?rest_route=\/wp\/v2\/posts\/3971","targetHints":{"allow":["GET"]}}],"collection":[{"href":"https:\/\/www.agriatv.hu\/index.php?rest_route=\/wp\/v2\/posts"}],"about":[{"href":"https:\/\/www.agriatv.hu\/index.php?rest_route=\/wp\/v2\/types\/post"}],"author":[{"embeddable":true,"href":"https:\/\/www.agriatv.hu\/index.php?rest_route=\/wp\/v2\/users\/4"}],"replies":[{"embeddable":true,"href":"https:\/\/www.agriatv.hu\/index.php?rest_route=%2Fwp%2Fv2%2Fcomments&post=3971"}],"version-history":[{"count":7,"href":"https:\/\/www.agriatv.hu\/index.php?rest_route=\/wp\/v2\/posts\/3971\/revisions"}],"predecessor-version":[{"id":3979,"href":"https:\/\/www.agriatv.hu\/index.php?rest_route=\/wp\/v2\/posts\/3971\/revisions\/3979"}],"wp:attachment":[{"href":"https:\/\/www.agriatv.hu\/index.php?rest_route=%2Fwp%2Fv2%2Fmedia&parent=3971"}],"wp:term":[{"taxonomy":"category","embeddable":true,"href":"https:\/\/www.agriatv.hu\/index.php?rest_route=%2Fwp%2Fv2%2Fcategories&post=3971"},{"taxonomy":"post_tag","embeddable":true,"href":"https:\/\/www.agriatv.hu\/index.php?rest_route=%2Fwp%2Fv2%2Ftags&post=3971"}],"curies":[{"name":"wp","href":"https:\/\/api.w.org\/{rel}","templated":true}]}}