{"id":3980,"date":"2011-04-13T16:35:32","date_gmt":"2011-04-13T16:35:32","guid":{"rendered":"http:\/\/www.agriatv.hu\/?p=3980"},"modified":"2011-04-13T16:38:21","modified_gmt":"2011-04-13T16:38:21","slug":"osszeult-az-eseti-bizottsag","status":"publish","type":"post","link":"https:\/\/www.agriatv.hu\/?p=3980","title":{"rendered":"\u00d6ssze\u00fclt az eseti bizotts\u00e1g"},"content":{"rendered":"<p><a href=\"https:\/\/www.agriatv.hu\/wp-content\/uploads\/2011\/04\/0413eseti_V.jpg\"><img loading=\"lazy\" decoding=\"async\" class=\"alignleft size-medium wp-image-3981\" title=\"0413eseti_V\" src=\"https:\/\/www.agriatv.hu\/wp-content\/uploads\/2011\/04\/0413eseti_V-300x225.jpg\" alt=\"\" width=\"144\" height=\"108\" srcset=\"https:\/\/www.agriatv.hu\/wp-content\/uploads\/2011\/04\/0413eseti_V-300x225.jpg 300w, https:\/\/www.agriatv.hu\/wp-content\/uploads\/2011\/04\/0413eseti_V-1024x768.jpg 1024w, https:\/\/www.agriatv.hu\/wp-content\/uploads\/2011\/04\/0413eseti_V.jpg 1440w\" sizes=\"auto, (max-width: 144px) 100vw, 144px\" \/><\/a>Szerda d\u00e9lel\u0151tt kihelyezett \u00fcl\u00e9st tartott a Heves Megyei K\u00f6zgy\u0171l\u00e9s azon eseti bizotts\u00e1ga, amely az elm\u00falt ciklus tiszt\u00e1zatlan \u00fcgyeit hivatott vizsg\u00e1lni.<\/p>\n<p>A mai napon a az egri, Baktai \u00faton l\u00e9v\u0151 m\u00fazeumi rakt\u00e1rb\u00e1zisnak \u00e1talak\u00edtott volt pszichi\u00e1triai oszt\u00e1ly ker\u00fclt sorra. A megye a fel\u00faj\u00edt\u00e1sok elkezd\u00e9s el\u0151tt ezt az \u00e9p\u00fcletet tal\u00e1lta arra alkalmasnak, a v\u00e1rban \u00e9s a megye ter\u00fclet\u00e9n fellelhet\u0151 m\u00fazeumi leletek szakszer\u0171 t\u00e1rol\u00e1s\u00e1ra \u00e9s azok restaur\u00e1l\u00e1s\u00e1hoz sz\u00fcks\u00e9ges munkater\u00fcletek kialak\u00edt\u00e1s\u00e1ra. Az \u00e9p\u00fcletben m\u00e1r jelen pillanatban is t\u00e1rolnak r\u00e9g\u00e9szeti leleteket, amelyeket egy \u00d6nkorm\u00e1nyzat \u00e1ltal biztos\u00edtott helys\u00e9gb\u0151l hoztak \u00e1t. A rakt\u00e1rb\u00e1zis c\u00e9lja, hogy a v\u00e1rosban k\u00fcl\u00f6nb\u00f6z\u0151 \u00e9p\u00fcletekben tal\u00e1lhat\u00f3 egys\u00e9geket k\u00f6zpontos\u00edts\u00e1k \u00e9s kisebb beker\u00fcl\u00e9si k\u00f6lts\u00e9ggel t\u00e1rolhass\u00e1k .<\/p>\n<p>A kivizsg\u00e1l\u00e1s oka, hogy az \u00e9p\u00fclet f\u00e9l \u00e9ve kihaszn\u00e1latlan, \u00e9s a majd 400 milli\u00f3s fel\u00faj\u00edt\u00e1s ellen\u00e9re m\u0171szaki hib\u00e1kra utal\u00f3 jelekr\u0151l kaptak besz\u00e1mol\u00f3kat.<\/p>\n<div class=\"wordtube\">\n<div class=\"wordtube single263\" id=\"WT1_1\" style=\"width:320px; height:240px;\">\n<a href=\"http:\/\/www.macromedia.com\/go\/getflashplayer\">Get the Flash Player<\/a> to see the wordTube Media Player.\n<\/div><\/div>\n\t<script type=\"text\/javascript\" defer=\"defer\">\nvar WT1_1 = {\n\tparams : {\n\t\twmode : \"opaque\",\n\t\tallowscriptaccess : \"always\",\n\t\tallownetworking : \"all\",\n\t\tallowfullscreen : \"true\"},\n\tflashvars : {\n\t\tfile : \"http%3A%2F%2Fwww.agriatv.hu%2Fwp-content%2Fuploads%2F2011%2F04%2F0413eseti.flv\",\n\t\tvolume : \"80\",\n\t\tbufferlength : \"5\",\n\t\tquality : \"false\",\n\t\t'logo.hide' : \"false\",\n\t\timage : \"http%3A%2F%2Fwww.agriatv.hu%2Fwp-content%2Fuploads%2F2011%2F04%2F0413estei.jpg\",\n\t\ttitle : \"0413eseti.flv\",\n\t\tlinktarget : \"_self\"},\n\tattr : {\n\t\tid : \"WT1\",\n\t\tname : \"WT1\"},\n\tstart : function() {\n\t\tswfobject.embedSWF(\"https:\/\/www.agriatv.hu\/\/player.swf\", \"WT1_1\", \"320\", \"240\", \"9.0.0\", false, this.flashvars, this.params , this.attr );\n\t}\n}\nWT1_1.start();\n\t<\/script>\n\n<p>A helysz\u00edni bej\u00e1r\u00e1s sor\u00e1n pen\u00e9szed\u00e9sre \u00e9s be\u00e1z\u00e1sra utal\u00f3 nyomokat nem tal\u00e1ltak, de Cs\u0151g\u00e9r B\u00e1lint, a vizsg\u00e1l\u00f3 bizotts\u00e1g tagja szerint jav\u00edt\u00e1sokat \u00e9s friss fest\u00e9st tal\u00e1ltak az \u00e9p\u00fclet helys\u00e9geiben. A bizotts\u00e1g meghallgatta dr. Veres G\u00e1bort, a Heves Megyei M\u00fazeumi Szervezet igazgat\u00f3j\u00e1t \u00e9s Kun Zolt\u00e1nt, a ter\u00fcletfejleszt\u00e9si iroda kor\u00e1bbi vezet\u0151j\u00e9t. A bizotts\u00e1g d\u00f6nt\u00f6tt arr\u00f3l, hogy a m\u00fazeumi szervezett\u0151l bek\u00e9ri a 2010. okt\u00f3ber 4. \u00e9s 2011. \u00e1prilis 13. k\u00f6z\u00f6tt elv\u00e9gzett garanci\u00e1lis jav\u00edt\u00e1sok dokument\u00e1ci\u00f3j\u00e1t, a m\u0171szaki ellen\u0151rt\u0151l pedig a hibalist\u00e1kat.<\/p>\n<p>&nbsp;<\/p>\n","protected":false},"excerpt":{"rendered":"<p>Szerda d\u00e9lel\u0151tt kihelyezett \u00fcl\u00e9st tartott a Heves Megyei K\u00f6zgy\u0171l\u00e9s azon eseti bizotts\u00e1ga, amely az elm\u00falt ciklus tiszt\u00e1zatlan \u00fcgyeit hivatott vizsg\u00e1lni.<br \/>\nA mai napon a az egri, Baktai \u00faton l\u00e9v\u0151 m\u00fazeumi rakt\u00e1rb\u00e1zisnak \u00e1talak\u00edtott volt pszichi\u00e1triai oszt\u00e1ly ker\u00fclt sorra. A megye a fel\u00faj\u00edt\u00e1sok elkezd\u00e9s el\u0151tt ezt az \u00e9p\u00fcletet tal\u00e1lta arra alkalmasnak, a v\u00e1rban \u00e9s a megye ter\u00fclet\u00e9n fellelhet\u0151 [&#8230;]<\/p>\n","protected":false},"author":4,"featured_media":0,"comment_status":"open","ping_status":"closed","sticky":false,"template":"","format":"standard","meta":{"footnotes":""},"categories":[3],"tags":[],"class_list":["post-3980","post","type-post","status-publish","format-standard","hentry","category-politika"],"_links":{"self":[{"href":"https:\/\/www.agriatv.hu\/index.php?rest_route=\/wp\/v2\/posts\/3980","targetHints":{"allow":["GET"]}}],"collection":[{"href":"https:\/\/www.agriatv.hu\/index.php?rest_route=\/wp\/v2\/posts"}],"about":[{"href":"https:\/\/www.agriatv.hu\/index.php?rest_route=\/wp\/v2\/types\/post"}],"author":[{"embeddable":true,"href":"https:\/\/www.agriatv.hu\/index.php?rest_route=\/wp\/v2\/users\/4"}],"replies":[{"embeddable":true,"href":"https:\/\/www.agriatv.hu\/index.php?rest_route=%2Fwp%2Fv2%2Fcomments&post=3980"}],"version-history":[{"count":4,"href":"https:\/\/www.agriatv.hu\/index.php?rest_route=\/wp\/v2\/posts\/3980\/revisions"}],"predecessor-version":[{"id":3985,"href":"https:\/\/www.agriatv.hu\/index.php?rest_route=\/wp\/v2\/posts\/3980\/revisions\/3985"}],"wp:attachment":[{"href":"https:\/\/www.agriatv.hu\/index.php?rest_route=%2Fwp%2Fv2%2Fmedia&parent=3980"}],"wp:term":[{"taxonomy":"category","embeddable":true,"href":"https:\/\/www.agriatv.hu\/index.php?rest_route=%2Fwp%2Fv2%2Fcategories&post=3980"},{"taxonomy":"post_tag","embeddable":true,"href":"https:\/\/www.agriatv.hu\/index.php?rest_route=%2Fwp%2Fv2%2Ftags&post=3980"}],"curies":[{"name":"wp","href":"https:\/\/api.w.org\/{rel}","templated":true}]}}