{"id":4030,"date":"2011-04-22T12:26:21","date_gmt":"2011-04-22T12:26:21","guid":{"rendered":"http:\/\/www.agriatv.hu\/?p=4030"},"modified":"2011-04-22T12:26:21","modified_gmt":"2011-04-22T12:26:21","slug":"husvet-az-egri-varban","status":"publish","type":"post","link":"https:\/\/www.agriatv.hu\/?p=4030","title":{"rendered":"H\u00fasv\u00e9t az Egri V\u00e1rban!"},"content":{"rendered":"<p>&nbsp;<\/p>\n<p><img loading=\"lazy\" decoding=\"async\" class=\"alignleft\" src=\"http:\/\/www.egriszin.hu\/RenderedContents\/IndexImages\/7\/7619-20110422124515-nyuszik.jpg\" alt=\"\" width=\"150\" height=\"122\" \/><\/p>\n<p><strong>A Dob\u00f3 Istv\u00e1n V\u00e1rm\u00fazeum 2004 \u00f3ta rendezi meg a h\u00fasv\u00e9ti  hagyom\u00e1nyokhoz k\u00f6t\u0151d\u0151 programjait. Az Egri H\u00fasv\u00e9t tartalmas  kikapcsol\u00f3d\u00e1st ny\u00fajt az Egri V\u00e1r t\u00f6rt\u00e9nelmi falai k\u00f6z\u00f6tt.<\/strong><\/p>\n<div>A kicsiknek \u00e9s nagyoknak egyar\u00e1nt sz\u00f3l\u00f3 programok  mellett k\u00e9zm\u0171vesek bemutat\u00f3ja \u00e9s v\u00e1s\u00e1ra, valamint k\u00fcl\u00f6nleges  gasztron\u00f3miai k\u00edn\u00e1lat v\u00e1rja a L\u00e1togat\u00f3kat.<\/p>\n<p>Program: Hol a toj\u00e1s, piros toj\u00e1s?\u201d \u2013 H\u00fasv\u00e9ti programok a Dob\u00f3 Istv\u00e1n V\u00e1rm\u00fazeumban<\/p>\n<p><strong>\u00c1prilis 23. szombat <\/strong><br \/>\n10.00-14.00 Keresd a b\u00e1r\u00e1nyt! A b\u00e1r\u00e1ny, mint h\u00fasv\u00e9ti jelk\u00e9p megjelen\u00e9se a Dob\u00f3 Istv\u00e1n V\u00e1rm\u00fazeum t\u00e1rgyain.<\/p>\n<p><strong>\u00c1prilis 24. h\u00fasv\u00e9tvas\u00e1rnap <\/strong><br \/>\n10.00-16.00  Bornemissza Gergely t\u00f6rt\u00e9nelmi \u00edj\u00e1szverseny az Egri V\u00e1r ter\u00fclet\u00e9n  10.00-14.00 Keresd a b\u00e1r\u00e1nyt! A b\u00e1r\u00e1ny, mint h\u00fasv\u00e9ti jelk\u00e9p megjelen\u00e9se a  Dob\u00f3 Istv\u00e1n V\u00e1rm\u00fazeum t\u00e1rgyain.<br \/>\n10.00-17.00 Szakmai vezet\u00e9s Dittera K\u00e1roly hagyom\u00e1ny\u0151rz\u0151 vezet\u00e9s\u00e9vel az \u201e\u00cdgy \u00e9ltek, \u00edgy \u00e9lj\u00fck\u201d c\u00edm\u0171 id\u0151szaki ki\u00e1ll\u00edt\u00e1sban<br \/>\nHelysz\u00edn: G\u00f3tikus Palota f\u00f6ldszint 11.00 \u201eMuzsik\u00e1l\u00f3 H\u00fasv\u00e9t\u201d- zen\u00e9s bork\u00f3stol\u00f3 a Dob\u00f3-b\u00e1stya terasz\u00e1n<\/p>\n<p><strong>\u00c1prilis 25. h\u00fasv\u00e9th\u00e9tf\u0151 <\/strong><br \/>\n10.00-14.00 K\u00e9zm\u0171ves foglalkoz\u00e1sok: nyuszi fej \u00e9s b\u00e1r\u00e1ny k\u00e9sz\u00edt\u00e9s a G\u00f3tikus Palota el\u0151tt<br \/>\n10.00-14.00 \u201e\u00d6ltsd magadra a k\u00f6z\u00e9pkort!\u201d &#8211; Jelmezek k\u00f6lcs\u00f6nz\u00e9se a G\u00f3tikus Palota el\u0151tt<br \/>\n10.00-14.00 Keresd a b\u00e1r\u00e1nyt! A b\u00e1r\u00e1ny, mint h\u00fasv\u00e9ti jelk\u00e9p megjelen\u00e9se a Dob\u00f3 Istv\u00e1n V\u00e1rm\u00fazeum t\u00e1rgyain.<br \/>\n10.00-14.00 Nyuszisimogat\u00f3 10.30 Kis\u00f6tlet Gyereksz\u00ednpad: H\u00e1blibi, az \u00fcgyetlen T\u00fcnd\u00e9rtanonc 11.00 Locsol\u00f3versmond\u00f3 verseny<br \/>\n11.30 Tabulat\u00fara R\u00e9gizene Egy\u00fcttes koncertje 14.00 Bork\u00f3stol\u00f3 a Tabulat\u00fara R\u00e9gizene Egy\u00fcttessel Helysz\u00edn: Dob\u00f3-b\u00e1stya terasz<br \/>\nA  v\u00e1rudvaron h\u00e1rom napon kereszt\u00fcl k\u00e9zm\u0171ves bemutat\u00f3k \u00e9s gasztron\u00f3miai  k\u00fcl\u00f6nlegess\u00e9gek v\u00e1rj\u00e1k a l\u00e1togat\u00f3kat. Pontos helysz\u00edn: Egri V\u00e1r<\/div>\n","protected":false},"excerpt":{"rendered":"<p>&nbsp;<\/p>\n<p>A Dob\u00f3 Istv\u00e1n V\u00e1rm\u00fazeum 2004 \u00f3ta rendezi meg a h\u00fasv\u00e9ti  hagyom\u00e1nyokhoz k\u00f6t\u0151d\u0151 programjait. Az Egri H\u00fasv\u00e9t tartalmas  kikapcsol\u00f3d\u00e1st ny\u00fajt az Egri V\u00e1r t\u00f6rt\u00e9nelmi falai k\u00f6z\u00f6tt.<br \/>\nA kicsiknek \u00e9s nagyoknak egyar\u00e1nt sz\u00f3l\u00f3 programok  mellett k\u00e9zm\u0171vesek bemutat\u00f3ja \u00e9s v\u00e1s\u00e1ra, valamint k\u00fcl\u00f6nleges  gasztron\u00f3miai k\u00edn\u00e1lat v\u00e1rja a L\u00e1togat\u00f3kat.<br \/>\nProgram: Hol a toj\u00e1s, piros toj\u00e1s?\u201d \u2013 H\u00fasv\u00e9ti programok [&#8230;]<\/p>\n","protected":false},"author":4,"featured_media":0,"comment_status":"open","ping_status":"closed","sticky":false,"template":"","format":"standard","meta":{"footnotes":""},"categories":[4],"tags":[],"class_list":["post-4030","post","type-post","status-publish","format-standard","hentry","category-szabadido"],"_links":{"self":[{"href":"https:\/\/www.agriatv.hu\/index.php?rest_route=\/wp\/v2\/posts\/4030","targetHints":{"allow":["GET"]}}],"collection":[{"href":"https:\/\/www.agriatv.hu\/index.php?rest_route=\/wp\/v2\/posts"}],"about":[{"href":"https:\/\/www.agriatv.hu\/index.php?rest_route=\/wp\/v2\/types\/post"}],"author":[{"embeddable":true,"href":"https:\/\/www.agriatv.hu\/index.php?rest_route=\/wp\/v2\/users\/4"}],"replies":[{"embeddable":true,"href":"https:\/\/www.agriatv.hu\/index.php?rest_route=%2Fwp%2Fv2%2Fcomments&post=4030"}],"version-history":[{"count":2,"href":"https:\/\/www.agriatv.hu\/index.php?rest_route=\/wp\/v2\/posts\/4030\/revisions"}],"predecessor-version":[{"id":4032,"href":"https:\/\/www.agriatv.hu\/index.php?rest_route=\/wp\/v2\/posts\/4030\/revisions\/4032"}],"wp:attachment":[{"href":"https:\/\/www.agriatv.hu\/index.php?rest_route=%2Fwp%2Fv2%2Fmedia&parent=4030"}],"wp:term":[{"taxonomy":"category","embeddable":true,"href":"https:\/\/www.agriatv.hu\/index.php?rest_route=%2Fwp%2Fv2%2Fcategories&post=4030"},{"taxonomy":"post_tag","embeddable":true,"href":"https:\/\/www.agriatv.hu\/index.php?rest_route=%2Fwp%2Fv2%2Ftags&post=4030"}],"curies":[{"name":"wp","href":"https:\/\/api.w.org\/{rel}","templated":true}]}}