{"id":4033,"date":"2011-04-22T18:25:47","date_gmt":"2011-04-22T18:25:47","guid":{"rendered":"http:\/\/www.agriatv.hu\/?p=4033"},"modified":"2011-04-22T18:26:29","modified_gmt":"2011-04-22T18:26:29","slug":"tobb-mint-szakma-ez-hivatas","status":"publish","type":"post","link":"https:\/\/www.agriatv.hu\/?p=4033","title":{"rendered":"T\u00f6bb mint szakma, ez hivat\u00e1s: rendv\u00e9delmi k\u00e9pz\u00e9s Egerben"},"content":{"rendered":"<p><a href=\"https:\/\/www.agriatv.hu\/wp-content\/uploads\/2011\/04\/0422eu-police_V.jpg\"><img loading=\"lazy\" decoding=\"async\" class=\"alignleft size-medium wp-image-4034\" title=\"0422eu-police_V\" src=\"https:\/\/www.agriatv.hu\/wp-content\/uploads\/2011\/04\/0422eu-police_V-300x225.jpg\" alt=\"\" width=\"128\" height=\"75\" \/><\/a><\/p>\n<p>Egy\u00fcttm\u0171k\u00f6d\u00e9si meg\u00e1llapod\u00e1st \u00edrt ma al\u00e1 Habis L\u00e1szl\u00f3 polg\u00e1rmester, Dr. Ormossy \u00a0Attila\u00a0 rend\u0151r f\u0151kapit\u00e1ny a Kossuth Zsuzsa Gimn\u00e1zium \u00e9s Szakk\u00f6z\u00e9p Iskola igazgat\u00f3n\u0151j\u00e9vel, Mat\u00fazn\u00e9\u00a0 Nagy Ildik\u00f3val. Ez \u00e9v szeptember\u00e9t\u0151l b\u0151v\u00fcl Eger oktat\u00e1si k\u00edn\u00e1lata, rendv\u00e9delmi szakk\u00f6z\u00e9piskolai k\u00e9pz\u00e9s indul. Mat\u00fazn\u00e9 Nagy Ildik\u00f3t\u00f3l elmondta: \u00a0\u00f6tsz\u00f6r\u00f6s volt a t\u00faljelentkez\u00e9s, rem\u00e9nyeik szerint siker\u00fclt a k\u00f6zel 160 f\u0151b\u0151l a k\u00e9pz\u00e9sre legalkalmasabbakat kiv\u00e1lasztani. Az \u00e1ltala igazgatott iskola mind ter\u00fcletileg, mind pedig oktat\u00e1silag alkalmas az \u00faj k\u00e9pz\u00e9s bevezet\u00e9s\u00e9re. A oktat\u00e1s sor\u00e1n nagy hangs\u00falyt fektetnek majd az informatikai, nyelvi, kommunik\u00e1ci\u00f3s k\u00e9pz\u00e9sre, valamint a fizikai er\u0151nl\u00e9t alak\u00edt\u00e1s\u00e1ra. Az iskola j\u00f3 alapot teremt majd a rend\u00e9szeti p\u00e1ly\u00e1ra k\u00e9sz\u00fcl\u0151knek, speci\u00e1lis k\u00e9pz\u00e9st ny\u00fajt a rend\u0151r szakk\u00f6z\u00e9piskolai tanulm\u00e1nyokhoz, a rend\u0151rtiszti f\u0151iskol\u00e1hoz \u00e9s a biztons\u00e1gszervez\u0151 tanfolyamhoz.<\/p>\n<p>Habis L\u00e1szl\u00f3 t\u00e1rsadalmi \u00fcgyk\u00e9nt eml\u00edti az \u00faj tov\u00e1bbtanul\u00e1si lehet\u0151s\u00e9geket, ezzel tov\u00e1bb er\u0151s\u00f6dhet Eger iskolav\u00e1ros jellege. Az \u00f6nkorm\u00e1nyzat mint fenntart\u00f3 anyagilag is hozz\u00e1j\u00e1rul az iskola sikeress\u00e9ghez.<\/p>\n<p>T\u00f6bb mint szakma, ez hivat\u00e1s. Nagyon fontos, akik erre a szakm\u00e1ra jelentkeznek, mit v\u00e1llalnak \u00e9s mit v\u00e1r el t\u0151l\u00fck a t\u00e1rsadalom &#8211; mondta a f\u0151kapit\u00e1ny besz\u00e9d\u00e9ben.<\/p>\n<div class=\"wordtube\">\n<div class=\"wordtube single266\" id=\"WT1_1\" style=\"width:320px; height:240px;\">\n<a href=\"http:\/\/www.macromedia.com\/go\/getflashplayer\">Get the Flash Player<\/a> to see the wordTube Media Player.\n<\/div><\/div>\n\t<script type=\"text\/javascript\" defer=\"defer\">\nvar WT1_1 = {\n\tparams : {\n\t\twmode : \"opaque\",\n\t\tallowscriptaccess : \"always\",\n\t\tallownetworking : \"all\",\n\t\tallowfullscreen : \"true\"},\n\tflashvars : {\n\t\tfile : \"http%3A%2F%2Fwww.agriatv.hu%2Fwp-content%2Fuploads%2F2011%2F04%2F0422eu-police.flv\",\n\t\tvolume : \"80\",\n\t\tbufferlength : \"5\",\n\t\tquality : \"false\",\n\t\t'logo.hide' : \"false\",\n\t\timage : \"http%3A%2F%2Fwww.agriatv.hu%2Fwp-content%2Fuploads%2F2011%2F04%2F0422eu-police.jpg\",\n\t\ttitle : \"0422eu-police.flv\",\n\t\tlinktarget : \"_self\"},\n\tattr : {\n\t\tid : \"WT1\",\n\t\tname : \"WT1\"},\n\tstart : function() {\n\t\tswfobject.embedSWF(\"https:\/\/www.agriatv.hu\/\/player.swf\", \"WT1_1\", \"320\", \"240\", \"9.0.0\", false, this.flashvars, this.params , this.attr );\n\t}\n}\nWT1_1.start();\n\t<\/script>\n\n","protected":false},"excerpt":{"rendered":"<p>Egy\u00fcttm\u0171k\u00f6d\u00e9si meg\u00e1llapod\u00e1st \u00edrt ma al\u00e1 Habis L\u00e1szl\u00f3 polg\u00e1rmester, Dr. Ormossy \u00a0Attila\u00a0 rend\u0151r f\u0151kapit\u00e1ny a Kossuth Zsuzsa Gimn\u00e1zium \u00e9s Szakk\u00f6z\u00e9p Iskola igazgat\u00f3n\u0151j\u00e9vel, Mat\u00fazn\u00e9\u00a0 Nagy Ildik\u00f3val. Ez \u00e9v szeptember\u00e9t\u0151l b\u0151v\u00fcl Eger oktat\u00e1si k\u00edn\u00e1lata, rendv\u00e9delmi szakk\u00f6z\u00e9piskolai k\u00e9pz\u00e9s indul. Mat\u00fazn\u00e9 Nagy Ildik\u00f3t\u00f3l elmondta: \u00a0\u00f6tsz\u00f6r\u00f6s volt a t\u00faljelentkez\u00e9s, rem\u00e9nyeik szerint siker\u00fclt a k\u00f6zel 160 f\u0151b\u0151l a k\u00e9pz\u00e9sre legalkalmasabbakat kiv\u00e1lasztani. Az [&#8230;]<\/p>\n","protected":false},"author":4,"featured_media":0,"comment_status":"open","ping_status":"closed","sticky":false,"template":"","format":"standard","meta":{"footnotes":""},"categories":[5,9],"tags":[],"class_list":["post-4033","post","type-post","status-publish","format-standard","hentry","category-kek-hirek","category-oktatas"],"_links":{"self":[{"href":"https:\/\/www.agriatv.hu\/index.php?rest_route=\/wp\/v2\/posts\/4033","targetHints":{"allow":["GET"]}}],"collection":[{"href":"https:\/\/www.agriatv.hu\/index.php?rest_route=\/wp\/v2\/posts"}],"about":[{"href":"https:\/\/www.agriatv.hu\/index.php?rest_route=\/wp\/v2\/types\/post"}],"author":[{"embeddable":true,"href":"https:\/\/www.agriatv.hu\/index.php?rest_route=\/wp\/v2\/users\/4"}],"replies":[{"embeddable":true,"href":"https:\/\/www.agriatv.hu\/index.php?rest_route=%2Fwp%2Fv2%2Fcomments&post=4033"}],"version-history":[{"count":4,"href":"https:\/\/www.agriatv.hu\/index.php?rest_route=\/wp\/v2\/posts\/4033\/revisions"}],"predecessor-version":[{"id":4038,"href":"https:\/\/www.agriatv.hu\/index.php?rest_route=\/wp\/v2\/posts\/4033\/revisions\/4038"}],"wp:attachment":[{"href":"https:\/\/www.agriatv.hu\/index.php?rest_route=%2Fwp%2Fv2%2Fmedia&parent=4033"}],"wp:term":[{"taxonomy":"category","embeddable":true,"href":"https:\/\/www.agriatv.hu\/index.php?rest_route=%2Fwp%2Fv2%2Fcategories&post=4033"},{"taxonomy":"post_tag","embeddable":true,"href":"https:\/\/www.agriatv.hu\/index.php?rest_route=%2Fwp%2Fv2%2Ftags&post=4033"}],"curies":[{"name":"wp","href":"https:\/\/api.w.org\/{rel}","templated":true}]}}