{"id":4049,"date":"2011-04-25T18:56:50","date_gmt":"2011-04-25T18:56:50","guid":{"rendered":"http:\/\/www.agriatv.hu\/?p=4049"},"modified":"2011-04-25T19:53:13","modified_gmt":"2011-04-25T19:53:13","slug":"vedero-nem-volt-garazdasag","status":"publish","type":"post","link":"https:\/\/www.agriatv.hu\/?p=4049","title":{"rendered":"V\u00e9der\u0151: nem volt gar\u00e1zdas\u00e1g"},"content":{"rendered":"<p><a href=\"https:\/\/www.agriatv.hu\/wp-content\/uploads\/2011\/04\/0425vedero_V.jpg\"><img loading=\"lazy\" decoding=\"async\" class=\"alignleft size-medium wp-image-4050\" title=\"0425vedero_V\" src=\"https:\/\/www.agriatv.hu\/wp-content\/uploads\/2011\/04\/0425vedero_V-300x240.jpg\" alt=\"\" width=\"125\" height=\"100\" srcset=\"https:\/\/www.agriatv.hu\/wp-content\/uploads\/2011\/04\/0425vedero_V-300x240.jpg 300w, https:\/\/www.agriatv.hu\/wp-content\/uploads\/2011\/04\/0425vedero_V.jpg 720w\" sizes=\"auto, (max-width: 125px) 100vw, 125px\" \/><\/a>Az egri b\u00edr\u00f3s\u00e1g ma hallgatta meg azt a nyolc szem\u00e9lyt, akiket ez elm\u00falt h\u00e9ten Gy\u00f6ngy\u00f6spat\u00e1r\u00f3l \u00e1ll\u00edtottak el\u0151 az egri kapit\u00e1nys\u00e1gra, gar\u00e1zdas\u00e1g miatt.<\/p>\n<p>Eszes Tam\u00e1s elmondta: folyamatosan egyeztettek a rend\u0151rs\u00e9g \u00e9s az \u00f6nkorm\u00e1nyzat illet\u00e9keseivel. A V\u00e9der\u0151 magyarorsz\u00e1gi ideiglenes parancsnoka szerint, ha b\u0171ncselekm\u00e9nyt akart volna elk\u00f6vetni, a rend\u0151rs\u00e9g ebben nem seg\u00edtkezett volna.<\/p>\n<p>Az els\u0151fok\u00fa \u00edt\u00e9let szerint azzal, hogy katonai gyakorl\u00f3 ruh\u00e1ban voltak, m\u00e9g nem val\u00f3s\u00edtott\u00e1k meg a gar\u00e1zdas\u00e1g v\u00e9ts\u00e9g\u00e9t, \u00edgy valamennyi elj\u00e1r\u00e1s al\u00e1 vont szem\u00e9ly szabadon t\u00e1vozhatott. A rend\u0151rs\u00e9g fellebbezett a d\u00f6nt\u00e9s ellen.<div class=\"wordtube\">\n<div class=\"wordtube single268\" id=\"WT1_1\" style=\"width:320px; height:240px;\">\n<a href=\"http:\/\/www.macromedia.com\/go\/getflashplayer\">Get the Flash Player<\/a> to see the wordTube Media Player.\n<\/div><\/div>\n\t<script type=\"text\/javascript\" defer=\"defer\">\nvar WT1_1 = {\n\tparams : {\n\t\twmode : \"opaque\",\n\t\tallowscriptaccess : \"always\",\n\t\tallownetworking : \"all\",\n\t\tallowfullscreen : \"true\"},\n\tflashvars : {\n\t\tfile : \"http%3A%2F%2Fwww.agriatv.hu%2Fwp-content%2Fuploads%2F2011%2F04%2F0425vedero.flv\",\n\t\tvolume : \"80\",\n\t\tbufferlength : \"5\",\n\t\tquality : \"false\",\n\t\t'logo.hide' : \"false\",\n\t\timage : \"http%3A%2F%2Fwww.agriatv.hu%2Fwp-content%2Fuploads%2F2011%2F04%2F0425vedero.jpg\",\n\t\ttitle : \"0425vedero.flv\",\n\t\tlinktarget : \"_self\"},\n\tattr : {\n\t\tid : \"WT1\",\n\t\tname : \"WT1\"},\n\tstart : function() {\n\t\tswfobject.embedSWF(\"https:\/\/www.agriatv.hu\/\/player.swf\", \"WT1_1\", \"320\", \"240\", \"9.0.0\", false, this.flashvars, this.params , this.attr );\n\t}\n}\nWT1_1.start();\n\t<\/script>\n<\/p>\n","protected":false},"excerpt":{"rendered":"<p>Az egri b\u00edr\u00f3s\u00e1g ma hallgatta meg azt a nyolc szem\u00e9lyt, akiket ez elm\u00falt h\u00e9ten Gy\u00f6ngy\u00f6spat\u00e1r\u00f3l \u00e1ll\u00edtottak el\u0151 az egri kapit\u00e1nys\u00e1gra, gar\u00e1zdas\u00e1g miatt.<br \/>\nEszes Tam\u00e1s elmondta: folyamatosan egyeztettek a rend\u0151rs\u00e9g \u00e9s az \u00f6nkorm\u00e1nyzat illet\u00e9keseivel. A V\u00e9der\u0151 magyarorsz\u00e1gi ideiglenes parancsnoka szerint, ha b\u0171ncselekm\u00e9nyt akart volna elk\u00f6vetni, a rend\u0151rs\u00e9g ebben nem seg\u00edtkezett volna.<br \/>\nAz els\u0151fok\u00fa \u00edt\u00e9let szerint azzal, hogy katonai [&#8230;]<\/p>\n","protected":false},"author":4,"featured_media":0,"comment_status":"open","ping_status":"closed","sticky":false,"template":"","format":"standard","meta":{"footnotes":""},"categories":[6,5,3],"tags":[],"class_list":["post-4049","post","type-post","status-publish","format-standard","hentry","category-belfold","category-kek-hirek","category-politika"],"_links":{"self":[{"href":"https:\/\/www.agriatv.hu\/index.php?rest_route=\/wp\/v2\/posts\/4049","targetHints":{"allow":["GET"]}}],"collection":[{"href":"https:\/\/www.agriatv.hu\/index.php?rest_route=\/wp\/v2\/posts"}],"about":[{"href":"https:\/\/www.agriatv.hu\/index.php?rest_route=\/wp\/v2\/types\/post"}],"author":[{"embeddable":true,"href":"https:\/\/www.agriatv.hu\/index.php?rest_route=\/wp\/v2\/users\/4"}],"replies":[{"embeddable":true,"href":"https:\/\/www.agriatv.hu\/index.php?rest_route=%2Fwp%2Fv2%2Fcomments&post=4049"}],"version-history":[{"count":4,"href":"https:\/\/www.agriatv.hu\/index.php?rest_route=\/wp\/v2\/posts\/4049\/revisions"}],"predecessor-version":[{"id":4054,"href":"https:\/\/www.agriatv.hu\/index.php?rest_route=\/wp\/v2\/posts\/4049\/revisions\/4054"}],"wp:attachment":[{"href":"https:\/\/www.agriatv.hu\/index.php?rest_route=%2Fwp%2Fv2%2Fmedia&parent=4049"}],"wp:term":[{"taxonomy":"category","embeddable":true,"href":"https:\/\/www.agriatv.hu\/index.php?rest_route=%2Fwp%2Fv2%2Fcategories&post=4049"},{"taxonomy":"post_tag","embeddable":true,"href":"https:\/\/www.agriatv.hu\/index.php?rest_route=%2Fwp%2Fv2%2Ftags&post=4049"}],"curies":[{"name":"wp","href":"https:\/\/api.w.org\/{rel}","templated":true}]}}