{"id":4055,"date":"2011-04-26T18:57:06","date_gmt":"2011-04-26T18:57:06","guid":{"rendered":"http:\/\/www.agriatv.hu\/?p=4055"},"modified":"2011-04-26T18:57:06","modified_gmt":"2011-04-26T18:57:06","slug":"fogy-az-egri","status":"publish","type":"post","link":"https:\/\/www.agriatv.hu\/?p=4055","title":{"rendered":"Fogy az egri"},"content":{"rendered":"<p><img loading=\"lazy\" decoding=\"async\" class=\"kiskepcikkhez alignleft\" src=\"http:\/\/www.egriszin.hu\/RenderedContents\/IndexImages\/7\/7624-20110426093417-Vallas.jpg\" alt=\"\" width=\"150\" height=\"146\" \/> <strong>20%-os fogy\u00e1st k\u00f6nyvelhet el v\u00e1rosunk \u00e9s k\u00f6rny\u00e9ke lakoss\u00e1ga az  els\u0151 negyed\u00e9vben. 2011 els\u0151 negyed\u00e9v\u00e9ben 355 gyermek sz\u00fcletett Egerben,  k\u00f6z\u00fcl\u00fck 104-nek a sz\u00fclei \u00e9lnek a v\u00e1rosban, vagyis ezek a gyermekek  t\u00e9nylegesen egri polg\u00e1rk\u00e9nt n\u0151nek majd fel. 2010 hasonl\u00f3 id\u0151szak\u00e1ban 400  volt az \u00f6sszes\u00edtett sz\u00fclet\u00e9si sz\u00e1m, a teljes tavalyi \u00e9vben pedig 1420  gyermek j\u00f6tt vil\u00e1gra a megyesz\u00e9khelyen. A hal\u00e1loz\u00e1sok sz\u00e1ma a m\u00f6g\u00f6tt\u00fcnk  hagyott h\u00e1rom h\u00f3napban 428 volt.<\/strong><\/p>\n<p>A  h\u00e1zass\u00e1gk\u00f6t\u00e9seket illet\u0151en \u00e9rdekess\u00e9g, hogy a tavalyi els\u0151 negyed\u00e9vhez  k\u00e9pest 30-r\u00f3l 60-ra n\u0151tt, vagyis megdupl\u00e1z\u00f3dott a frigyk\u00f6t\u00e9sek sz\u00e1ma.  (Tavaly egy\u00e9bk\u00e9nt \u00f6sszesen 280 esk\u00fcv\u0151 volt Egerben.) Sajn\u00e1latosan a  v\u00e1l\u00e1sok eset\u00e9ben is n\u00f6vekv\u0151 tendenci\u00e1r\u00f3l, magas sz\u00e1mokr\u00f3l besz\u00e9lhet\u00fcnk.<\/p>\n<p>&nbsp;<\/p>\n<p><strong>\u00c9RDEKESS\u00c9GEK:<\/strong><\/p>\n<p>Egyre  t\u00f6bb a \u201ekis esk\u00fcv\u0151\u201d: sz\u00e1mos alkalommal legfeljebb n\u00e9h\u00e1ny tucat vend\u00e9g,  m\u00edg t\u00f6bb esetben csup\u00e1n a tan\u00fak jelenl\u00e9t\u00e9ben mondanak igent egym\u00e1snak a  felek.<\/p>\n<p>Az  urak jellemz\u0151en 30-31 \u00e9vesen sz\u00e1nj\u00e1k el magukat az esk\u00fcv\u0151re, m\u00edg a  menyasszonyok \u00e1tlag\u00e9letkora 28 \u00e9v k\u00f6r\u00fcl van, \u00e1ltal\u00e1nosnak mondhat\u00f3 teh\u00e1t  az 1-3 \u00e9v k\u00fcl\u00f6nbs\u00e9g, legt\u00f6bbsz\u00f6r a f\u00e9rfi jav\u00e1ra.<\/p>\n<p>Az  els\u0151 negyed\u00e9vben k\u00e9t olyan n\u00e1sz is volt Egerben, ahol k\u00fclf\u00f6ldi volt az  egyik f\u00e9l: egy francia \u00e9s egy indiai polg\u00e1r fogadott h\u0171s\u00e9get magyar  nemzetis\u00e9g\u0171 kiv\u00e1lasztottj\u00e1nak a V\u00e1rosh\u00e1z\u00e1n.<\/p>\n<p>A  p\u00e1rok t\u00f6bb alkalommal m\u00e1s v\u00e1rosokb\u00f3l \u00e9rkeztek Egerbe frigyk\u00f6t\u00e9sre,  p\u00e9ld\u00e1ul P\u00e9csr\u0151l, Debrecenb\u0151l, Budapestr\u0151l. Ennek oka \u00e1ltal\u00e1ban csal\u00e1di  k\u00f6t\u0151d\u00e9s, vagy a vonz\u00f3d\u00e1s Eger sz\u00e9ps\u00e9g\u00e9hez.<\/p>\n","protected":false},"excerpt":{"rendered":"<p> 20%-os fogy\u00e1st k\u00f6nyvelhet el v\u00e1rosunk \u00e9s k\u00f6rny\u00e9ke lakoss\u00e1ga az  els\u0151 negyed\u00e9vben. 2011 els\u0151 negyed\u00e9v\u00e9ben 355 gyermek sz\u00fcletett Egerben,  k\u00f6z\u00fcl\u00fck 104-nek a sz\u00fclei \u00e9lnek a v\u00e1rosban, vagyis ezek a gyermekek  t\u00e9nylegesen egri polg\u00e1rk\u00e9nt n\u0151nek majd fel. 2010 hasonl\u00f3 id\u0151szak\u00e1ban 400  volt az \u00f6sszes\u00edtett sz\u00fclet\u00e9si sz\u00e1m, a teljes tavalyi \u00e9vben pedig 1420 [&#8230;]<\/p>\n","protected":false},"author":4,"featured_media":0,"comment_status":"open","ping_status":"closed","sticky":false,"template":"","format":"standard","meta":{"footnotes":""},"categories":[6],"tags":[],"class_list":["post-4055","post","type-post","status-publish","format-standard","hentry","category-belfold"],"_links":{"self":[{"href":"https:\/\/www.agriatv.hu\/index.php?rest_route=\/wp\/v2\/posts\/4055","targetHints":{"allow":["GET"]}}],"collection":[{"href":"https:\/\/www.agriatv.hu\/index.php?rest_route=\/wp\/v2\/posts"}],"about":[{"href":"https:\/\/www.agriatv.hu\/index.php?rest_route=\/wp\/v2\/types\/post"}],"author":[{"embeddable":true,"href":"https:\/\/www.agriatv.hu\/index.php?rest_route=\/wp\/v2\/users\/4"}],"replies":[{"embeddable":true,"href":"https:\/\/www.agriatv.hu\/index.php?rest_route=%2Fwp%2Fv2%2Fcomments&post=4055"}],"version-history":[{"count":2,"href":"https:\/\/www.agriatv.hu\/index.php?rest_route=\/wp\/v2\/posts\/4055\/revisions"}],"predecessor-version":[{"id":4057,"href":"https:\/\/www.agriatv.hu\/index.php?rest_route=\/wp\/v2\/posts\/4055\/revisions\/4057"}],"wp:attachment":[{"href":"https:\/\/www.agriatv.hu\/index.php?rest_route=%2Fwp%2Fv2%2Fmedia&parent=4055"}],"wp:term":[{"taxonomy":"category","embeddable":true,"href":"https:\/\/www.agriatv.hu\/index.php?rest_route=%2Fwp%2Fv2%2Fcategories&post=4055"},{"taxonomy":"post_tag","embeddable":true,"href":"https:\/\/www.agriatv.hu\/index.php?rest_route=%2Fwp%2Fv2%2Ftags&post=4055"}],"curies":[{"name":"wp","href":"https:\/\/api.w.org\/{rel}","templated":true}]}}