{"id":4058,"date":"2011-04-27T17:17:12","date_gmt":"2011-04-27T17:17:12","guid":{"rendered":"http:\/\/www.agriatv.hu\/?p=4058"},"modified":"2011-04-27T17:17:12","modified_gmt":"2011-04-27T17:17:12","slug":"nepdal-talalkozo-az-idoseknek","status":"publish","type":"post","link":"https:\/\/www.agriatv.hu\/?p=4058","title":{"rendered":"N\u00e9pdal-tal\u00e1lkoz\u00f3 az id\u0151seknek"},"content":{"rendered":"<p>&nbsp;<\/p>\n<p><img loading=\"lazy\" decoding=\"async\" class=\"alignleft\" src=\"http:\/\/www.egriszin.hu\/RenderedContents\/IndexImages\/7\/7631-20110427142637-nep.jpg\" alt=\"\" width=\"150\" height=\"110\" \/><\/p>\n<p><strong>Id\u00e9n m\u00e1r huszadik \u00e9ve, hogy a Heves Megyei \u00d6nkorm\u00e1nyzat  b\u00e9lap\u00e1tfalvai Id\u0151sek, Fogyat\u00e9kosok Otthona \u00e9s M\u00f3dszertani Int\u00e9zete  region\u00e1lis n\u00e9pdal-tal\u00e1lkoz\u00f3t rendez a megy\u00e9ben \u00e9l\u0151 id\u0151sotthonok  ell\u00e1tottainak r\u00e9szv\u00e9tel\u00e9vel.<br \/>\n<\/strong><\/p>\n<p>\u00c1prilis 28-\u00e1n, cs\u00fct\u00f6rt\u00f6k\u00f6n d\u00e9lel\u0151tt 9 \u00f3rakor  kezd\u0151dik a program B\u00e9lap\u00e1tfalva v\u00e1rosi m\u0171vel\u0151d\u00e9si h\u00e1z\u00e1ban. M\u0171sort adnak a  helyi \u00f3vod\u00e1sok, ezut\u00e1n az id\u0151sotthoni bemutat\u00f3k k\u00f6vetkeznek. D\u00e9lut\u00e1n  kett\u0151t\u0151l fell\u00e9p az \u00d3zdi N\u00e9pt\u00e1nc Egyes\u00fclet, majd lezajlik az \u00e9rt\u00e9kel\u00e9s \u00e9s  \u00e1tadj\u00e1k a szilv\u00e1sv\u00e1radi <em>G\u00e1l \u00c1rp\u00e1d<\/em> keramikus m\u0171v\u00e9sz \u00e1ltal k\u00e9sz\u00edtett eml\u00e9kt\u00e1rgyakat.<br \/>\nV\u00e1rhat\u00f3an tizenn\u00e9gy int\u00e9zm\u00e9ny 150 lak\u00f3ja lesz jelen a rendezv\u00e9nyen, ahol k\u00f6sz\u00f6nt\u0151t mond <em>dr. Gondos Istv\u00e1n<\/em>, a Heves Megyei K\u00f6zgy\u0171l\u00e9s aleln\u00f6ke.<\/p>\n","protected":false},"excerpt":{"rendered":"<p>&nbsp;<\/p>\n<p>Id\u00e9n m\u00e1r huszadik \u00e9ve, hogy a Heves Megyei \u00d6nkorm\u00e1nyzat  b\u00e9lap\u00e1tfalvai Id\u0151sek, Fogyat\u00e9kosok Otthona \u00e9s M\u00f3dszertani Int\u00e9zete  region\u00e1lis n\u00e9pdal-tal\u00e1lkoz\u00f3t rendez a megy\u00e9ben \u00e9l\u0151 id\u0151sotthonok  ell\u00e1tottainak r\u00e9szv\u00e9tel\u00e9vel.<\/p>\n<p>\u00c1prilis 28-\u00e1n, cs\u00fct\u00f6rt\u00f6k\u00f6n d\u00e9lel\u0151tt 9 \u00f3rakor  kezd\u0151dik a program B\u00e9lap\u00e1tfalva v\u00e1rosi m\u0171vel\u0151d\u00e9si h\u00e1z\u00e1ban. M\u0171sort adnak a  helyi \u00f3vod\u00e1sok, ezut\u00e1n az id\u0151sotthoni bemutat\u00f3k k\u00f6vetkeznek. D\u00e9lut\u00e1n  kett\u0151t\u0151l [&#8230;]<\/p>\n","protected":false},"author":4,"featured_media":0,"comment_status":"open","ping_status":"closed","sticky":false,"template":"","format":"standard","meta":{"footnotes":""},"categories":[8,4],"tags":[],"class_list":["post-4058","post","type-post","status-publish","format-standard","hentry","category-kultura","category-szabadido"],"_links":{"self":[{"href":"https:\/\/www.agriatv.hu\/index.php?rest_route=\/wp\/v2\/posts\/4058","targetHints":{"allow":["GET"]}}],"collection":[{"href":"https:\/\/www.agriatv.hu\/index.php?rest_route=\/wp\/v2\/posts"}],"about":[{"href":"https:\/\/www.agriatv.hu\/index.php?rest_route=\/wp\/v2\/types\/post"}],"author":[{"embeddable":true,"href":"https:\/\/www.agriatv.hu\/index.php?rest_route=\/wp\/v2\/users\/4"}],"replies":[{"embeddable":true,"href":"https:\/\/www.agriatv.hu\/index.php?rest_route=%2Fwp%2Fv2%2Fcomments&post=4058"}],"version-history":[{"count":1,"href":"https:\/\/www.agriatv.hu\/index.php?rest_route=\/wp\/v2\/posts\/4058\/revisions"}],"predecessor-version":[{"id":4059,"href":"https:\/\/www.agriatv.hu\/index.php?rest_route=\/wp\/v2\/posts\/4058\/revisions\/4059"}],"wp:attachment":[{"href":"https:\/\/www.agriatv.hu\/index.php?rest_route=%2Fwp%2Fv2%2Fmedia&parent=4058"}],"wp:term":[{"taxonomy":"category","embeddable":true,"href":"https:\/\/www.agriatv.hu\/index.php?rest_route=%2Fwp%2Fv2%2Fcategories&post=4058"},{"taxonomy":"post_tag","embeddable":true,"href":"https:\/\/www.agriatv.hu\/index.php?rest_route=%2Fwp%2Fv2%2Ftags&post=4058"}],"curies":[{"name":"wp","href":"https:\/\/api.w.org\/{rel}","templated":true}]}}