{"id":4060,"date":"2011-04-27T17:18:42","date_gmt":"2011-04-27T17:18:42","guid":{"rendered":"http:\/\/www.agriatv.hu\/?p=4060"},"modified":"2011-04-27T17:18:42","modified_gmt":"2011-04-27T17:18:42","slug":"karbantartjak-a-vasutvonalat","status":"publish","type":"post","link":"https:\/\/www.agriatv.hu\/?p=4060","title":{"rendered":"Karbantartj\u00e1k a vas\u00fatvonalat"},"content":{"rendered":"<p>&nbsp;<\/p>\n<p><img loading=\"lazy\" decoding=\"async\" class=\"alignleft\" src=\"http:\/\/www.egriszin.hu\/RenderedContents\/IndexImages\/7\/7626-20110426143210-vonat.bmp\" alt=\"\" width=\"150\" height=\"113\" \/><\/p>\n<p><strong>Karbantart\u00e1si munka kezd\u0151d\u00f6tt ma (\u00e1prilis 26-\u00e1n) az  Eger-Szilv\u00e1sv\u00e1rad k\u00f6z\u00f6tti vas\u00fatvonalon, emiatt a M\u00c1V Zrt. v\u00e1ltoztatott a  forgalmi renden.<\/strong><\/p>\n<div>A szem\u00e9lyvonatok helyett \u2013v\u00e1rhat\u00f3an m\u00e1jus 16-\u00e1n az  esti \u00f3r\u00e1kig) vonatp\u00f3tl\u00f3 aut\u00f3buszok k\u00f6zlekednek \u2013 t\u00e1j\u00e9koztatott Eger  Megyei Jog\u00fa V\u00e1ros \u00d6nkorm\u00e1nyzata \u00e9s a M\u00c1V. A v\u00e1llalat teljesen kicser\u00e9li a  vas\u00fati al\u00e9p\u00edtm\u00e9nyt a 49\/50-es szelv\u00e9ny\u00e9ben, vagyis az egri T\u00fcrk Frigyes  utca vonal\u00e1ban. Emiatt a vas\u00fati k\u00f6zleked\u00e9s teljesen le\u00e1ll, az utaz\u00e1s a  M\u00c1V Zrt. lenti hirdetm\u00e9nye alapj\u00e1n lehets\u00e9ges.<\/div>\n<div>A  munk\u00e1k miatt jelent\u0151sen megn\u0151het a forgalom Egerben, a F\u00fcz\u00e9r \u00e9s Don\u00e1t  utc\u00e1kban, valamint a m\u00e9szk\u0151liszt sz\u00e1ll\u00edt\u00e1s miatt a K\u00fcls\u0151sor utc\u00e1ban is.  Az \u00f6nkorm\u00e1nyzat k\u00e9ri a k\u00f6zleked\u0151k fokozott figyelm\u00e9t \u00e9s t\u00fcrelm\u00e9t a Don\u00e1t  utcai vas\u00fati \u00e1tj\u00e1r\u00f3n\u00e1l, mert a f\u00e9nyjelz\u0151 k\u00e9sz\u00fcl\u00e9k esetenk\u00e9nt hosszabb  tilos jelz\u00e9st fog mutatni! Fontos, hogy minden esetben a l\u00e1mp\u00e1k \u00e9s  jelz\u0151\u0151r\u00f6k jelz\u00e9seinek megfelel\u0151en k\u00f6zlekedjenek!<\/div>\n","protected":false},"excerpt":{"rendered":"<p>&nbsp;<\/p>\n<p>Karbantart\u00e1si munka kezd\u0151d\u00f6tt ma (\u00e1prilis 26-\u00e1n) az  Eger-Szilv\u00e1sv\u00e1rad k\u00f6z\u00f6tti vas\u00fatvonalon, emiatt a M\u00c1V Zrt. v\u00e1ltoztatott a  forgalmi renden.<br \/>\nA szem\u00e9lyvonatok helyett \u2013v\u00e1rhat\u00f3an m\u00e1jus 16-\u00e1n az  esti \u00f3r\u00e1kig) vonatp\u00f3tl\u00f3 aut\u00f3buszok k\u00f6zlekednek \u2013 t\u00e1j\u00e9koztatott Eger  Megyei Jog\u00fa V\u00e1ros \u00d6nkorm\u00e1nyzata \u00e9s a M\u00c1V. A v\u00e1llalat teljesen kicser\u00e9li a  vas\u00fati al\u00e9p\u00edtm\u00e9nyt a 49\/50-es szelv\u00e9ny\u00e9ben, vagyis [&#8230;]<\/p>\n","protected":false},"author":4,"featured_media":0,"comment_status":"open","ping_status":"closed","sticky":false,"template":"","format":"standard","meta":{"footnotes":""},"categories":[6],"tags":[],"class_list":["post-4060","post","type-post","status-publish","format-standard","hentry","category-belfold"],"_links":{"self":[{"href":"https:\/\/www.agriatv.hu\/index.php?rest_route=\/wp\/v2\/posts\/4060","targetHints":{"allow":["GET"]}}],"collection":[{"href":"https:\/\/www.agriatv.hu\/index.php?rest_route=\/wp\/v2\/posts"}],"about":[{"href":"https:\/\/www.agriatv.hu\/index.php?rest_route=\/wp\/v2\/types\/post"}],"author":[{"embeddable":true,"href":"https:\/\/www.agriatv.hu\/index.php?rest_route=\/wp\/v2\/users\/4"}],"replies":[{"embeddable":true,"href":"https:\/\/www.agriatv.hu\/index.php?rest_route=%2Fwp%2Fv2%2Fcomments&post=4060"}],"version-history":[{"count":2,"href":"https:\/\/www.agriatv.hu\/index.php?rest_route=\/wp\/v2\/posts\/4060\/revisions"}],"predecessor-version":[{"id":4062,"href":"https:\/\/www.agriatv.hu\/index.php?rest_route=\/wp\/v2\/posts\/4060\/revisions\/4062"}],"wp:attachment":[{"href":"https:\/\/www.agriatv.hu\/index.php?rest_route=%2Fwp%2Fv2%2Fmedia&parent=4060"}],"wp:term":[{"taxonomy":"category","embeddable":true,"href":"https:\/\/www.agriatv.hu\/index.php?rest_route=%2Fwp%2Fv2%2Fcategories&post=4060"},{"taxonomy":"post_tag","embeddable":true,"href":"https:\/\/www.agriatv.hu\/index.php?rest_route=%2Fwp%2Fv2%2Ftags&post=4060"}],"curies":[{"name":"wp","href":"https:\/\/api.w.org\/{rel}","templated":true}]}}