{"id":4065,"date":"2011-04-28T19:10:25","date_gmt":"2011-04-28T19:10:25","guid":{"rendered":"http:\/\/www.agriatv.hu\/?p=4065"},"modified":"2011-04-28T19:10:25","modified_gmt":"2011-04-28T19:10:25","slug":"lendvai-ildiko-meg-tobb-gyongyospata-lehet-az-uj-alaptorveny-miatt","status":"publish","type":"post","link":"https:\/\/www.agriatv.hu\/?p=4065","title":{"rendered":"Lendvai Ildik\u00f3: M\u00e9g t\u00f6bb Gy\u00f6ngy\u00f6spata lehet az \u00faj Alapt\u00f6rv\u00e9ny miatt"},"content":{"rendered":"<p><a href=\"https:\/\/www.agriatv.hu\/wp-content\/uploads\/2011\/04\/0428lendvai_V.jpg\"><img loading=\"lazy\" decoding=\"async\" class=\"alignleft size-medium wp-image-4066\" title=\"0428lendvai_V\" src=\"https:\/\/www.agriatv.hu\/wp-content\/uploads\/2011\/04\/0428lendvai_V-300x240.jpg\" alt=\"\" width=\"129\" height=\"103\" srcset=\"https:\/\/www.agriatv.hu\/wp-content\/uploads\/2011\/04\/0428lendvai_V-300x240.jpg 300w, https:\/\/www.agriatv.hu\/wp-content\/uploads\/2011\/04\/0428lendvai_V.jpg 720w\" sizes=\"auto, (max-width: 129px) 100vw, 129px\" \/><\/a>Olyan fesz\u00fclts\u00e9gpont az orsz\u00e1gban a gy\u00f6ngy\u00f6spatai helyzet, amelyben a magukat demokratikusnak mond\u00f3 p\u00e1rtoknak sz\u00f3t kellene \u00e9rteni \u2013 kezdte cs\u00fct\u00f6rt\u00f6ki egri sajt\u00f3t\u00e1j\u00e9koztat\u00f3j\u00e1t Lendvai Ildik\u00f3 MSZP-s orsz\u00e1ggy\u0171l\u00e9si k\u00e9pvisel\u0151, a p\u00e1rt el\u0151z\u0151 eln\u00f6ke.<\/p>\n<p>Lendvai Ildik\u00f3 kit\u00e9rt arra az aggaszt\u00f3 momentumra, hogy a korm\u00e1ny nem hoz \u00f6ssze egy v\u00e1ls\u00e1gkezel\u0151 kerekasztalt, ahol a Jobbik kiv\u00e9tel\u00e9vel az \u00f6sszes p\u00e1rt, civil szervezetekkel, \u00e9rdekk\u00e9pviseletekkel kieg\u00e9sz\u00fclve pr\u00f3b\u00e1l megold\u00e1st tal\u00e1lni a kialakult helyzetre.<\/p>\n<p>A mai napon ny\u00fajtotta be az MSZP orsz\u00e1ggy\u0171l\u00e9si frakci\u00f3ja az Orsz\u00e1ggy\u0171l\u00e9s el\u00e9 azt a hat\u00e1rozati javaslatot, melyben az azonnali megold\u00e1si lehet\u0151s\u00e9gekre, valamint a gy\u00f6ngy\u00f6spataihoz hasonl\u00f3 helyzet r\u00f6vid \u00e9s hosszabbt\u00e1v\u00fa kezel\u00e9s\u00e9re t\u00e1masztanak alternat\u00edv\u00e1t a k\u00fcl\u00f6nb\u00f6z\u0151 szoci\u00e1lis neh\u00e9zs\u00e9gek enyh\u00edt\u00e9s\u00e9re vonatkoz\u00f3 javaslatokkal.<\/p>\n<p>&#8211;\u00a0\u00a0\u00a0\u00a0\u00a0\u00a0\u00a0\u00a0 Tarthatatlan a rend\u0151rs\u00e9g lej\u00e1rat\u00e1sa, azonnali t\u00e1rgyal\u00e1sok sz\u00fcks\u00e9gesek a rendv\u00e9delmi szervekkel \u00e9s ugyancsak azonnal le kellene \u00e1ll\u00edtani az ellen\u00fck foly\u00f3 megszor\u00edt\u00f3 int\u00e9zked\u00e9seket. A k\u00f6lts\u00e9gvet\u00e9si megtakar\u00edt\u00e1sok nem terjedhetnek ki a rend\u0151rs\u00e9gre, oldj\u00e1k fel az erre vonatkoz\u00f3 30-40 milli\u00e1rdos z\u00e1rol\u00e1st- tette hozz\u00e1 Lendvai Ildik\u00f3.<\/p>\n<p>Az MSZP \u00e1ltal beadott orsz\u00e1ggy\u0171l\u00e9si hat\u00e1rozati javaslat tartalmazza a telep\u00fcl\u00e9s\u0151ri program helyre\u00e1ll\u00edt\u00e1s\u00e1t \u2013 hiszen Lendvai Ildik\u00f3 szerint senki nem hordhat polg\u00e1r\u0151ri \u00e1lruh\u00e1t, pl\u00e1ne nem arra, hogy a rendet bontsa. Szoci\u00e1lis int\u00e9zked\u00e9sek ter\u00e9n a javaslat tartalmazza a k\u00f6zmunka 8 \u00f3r\u00e1s rendszer\u0171 vissza\u00e1ll\u00edt\u00e1s\u00e1nak lehet\u0151s\u00e9g\u00e9t, ill. az arra vonatkoz\u00f3 \u201efelsz\u00f3l\u00edt\u00e1st\u201d.<\/p>\n<p>Az MSZP \u00e1ll\u00e1spontja szerint az \u00faj Alapt\u00f6rv\u00e9ny nem ad garanci\u00e1t a legalapvet\u0151bb szoci\u00e1lis ell\u00e1t\u00e1sokra sem, ill. a megmarad\u00f3 szoci\u00e1lis ell\u00e1t\u00e1sokat t\u00e1rsadalmi munk\u00e1hoz k\u00f6theti a le\u00edrtak alapj\u00e1n. Nem csak a szoci\u00e1lis jogokat, hanem a demokr\u00e1ci\u00e1t is korl\u00e1tozza, \u00e9s a legszeg\u00e9nyebbekt\u0151l vehet el m\u00e9g t\u00f6bbet.<div class=\"wordtube\">\n<div class=\"wordtube single269\" id=\"WT1_1\" style=\"width:320px; height:240px;\">\n<a href=\"http:\/\/www.macromedia.com\/go\/getflashplayer\">Get the Flash Player<\/a> to see the wordTube Media Player.\n<\/div><\/div>\n\t<script type=\"text\/javascript\" defer=\"defer\">\nvar WT1_1 = {\n\tparams : {\n\t\twmode : \"opaque\",\n\t\tallowscriptaccess : \"always\",\n\t\tallownetworking : \"all\",\n\t\tallowfullscreen : \"true\"},\n\tflashvars : {\n\t\tfile : \"http%3A%2F%2Fwww.agriatv.hu%2Fwp-content%2Fuploads%2F2011%2F04%2F0428lendvai.flv\",\n\t\tvolume : \"80\",\n\t\tbufferlength : \"5\",\n\t\tquality : \"false\",\n\t\t'logo.hide' : \"false\",\n\t\timage : \"http%3A%2F%2Fwww.agriatv.hu%2Fwp-content%2Fuploads%2F2011%2F04%2F0428lendvai.jpg\",\n\t\ttitle : \"0428lendvai.flv\",\n\t\tlinktarget : \"_self\"},\n\tattr : {\n\t\tid : \"WT1\",\n\t\tname : \"WT1\"},\n\tstart : function() {\n\t\tswfobject.embedSWF(\"https:\/\/www.agriatv.hu\/\/player.swf\", \"WT1_1\", \"320\", \"240\", \"9.0.0\", false, this.flashvars, this.params , this.attr );\n\t}\n}\nWT1_1.start();\n\t<\/script>\n<\/p>\n<p>Lendvai Ildik\u00f3 hozz\u00e1tette, hogy az MSZP t\u00e1mogatja a korm\u00e1ny mindazon int\u00e9zked\u00e9s\u00e9t, amely a gy\u00f6ngy\u00f6spatai \u00e9s az ahhoz hasonl\u00f3 helyzet kezel\u00e9s\u00e9re vonatkozik. Ez\u00e9rt k\u00e9rik a ma beadott hat\u00e1rozati javaslat min\u00e9l el\u0151bbi megt\u00e1rgyal\u00e1s\u00e1t is.<\/p>\n","protected":false},"excerpt":{"rendered":"<p>Olyan fesz\u00fclts\u00e9gpont az orsz\u00e1gban a gy\u00f6ngy\u00f6spatai helyzet, amelyben a magukat demokratikusnak mond\u00f3 p\u00e1rtoknak sz\u00f3t kellene \u00e9rteni \u2013 kezdte cs\u00fct\u00f6rt\u00f6ki egri sajt\u00f3t\u00e1j\u00e9koztat\u00f3j\u00e1t Lendvai Ildik\u00f3 MSZP-s orsz\u00e1ggy\u0171l\u00e9si k\u00e9pvisel\u0151, a p\u00e1rt el\u0151z\u0151 eln\u00f6ke.<br \/>\nLendvai Ildik\u00f3 kit\u00e9rt arra az aggaszt\u00f3 momentumra, hogy a korm\u00e1ny nem hoz \u00f6ssze egy v\u00e1ls\u00e1gkezel\u0151 kerekasztalt, ahol a Jobbik kiv\u00e9tel\u00e9vel az \u00f6sszes p\u00e1rt, civil szervezetekkel, \u00e9rdekk\u00e9pviseletekkel [&#8230;]<\/p>\n","protected":false},"author":4,"featured_media":0,"comment_status":"open","ping_status":"closed","sticky":false,"template":"","format":"standard","meta":{"footnotes":""},"categories":[6,3],"tags":[],"class_list":["post-4065","post","type-post","status-publish","format-standard","hentry","category-belfold","category-politika"],"_links":{"self":[{"href":"https:\/\/www.agriatv.hu\/index.php?rest_route=\/wp\/v2\/posts\/4065","targetHints":{"allow":["GET"]}}],"collection":[{"href":"https:\/\/www.agriatv.hu\/index.php?rest_route=\/wp\/v2\/posts"}],"about":[{"href":"https:\/\/www.agriatv.hu\/index.php?rest_route=\/wp\/v2\/types\/post"}],"author":[{"embeddable":true,"href":"https:\/\/www.agriatv.hu\/index.php?rest_route=\/wp\/v2\/users\/4"}],"replies":[{"embeddable":true,"href":"https:\/\/www.agriatv.hu\/index.php?rest_route=%2Fwp%2Fv2%2Fcomments&post=4065"}],"version-history":[{"count":1,"href":"https:\/\/www.agriatv.hu\/index.php?rest_route=\/wp\/v2\/posts\/4065\/revisions"}],"predecessor-version":[{"id":4067,"href":"https:\/\/www.agriatv.hu\/index.php?rest_route=\/wp\/v2\/posts\/4065\/revisions\/4067"}],"wp:attachment":[{"href":"https:\/\/www.agriatv.hu\/index.php?rest_route=%2Fwp%2Fv2%2Fmedia&parent=4065"}],"wp:term":[{"taxonomy":"category","embeddable":true,"href":"https:\/\/www.agriatv.hu\/index.php?rest_route=%2Fwp%2Fv2%2Fcategories&post=4065"},{"taxonomy":"post_tag","embeddable":true,"href":"https:\/\/www.agriatv.hu\/index.php?rest_route=%2Fwp%2Fv2%2Ftags&post=4065"}],"curies":[{"name":"wp","href":"https:\/\/api.w.org\/{rel}","templated":true}]}}