{"id":4071,"date":"2011-04-28T19:25:04","date_gmt":"2011-04-28T19:25:04","guid":{"rendered":"http:\/\/www.agriatv.hu\/?p=4071"},"modified":"2011-04-28T19:25:04","modified_gmt":"2011-04-28T19:25:04","slug":"tiz-tanulo-lett-eger-osztondijasa","status":"publish","type":"post","link":"https:\/\/www.agriatv.hu\/?p=4071","title":{"rendered":"T\u00edz tanul\u00f3 lett Eger \u00f6szt\u00f6nd\u00edjasa"},"content":{"rendered":"<p>&nbsp;<\/p>\n<p><img loading=\"lazy\" decoding=\"async\" class=\"alignleft\" src=\"http:\/\/www.egriszin.hu\/RenderedContents\/IndexImages\/7\/7635-20110428152022-kep2.jpg\" alt=\"\" width=\"150\" height=\"129\" \/><\/p>\n<p><strong>T\u00edz di\u00e1k vehette \u00e1t az cs\u00fct\u00f6rt\u00f6k\u00f6n, az egri k\u00e9pvisel\u0151test\u00fcleti  \u00fcl\u00e9s el\u0151tt a meg\u00fajult \u201cEger V\u00e1ros \u00d6szt\u00f6nd\u00edjasa\u201d c\u00edmet \u00e9s az ezzel j\u00e1r\u00f3  tanulm\u00e1nyi \u00f6szt\u00f6nd\u00edjr\u00f3l sz\u00f3l\u00f3 t\u00e1mogat\u00e1si szerz\u0151d\u00e9st.<\/strong><\/p>\n<p>Az \u00f6nkorm\u00e1nyzat t\u00edz \u00e9vvel ezel\u0151tt hozott l\u00e9tre egy  \u00f6szt\u00f6nd\u00edj-rendszert, s az err\u0151l sz\u00f3l\u00f3 rendeletet 2011 janu\u00e1rj\u00e1ban t\u00f6bb  szempontb\u00f3l meg\u00faj\u00edtotta. A meg\u00fajult \u201e<strong>Eger V\u00e1ros \u00d6szt\u00f6nd\u00edjasa\u201d <\/strong>program  c\u00e9lja, hogy seg\u00edtsen a tehets\u00e9ges egri di\u00e1koknak a szakk\u00e9pes\u00edt\u00e9s, az  \u00e9retts\u00e9gi, a diploma megszerz\u00e9s\u00e9ben, illetve hozz\u00e1j\u00e1ruljon ahhoz, hogy a  k\u00e9pzett fiatalok a v\u00e1rosban telepedjenek le.<\/p>\n<p>T\u00e1mogat\u00e1st az  Egerben \u00e9l\u0151, j\u00f3 tanulm\u00e1nyi eredm\u00e9ny\u0171 \u00e9s egyben szoci\u00e1lis helyzet\u00fck miatt  r\u00e1szorul\u00f3 di\u00e1kok kaphatnak. Az \u00f6nkorm\u00e1nyzat \u00e9vente k\u00e9tszer, febru\u00e1rban  \u00e9s decemberben \u00edrja ki a p\u00e1ly\u00e1zatot, els\u0151 k\u00f6rben csak fels\u0151fok\u00fa  int\u00e9zm\u00e9nyek hallgat\u00f3i p\u00e1ly\u00e1zhattak a c\u00edm \u00e9s a t\u00e1mogat\u00e1s elnyer\u00e9s\u00e9re. A  k\u00f6z\u00e9piskol\u00e1sok sz\u00e1m\u00e1ra szeptemberben jelenik meg a ki\u00edr\u00e1s \u2013  t\u00e1j\u00e9koztatott <em>Ballag\u00f3 Zolt\u00e1n<\/em>, az Oktat\u00e1si, Kultur\u00e1lis, Sport \u00e9s Ifj\u00fas\u00e1gi Iroda vezet\u0151je.<\/p>\n<p>Hozz\u00e1tette:  az elnyerhet\u0151 \u00f6szt\u00f6nd\u00edj t\u00edz h\u00f3napos havi tanulm\u00e1nyi t\u00e1mogat\u00e1sb\u00f3l \u00e9s  egy\u00f6sszeg\u0171 t\u00e1mogat\u00e1sb\u00f3l \u00e1ll, ami fels\u0151fok\u00fa tanulm\u00e1nyok eset\u00e9n \u00f6sszesen  400 ezer forint. Az eddigi gyakorlattal szemben 2011-t\u0151l dupla \u00f6sszeg\u0171  t\u00e1mogat\u00e1st kaphatnak a tehets\u00e9ges, szorgalmas \u00e9s r\u00e1szorul\u00f3 egri di\u00e1kok.  Az \u00f6nkorm\u00e1nyzat rem\u00e9nyei szerint ezzel az \u00f6szt\u00f6nz\u00e9ssel is seg\u00edthet  abban, hogy a helyi fiatalok Egerben keressenek, tal\u00e1ljanak munk\u00e1t.<\/p>\n<p>\u2022\u00a0\u00a0 \u00a0Az \u00f6szt\u00f6nd\u00edj 50%-\u00e1t tanulm\u00e1nyi t\u00e1mogat\u00e1sk\u00e9nt egyenl\u0151 r\u00e9szletekben foly\u00f3s\u00edtjuk, t\u00edz h\u00f3napon kereszt\u00fcl.<br \/>\n\u2022\u00a0\u00a0  \u00a0Az egy\u00f6sszeg\u0171 t\u00e1mogat\u00e1s abban az esetben fizethet\u0151 ki, ha a hallgat\u00f3  igazolja, hogy az \u00e1llamvizsg\u00e1t k\u00f6vet\u0151en a k\u00e9pzetts\u00e9g\u00e9nek megfelel\u0151  munkahelyen helyezkedett el Egerben. Az egy\u00f6sszeg\u0171 t\u00e1mogat\u00e1s \u00f6sszege  szint\u00e9n 200 ezer forint.<br \/>\n<span style=\"text-decoration: underline;\"><br \/>\n\u201e<strong>Eger V\u00e1ros \u00d6szt\u00f6nd\u00edjasai\u201d<\/strong> (egyetemist\u00e1k-f\u0151iskol\u00e1sok 2011-ben):<\/span><br \/>\nErd\u00e9lyi \u00c1d\u00e1m, a Zr\u00ednyi Mikl\u00f3s Nemzetv\u00e9delmi Egyetem IV. \u00e9ves hallgat\u00f3ja,<br \/>\nHusz\u00e1r Janka, a Budapesti Corvinus Egyetem I. \u00e9ves hallgat\u00f3ja,<br \/>\nV\u00e1rhegyi Nikolett Dorina, a Debreceni Egyetem II. \u00e9ves, mester szakos hallgat\u00f3ja,<br \/>\nSt\u00e1l Zolt\u00e1n Imre, a Semmelweis Egyetem I. \u00e9ves hallgat\u00f3ja,<br \/>\nJakab Katalin, a Miskolci Egyetem IV. \u00e9ves hallgat\u00f3ja,<br \/>\nFarkas Luca Zs\u00f3fia, az E\u00f6tv\u00f6s Lor\u00e1nd Tudom\u00e1nyegyetem II. \u00e9ves hallgat\u00f3ja,<br \/>\nKiss Anett, az Eszterh\u00e1zy K\u00e1roly F\u0151iskola II. \u00e9ves hallgat\u00f3ja,<br \/>\nAsztalos Andrea, a Debreceni Orvostudom\u00e1nyi Egyetem V. \u00e9ves hallgat\u00f3ja,<br \/>\nP\u00e1szthy Tam\u00e1s, a Miskolci Egyetem I. \u00e9ves hallgat\u00f3ja,<br \/>\n\u00e9s Luk\u00e1cs Krisztina, a Semmelweis Egyetem III. \u00e9vfolyamos hallgat\u00f3ja.<\/p>\n<p>Az <strong>\u201eEger V\u00e1ros \u00d6szt\u00f6nd\u00edjasa\u201d <\/strong>p\u00e1ly\u00e1zatot  legk\u00f6zelebb k\u00f6z\u00e9piskol\u00e1sok r\u00e9sz\u00e9re \u00edrja ki az \u00f6nkorm\u00e1nyzat, id\u00e9n  szeptemberben. 2012 febru\u00e1rj\u00e1ban ism\u00e9t a fels\u0151fok\u00fa int\u00e9zm\u00e9nyek hallgat\u00f3i  p\u00e1ly\u00e1zhatnak.<\/p>\n<p>Forr\u00e1s: <a href=\"http:\/\/egriszin.hu\">Egrisz\u00edn<\/a><\/p>\n","protected":false},"excerpt":{"rendered":"<p>&nbsp;<\/p>\n<p>T\u00edz di\u00e1k vehette \u00e1t az cs\u00fct\u00f6rt\u00f6k\u00f6n, az egri k\u00e9pvisel\u0151test\u00fcleti  \u00fcl\u00e9s el\u0151tt a meg\u00fajult \u201cEger V\u00e1ros \u00d6szt\u00f6nd\u00edjasa\u201d c\u00edmet \u00e9s az ezzel j\u00e1r\u00f3  tanulm\u00e1nyi \u00f6szt\u00f6nd\u00edjr\u00f3l sz\u00f3l\u00f3 t\u00e1mogat\u00e1si szerz\u0151d\u00e9st.<br \/>\nAz \u00f6nkorm\u00e1nyzat t\u00edz \u00e9vvel ezel\u0151tt hozott l\u00e9tre egy  \u00f6szt\u00f6nd\u00edj-rendszert, s az err\u0151l sz\u00f3l\u00f3 rendeletet 2011 janu\u00e1rj\u00e1ban t\u00f6bb  szempontb\u00f3l meg\u00faj\u00edtotta. A meg\u00fajult \u201eEger V\u00e1ros \u00d6szt\u00f6nd\u00edjasa\u201d program  [&#8230;]<\/p>\n","protected":false},"author":4,"featured_media":0,"comment_status":"open","ping_status":"closed","sticky":false,"template":"","format":"standard","meta":{"footnotes":""},"categories":[9],"tags":[],"class_list":["post-4071","post","type-post","status-publish","format-standard","hentry","category-oktatas"],"_links":{"self":[{"href":"https:\/\/www.agriatv.hu\/index.php?rest_route=\/wp\/v2\/posts\/4071","targetHints":{"allow":["GET"]}}],"collection":[{"href":"https:\/\/www.agriatv.hu\/index.php?rest_route=\/wp\/v2\/posts"}],"about":[{"href":"https:\/\/www.agriatv.hu\/index.php?rest_route=\/wp\/v2\/types\/post"}],"author":[{"embeddable":true,"href":"https:\/\/www.agriatv.hu\/index.php?rest_route=\/wp\/v2\/users\/4"}],"replies":[{"embeddable":true,"href":"https:\/\/www.agriatv.hu\/index.php?rest_route=%2Fwp%2Fv2%2Fcomments&post=4071"}],"version-history":[{"count":1,"href":"https:\/\/www.agriatv.hu\/index.php?rest_route=\/wp\/v2\/posts\/4071\/revisions"}],"predecessor-version":[{"id":4072,"href":"https:\/\/www.agriatv.hu\/index.php?rest_route=\/wp\/v2\/posts\/4071\/revisions\/4072"}],"wp:attachment":[{"href":"https:\/\/www.agriatv.hu\/index.php?rest_route=%2Fwp%2Fv2%2Fmedia&parent=4071"}],"wp:term":[{"taxonomy":"category","embeddable":true,"href":"https:\/\/www.agriatv.hu\/index.php?rest_route=%2Fwp%2Fv2%2Fcategories&post=4071"},{"taxonomy":"post_tag","embeddable":true,"href":"https:\/\/www.agriatv.hu\/index.php?rest_route=%2Fwp%2Fv2%2Ftags&post=4071"}],"curies":[{"name":"wp","href":"https:\/\/api.w.org\/{rel}","templated":true}]}}