{"id":4073,"date":"2011-04-28T19:31:49","date_gmt":"2011-04-28T19:31:49","guid":{"rendered":"http:\/\/www.agriatv.hu\/?p=4073"},"modified":"2011-04-28T19:31:49","modified_gmt":"2011-04-28T19:31:49","slug":"melygarazs-az-ersekkert-mellett","status":"publish","type":"post","link":"https:\/\/www.agriatv.hu\/?p=4073","title":{"rendered":"M\u00e9lygar\u00e1zs az \u00c9rsekkert mellett"},"content":{"rendered":"<p><img loading=\"lazy\" decoding=\"async\" class=\"alignleft\" src=\"http:\/\/heol.hu\/lapokkepek\/cikkek\/149000\/149772_ekozgy.jpg\" alt=\"A k\u00e9pvisel\u0151k, k\u00f6zt\u00fck Martonn\u00e9 Adler Ildik\u00f3 (balr\u00f3l), mellette G\u00e1l Judit, m\u00f6g\u00f6tte Cs\u00e1kv\u00e1ri Antal \u00e9s Orosz L\u00e1szl\u00f3n\u00e9 is t\u00e1mogatta a belv\u00e1ros parkol\u00e1si helyzet\u00e9nek jav\u00edt\u00e1s\u00e1t. Fot\u00f3: G\u00e1l G\u00e1bor\" width=\"127\" height=\"90\" \/><strong>M\u00f3dosulnak a megyesz\u00e9khelyen a parkol\u00e1si felt\u00e9telek. A  cs\u00fct\u00f6rt\u00f6ki k\u00f6zgy\u0171l\u00e9sen elfogadott rendelet-tervezet alapj\u00e1n t\u00f6bb lesz a  fizet\u0151 parkol\u00f3helyek sz\u00e1ma a belv\u00e1rosban \u00e9s k\u00f6rny\u00e9k\u00e9n.<\/strong><\/p>\n<p>Az \u00fcl\u00e9s kezdete el\u0151tt t\u00edz di\u00e1knak adta \u00e1t <strong>Habis L\u00e1szl\u00f3<\/strong> (Fidesz-KDNP) polg\u00e1rmester az Eger V\u00e1ros \u00d6szt\u00f6nd\u00edjasa c\u00edmet \u00e9s az ezzel  j\u00e1r\u00f3 tanulm\u00e1nyi \u00f6szt\u00f6nd\u00edjr\u00f3l sz\u00f3l\u00f3 t\u00e1mogat\u00e1si szerz\u0151d\u00e9st.<br \/>\nA napirendi pontok t\u00e1rgyal\u00e1s\u00e1t megel\u0151z\u0151en <strong>Cs\u00e1sz\u00e1r Zolt\u00e1n<\/strong> (f\u00fcggetlen) az Egri Rend\u0151rkapit\u00e1nys\u00e1g vezet\u0151j\u00e9hez int\u00e9zett k\u00e9rd\u00e9s\u00e9vel  \u00e9rdekl\u0151d\u00f6tt, hogy vajon Egerben is t\u00f6rt\u00e9nhetnek-e a gy\u00f6ngy\u00f6spataihoz  hasonl\u00f3 esem\u00e9nyek. <strong>Petrovics Andr\u00e1s<\/strong> r.ezredes  v\u00e1lasz\u00e1ban kijelentette: Egerre nem jellemz\u0151ek az etnikai \u00f6sszet\u0171z\u00e9sek,  \u00e9s biztos benne, hogy a rend\u0151rs\u00e9g nem is hagyn\u00e1 a hasonl\u00f3 esetek  el\u0151fordul\u00e1s\u00e1t.<\/p>\n<p>A b\u00edr\u00f3s\u00e1gi \u00fcln\u00f6k\u00f6k megv\u00e1laszt\u00e1s\u00e1t k\u00f6vet\u0151en a v\u00e1rosaty\u00e1k d\u00f6nt\u00f6ttek arr\u00f3l,  hogy az \u00c9rsekkert \u00e9s a Hotel Eger &amp; Park k\u00f6z\u00f6tt tal\u00e1lhat\u00f3, mintegy  2620 n\u00e9gyzetm\u00e9teres \u00f6nkorm\u00e1nyzati ingatlant eladj\u00e1k a sz\u00e1lloda  \u00fczemeltet\u0151j\u00e9nek. Az eml\u00edtett ter\u00fclet alatt az elk\u00e9pzel\u00e9sek szerint az  Eger-Park Hotel Kft. egy k\u00f6r\u00fclbel\u00fcl 400 \u00e1ll\u00e1sos parkol\u00f3h\u00e1z \u00e9p\u00edt\u00e9s\u00e9t  tervezi. <strong>Csath\u00f3 Csaba<\/strong> (Fidesz-KDNP) k\u00e9pvisel\u0151 a  rendelet-tervezet kapcs\u00e1n hangs\u00falyozta: a m\u00e9lygar\u00e1zs kialak\u00edt\u00e1s\u00e1val  jelent\u0151sen javuln\u00e1nak a belv\u00e1ros parkol\u00e1si lehet\u0151s\u00e9gei \u00fagy, hogy az  \u00e9rt\u00e9kes\u00edteni k\u00edv\u00e1nt z\u00f6ld fel\u00fcleten a megegyez\u00e9sek szerint a tov\u00e1bbiakban  is f\u00e1k \u00e9s n\u00f6v\u00e9nyek seg\u00edten\u00e9k a v\u00e1ros leveg\u0151j\u00e9nek tisztas\u00e1g\u00e1t.<\/p>\n<p>A parkol\u00e1si gondok tov\u00e1bbi megold\u00e1s\u00e1\u00e9rt b\u0151v\u00edtik a fizet\u0151 parkol\u00f3helyek  sz\u00e1m\u00e1t Eger belv\u00e1ros\u00e1ban, tov\u00e1bb\u00e1 a kiemeltek kiv\u00e9tel\u00e9vel m\u00f3dos\u00edtj\u00e1k a  v\u00e1rakoz\u00f3helyek \u00f6vezeteinek d\u00edjszab\u00e1s\u00e1t amellett, hogy a b\u00e9rlet\u00e1rak  v\u00e1ltozatlanok maradnak. A Pet\u0151fi S\u00e1ndor t\u00e9r \u00e9s F\u00fcrd\u0151 utca ter\u00fclet\u00e9t  eg\u00e9sz \u00e9vben m\u0171k\u00f6d\u0151, illetve a Servita utca, Szaicz Le\u00f3 utca (Templom  el\u0151tti t\u00e9r) \u00e9s a Bart\u00f3k B\u00e9la t\u00e9r-Neumayer utca \u00f6vezet\u00e9t fizet\u0151  v\u00e1rakoz\u00f3helly\u00e9 min\u0151s\u00edtik. A napirendi pont t\u00e1rgyal\u00e1sa sor\u00e1n <strong>S\u00f3s Istv\u00e1n<\/strong> (Fidesz-KDNP) alpolg\u00e1rmester kiemelte: az EVAT Zrt. m\u00e9g id\u00e9n kidolgozza  3 \u00e9vre el\u0151revet\u00edtve a fizet\u0151 v\u00e1rakoz\u00f3helyek \u00fczemeltet\u00e9si, fejleszt\u00e9si  strat\u00e9gi\u00e1j\u00e1t is.<\/p>\n<p>Az \u00fajabb partfaloml\u00e1s k\u00f6vetkezt\u00e9ben az \u00f6nkorm\u00e1nyzat vis maior p\u00e1ly\u00e1zatot  ad be a B\u00e1r\u00e1ny \u00e9s a Csurg\u00f3 utca hat\u00e1r\u00e1n l\u00e9v\u0151 t\u00e1mfal helyre\u00e1ll\u00edt\u00e1si  munk\u00e1inak finansz\u00edroz\u00e1s\u00e1hoz. Az elnyerhet\u0151 6 milli\u00f3 forintos  t\u00e1mogat\u00e1shoz egy k\u00e9t \u00e9s f\u00e9l milli\u00f3s \u00f6ner\u0151 biztos\u00edt\u00e1s\u00e1r\u00f3l is d\u00f6nt\u00f6ttek.  Emellett a k\u00e9pvisel\u0151k t\u00f6bbek k\u00f6z\u00f6tt m\u00f3dos\u00edtott\u00e1k az \u00c9ghajlatv\u00e9delmi  Strat\u00e9giai Terv elk\u00e9sz\u00edt\u00e9s\u00e9nek id\u0151pontj\u00e1t, \u00e9s hat\u00e1roztak az egyes\u00fcletek  2011. \u00e9vi uszodahaszn\u00e1lat\u00e1ra ford\u00edtand\u00f3 p\u00e9nz\u00fcgyi keret feloszt\u00e1s\u00e1r\u00f3l is.<\/p>\n<p>Forr\u00e1s: <a href=\"http:\/\/heol.hu\">HEOL<\/a><\/p>\n","protected":false},"excerpt":{"rendered":"<p>M\u00f3dosulnak a megyesz\u00e9khelyen a parkol\u00e1si felt\u00e9telek. A  cs\u00fct\u00f6rt\u00f6ki k\u00f6zgy\u0171l\u00e9sen elfogadott rendelet-tervezet alapj\u00e1n t\u00f6bb lesz a  fizet\u0151 parkol\u00f3helyek sz\u00e1ma a belv\u00e1rosban \u00e9s k\u00f6rny\u00e9k\u00e9n.<br \/>\nAz \u00fcl\u00e9s kezdete el\u0151tt t\u00edz di\u00e1knak adta \u00e1t Habis L\u00e1szl\u00f3 (Fidesz-KDNP) polg\u00e1rmester az Eger V\u00e1ros \u00d6szt\u00f6nd\u00edjasa c\u00edmet \u00e9s az ezzel  j\u00e1r\u00f3 tanulm\u00e1nyi \u00f6szt\u00f6nd\u00edjr\u00f3l sz\u00f3l\u00f3 t\u00e1mogat\u00e1si szerz\u0151d\u00e9st.<br \/>\nA napirendi pontok t\u00e1rgyal\u00e1s\u00e1t megel\u0151z\u0151en Cs\u00e1sz\u00e1r [&#8230;]<\/p>\n","protected":false},"author":4,"featured_media":0,"comment_status":"open","ping_status":"closed","sticky":false,"template":"","format":"standard","meta":{"footnotes":""},"categories":[3],"tags":[],"class_list":["post-4073","post","type-post","status-publish","format-standard","hentry","category-politika"],"_links":{"self":[{"href":"https:\/\/www.agriatv.hu\/index.php?rest_route=\/wp\/v2\/posts\/4073","targetHints":{"allow":["GET"]}}],"collection":[{"href":"https:\/\/www.agriatv.hu\/index.php?rest_route=\/wp\/v2\/posts"}],"about":[{"href":"https:\/\/www.agriatv.hu\/index.php?rest_route=\/wp\/v2\/types\/post"}],"author":[{"embeddable":true,"href":"https:\/\/www.agriatv.hu\/index.php?rest_route=\/wp\/v2\/users\/4"}],"replies":[{"embeddable":true,"href":"https:\/\/www.agriatv.hu\/index.php?rest_route=%2Fwp%2Fv2%2Fcomments&post=4073"}],"version-history":[{"count":2,"href":"https:\/\/www.agriatv.hu\/index.php?rest_route=\/wp\/v2\/posts\/4073\/revisions"}],"predecessor-version":[{"id":4075,"href":"https:\/\/www.agriatv.hu\/index.php?rest_route=\/wp\/v2\/posts\/4073\/revisions\/4075"}],"wp:attachment":[{"href":"https:\/\/www.agriatv.hu\/index.php?rest_route=%2Fwp%2Fv2%2Fmedia&parent=4073"}],"wp:term":[{"taxonomy":"category","embeddable":true,"href":"https:\/\/www.agriatv.hu\/index.php?rest_route=%2Fwp%2Fv2%2Fcategories&post=4073"},{"taxonomy":"post_tag","embeddable":true,"href":"https:\/\/www.agriatv.hu\/index.php?rest_route=%2Fwp%2Fv2%2Ftags&post=4073"}],"curies":[{"name":"wp","href":"https:\/\/api.w.org\/{rel}","templated":true}]}}