{"id":4076,"date":"2011-04-29T09:40:57","date_gmt":"2011-04-29T09:40:57","guid":{"rendered":"http:\/\/www.agriatv.hu\/?p=4076"},"modified":"2011-04-29T09:40:57","modified_gmt":"2011-04-29T09:40:57","slug":"elozetesben-a-gyongyospatai-gyanusitottak","status":"publish","type":"post","link":"https:\/\/www.agriatv.hu\/?p=4076","title":{"rendered":"El\u0151zetesben a gy\u00f6ngy\u00f6spatai gyan\u00fas\u00edtottak"},"content":{"rendered":"<p><a href=\"https:\/\/www.agriatv.hu\/wp-content\/uploads\/2011\/04\/0429birosag_V.jpg\"><img loading=\"lazy\" decoding=\"async\" class=\"alignleft size-medium wp-image-4077\" title=\"0429birosag_V\" src=\"https:\/\/www.agriatv.hu\/wp-content\/uploads\/2011\/04\/0429birosag_V-300x240.jpg\" alt=\"\" width=\"112\" height=\"89\" srcset=\"https:\/\/www.agriatv.hu\/wp-content\/uploads\/2011\/04\/0429birosag_V-300x240.jpg 300w, https:\/\/www.agriatv.hu\/wp-content\/uploads\/2011\/04\/0429birosag_V.jpg 720w\" sizes=\"auto, (max-width: 112px) 100vw, 112px\" \/><\/a>El\u0151zetes letart\u00f3ztat\u00e1sba helyezte az Egri V\u00e1rosi B\u00edr\u00f3s\u00e1g azt a 3 f\u0151t, akiket \u00e1prilis 26-\u00e1n az esti \u00f3r\u00e1kban Gy\u00f6ngy\u00f6spat\u00e1n t\u00f6rt\u00e9nt vereked\u00e9s kapcs\u00e1n vettek \u0151rizetbe, csoportosan, \u00e9s a k\u00f6znyugalmat s\u00falyosan megzavarva, felfegyverkezve elk\u00f6vetett gar\u00e1zdas\u00e1g b\u0171ntett\u00e9nek megalapozott gyan\u00faja miatt. A b\u00edr\u00f3s\u00e1g \u00fagy l\u00e1tta: megalapozottan felt\u00e9telezhet\u0151, hogy a gyan\u00fas\u00edtottak szabadl\u00e1bon hagy\u00e1suk eset\u00e9n megnehez\u00edten\u00e9k a az elj\u00e1r\u00e1s eredm\u00e9nyes lefolytat\u00e1s\u00e1t, illetve tartani lehet a b\u0171nism\u00e9tl\u00e9st\u0151l is.<div class=\"wordtube\">\n<div class=\"wordtube single270\" id=\"WT1_1\" style=\"width:320px; height:240px;\">\n<a href=\"http:\/\/www.macromedia.com\/go\/getflashplayer\">Get the Flash Player<\/a> to see the wordTube Media Player.\n<\/div><\/div>\n\t<script type=\"text\/javascript\" defer=\"defer\">\nvar WT1_1 = {\n\tparams : {\n\t\twmode : \"opaque\",\n\t\tallowscriptaccess : \"always\",\n\t\tallownetworking : \"all\",\n\t\tallowfullscreen : \"true\"},\n\tflashvars : {\n\t\tfile : \"http%3A%2F%2Fwww.agriatv.hu%2Fwp-content%2Fuploads%2F2011%2F04%2F0429birosag.flv\",\n\t\tvolume : \"80\",\n\t\tbufferlength : \"5\",\n\t\tquality : \"false\",\n\t\t'logo.hide' : \"false\",\n\t\timage : \"http%3A%2F%2Fwww.agriatv.hu%2Fwp-content%2Fuploads%2F2011%2F04%2F0429birosag.jpg\",\n\t\ttitle : \"0429birosag.flv\",\n\t\tlinktarget : \"_self\"},\n\tattr : {\n\t\tid : \"WT1\",\n\t\tname : \"WT1\"},\n\tstart : function() {\n\t\tswfobject.embedSWF(\"https:\/\/www.agriatv.hu\/\/player.swf\", \"WT1_1\", \"320\", \"240\", \"9.0.0\", false, this.flashvars, this.params , this.attr );\n\t}\n}\nWT1_1.start();\n\t<\/script>\n<\/p>\n","protected":false},"excerpt":{"rendered":"<p>El\u0151zetes letart\u00f3ztat\u00e1sba helyezte az Egri V\u00e1rosi B\u00edr\u00f3s\u00e1g azt a 3 f\u0151t, akiket \u00e1prilis 26-\u00e1n az esti \u00f3r\u00e1kban Gy\u00f6ngy\u00f6spat\u00e1n t\u00f6rt\u00e9nt vereked\u00e9s kapcs\u00e1n vettek \u0151rizetbe, csoportosan, \u00e9s a k\u00f6znyugalmat s\u00falyosan megzavarva, felfegyverkezve elk\u00f6vetett gar\u00e1zdas\u00e1g b\u0171ntett\u00e9nek megalapozott gyan\u00faja miatt. A b\u00edr\u00f3s\u00e1g \u00fagy l\u00e1tta: megalapozottan felt\u00e9telezhet\u0151, hogy a gyan\u00fas\u00edtottak szabadl\u00e1bon hagy\u00e1suk eset\u00e9n megnehez\u00edten\u00e9k a az elj\u00e1r\u00e1s eredm\u00e9nyes lefolytat\u00e1s\u00e1t, illetve [&#8230;]<\/p>\n","protected":false},"author":4,"featured_media":0,"comment_status":"open","ping_status":"closed","sticky":false,"template":"","format":"standard","meta":{"footnotes":""},"categories":[5],"tags":[],"class_list":["post-4076","post","type-post","status-publish","format-standard","hentry","category-kek-hirek"],"_links":{"self":[{"href":"https:\/\/www.agriatv.hu\/index.php?rest_route=\/wp\/v2\/posts\/4076","targetHints":{"allow":["GET"]}}],"collection":[{"href":"https:\/\/www.agriatv.hu\/index.php?rest_route=\/wp\/v2\/posts"}],"about":[{"href":"https:\/\/www.agriatv.hu\/index.php?rest_route=\/wp\/v2\/types\/post"}],"author":[{"embeddable":true,"href":"https:\/\/www.agriatv.hu\/index.php?rest_route=\/wp\/v2\/users\/4"}],"replies":[{"embeddable":true,"href":"https:\/\/www.agriatv.hu\/index.php?rest_route=%2Fwp%2Fv2%2Fcomments&post=4076"}],"version-history":[{"count":2,"href":"https:\/\/www.agriatv.hu\/index.php?rest_route=\/wp\/v2\/posts\/4076\/revisions"}],"predecessor-version":[{"id":4079,"href":"https:\/\/www.agriatv.hu\/index.php?rest_route=\/wp\/v2\/posts\/4076\/revisions\/4079"}],"wp:attachment":[{"href":"https:\/\/www.agriatv.hu\/index.php?rest_route=%2Fwp%2Fv2%2Fmedia&parent=4076"}],"wp:term":[{"taxonomy":"category","embeddable":true,"href":"https:\/\/www.agriatv.hu\/index.php?rest_route=%2Fwp%2Fv2%2Fcategories&post=4076"},{"taxonomy":"post_tag","embeddable":true,"href":"https:\/\/www.agriatv.hu\/index.php?rest_route=%2Fwp%2Fv2%2Ftags&post=4076"}],"curies":[{"name":"wp","href":"https:\/\/api.w.org\/{rel}","templated":true}]}}