{"id":4081,"date":"2011-04-30T20:50:40","date_gmt":"2011-04-30T20:50:40","guid":{"rendered":"http:\/\/www.agriatv.hu\/?p=4081"},"modified":"2011-04-30T20:51:28","modified_gmt":"2011-04-30T20:51:28","slug":"bornapok-egerben","status":"publish","type":"post","link":"https:\/\/www.agriatv.hu\/?p=4081","title":{"rendered":"Bormaj\u00e1lis- arany\u00e9rmes borok k\u00f3stol\u00f3ja"},"content":{"rendered":"<p><a href=\"https:\/\/www.agriatv.hu\/wp-content\/uploads\/2011\/04\/0430bornap_V.jpg\"><img loading=\"lazy\" decoding=\"async\" class=\"alignleft size-medium wp-image-4082\" title=\"0430bornap_V\" src=\"https:\/\/www.agriatv.hu\/wp-content\/uploads\/2011\/04\/0430bornap_V-300x225.jpg\" alt=\"\" width=\"141\" height=\"84\" \/><\/a>H\u00e1rom napon kereszt\u00fcl k\u00f3stolhatnak bork\u00fcl\u00f6nlegess\u00e9geket Egerben a borkedvel\u0151k. Egri Borcsillagok az EU-napokon a Bormaj\u00e1lis hangzatos neve, amit \u00f6t\u00f6dik alkalommal rendeznek meg az id\u00e9n, melyen bemutatt\u00e1k \u00e9s meg\u00edzlelhett\u00e9k a Bordeuax-ban megrendezett Challenge International du Vin versenyen, Demeter Csaba arany\u00e9rmet szerzett bor\u00e1t is. A borok Olimpi\u00e1j\u00e1n m\u00e1r nem el\u0151sz\u00f6r vesz r\u00e9szt a Demeter pinc\u00e9szet \u00e9s nem is az els\u0151 arany\u00e9rem, amit lesz\u00fcretelhetett. Ha az ember kell\u0151 al\u00e1zattal fordul a term\u00e9szethez, az viszonz\u00e1sul megteremti sz\u00e1m\u00e1ra a harm\u00f3ni\u00e1t, ami a borok \u00edz vil\u00e1g\u00e1n is \u00e9rezhet\u0151.<\/p>\n<div class=\"wordtube\">\n<div class=\"wordtube single271\" id=\"WT1_1\" style=\"width:320px; height:240px;\">\n<a href=\"http:\/\/www.macromedia.com\/go\/getflashplayer\">Get the Flash Player<\/a> to see the wordTube Media Player.\n<\/div><\/div>\n\t<script type=\"text\/javascript\" defer=\"defer\">\nvar WT1_1 = {\n\tparams : {\n\t\twmode : \"opaque\",\n\t\tallowscriptaccess : \"always\",\n\t\tallownetworking : \"all\",\n\t\tallowfullscreen : \"true\"},\n\tflashvars : {\n\t\tfile : \"http%3A%2F%2Fwww.agriatv.hu%2Fwp-content%2Fuploads%2F2011%2F04%2F0430bornap.flv\",\n\t\tvolume : \"80\",\n\t\tbufferlength : \"5\",\n\t\tquality : \"false\",\n\t\t'logo.hide' : \"false\",\n\t\timage : \"http%3A%2F%2Fwww.agriatv.hu%2Fwp-content%2Fuploads%2F2011%2F04%2F0430bornap.jpg\",\n\t\ttitle : \"0430bornap.flv\",\n\t\tlinktarget : \"_self\"},\n\tattr : {\n\t\tid : \"WT1\",\n\t\tname : \"WT1\"},\n\tstart : function() {\n\t\tswfobject.embedSWF(\"https:\/\/www.agriatv.hu\/\/player.swf\", \"WT1_1\", \"320\", \"240\", \"9.0.0\", false, this.flashvars, this.params , this.attr );\n\t}\n}\nWT1_1.start();\n\t<\/script>\n\n<p>Tarsoly J\u00f3zsef elmondta, az egri borvid\u00e9k 7 bor\u00e1sza, 14 \u00e9rmet szerzett a megm\u00e9rettet\u00e9sen. Rem\u00e9li, hogy a tavaszi bormustr\u00e1n kellemes hangulatban, j\u00f3 zen\u00e9k mellett fogyaszthatj\u00e1k el a hegy lev\u00e9t az odal\u00e1togat\u00f3 \u00e9rdekl\u0151d\u0151k. M\u00e1r k\u00e9sz\u00fclnek a XV. Bikav\u00e9r \u00fcnnep\u00e9re, amelyet \u00faj helysz\u00ednen az \u00c9rsekkertben rendeznek meg.\u00a0 J\u00f3 alkalom mindk\u00e9t rendezv\u00e9ny arra, hogy Eger \u00faj bor\u00e1t az Egri Csillag fant\u00e1zia n\u00e9ven megjelentetett bort n\u00e9pszer\u0171s\u00edts\u00e9k \u00e9s felz\u00e1rk\u00f3ztass\u00e1k a Bikav\u00e9r mell\u00e9.<\/p>\n","protected":false},"excerpt":{"rendered":"<p>H\u00e1rom napon kereszt\u00fcl k\u00f3stolhatnak bork\u00fcl\u00f6nlegess\u00e9geket Egerben a borkedvel\u0151k. Egri Borcsillagok az EU-napokon a Bormaj\u00e1lis hangzatos neve, amit \u00f6t\u00f6dik alkalommal rendeznek meg az id\u00e9n, melyen bemutatt\u00e1k \u00e9s meg\u00edzlelhett\u00e9k a Bordeuax-ban megrendezett Challenge International du Vin versenyen, Demeter Csaba arany\u00e9rmet szerzett bor\u00e1t is. A borok Olimpi\u00e1j\u00e1n m\u00e1r nem el\u0151sz\u00f6r vesz r\u00e9szt a Demeter pinc\u00e9szet \u00e9s nem is [&#8230;]<\/p>\n","protected":false},"author":4,"featured_media":0,"comment_status":"open","ping_status":"closed","sticky":false,"template":"","format":"standard","meta":{"footnotes":""},"categories":[6,8,4],"tags":[],"class_list":["post-4081","post","type-post","status-publish","format-standard","hentry","category-belfold","category-kultura","category-szabadido"],"_links":{"self":[{"href":"https:\/\/www.agriatv.hu\/index.php?rest_route=\/wp\/v2\/posts\/4081","targetHints":{"allow":["GET"]}}],"collection":[{"href":"https:\/\/www.agriatv.hu\/index.php?rest_route=\/wp\/v2\/posts"}],"about":[{"href":"https:\/\/www.agriatv.hu\/index.php?rest_route=\/wp\/v2\/types\/post"}],"author":[{"embeddable":true,"href":"https:\/\/www.agriatv.hu\/index.php?rest_route=\/wp\/v2\/users\/4"}],"replies":[{"embeddable":true,"href":"https:\/\/www.agriatv.hu\/index.php?rest_route=%2Fwp%2Fv2%2Fcomments&post=4081"}],"version-history":[{"count":4,"href":"https:\/\/www.agriatv.hu\/index.php?rest_route=\/wp\/v2\/posts\/4081\/revisions"}],"predecessor-version":[{"id":4087,"href":"https:\/\/www.agriatv.hu\/index.php?rest_route=\/wp\/v2\/posts\/4081\/revisions\/4087"}],"wp:attachment":[{"href":"https:\/\/www.agriatv.hu\/index.php?rest_route=%2Fwp%2Fv2%2Fmedia&parent=4081"}],"wp:term":[{"taxonomy":"category","embeddable":true,"href":"https:\/\/www.agriatv.hu\/index.php?rest_route=%2Fwp%2Fv2%2Fcategories&post=4081"},{"taxonomy":"post_tag","embeddable":true,"href":"https:\/\/www.agriatv.hu\/index.php?rest_route=%2Fwp%2Fv2%2Ftags&post=4081"}],"curies":[{"name":"wp","href":"https:\/\/api.w.org\/{rel}","templated":true}]}}