{"id":4088,"date":"2011-05-01T18:59:36","date_gmt":"2011-05-01T18:59:36","guid":{"rendered":"http:\/\/www.agriatv.hu\/?p=4088"},"modified":"2011-05-01T18:59:36","modified_gmt":"2011-05-01T18:59:36","slug":"majalis-egerben-2011","status":"publish","type":"post","link":"https:\/\/www.agriatv.hu\/?p=4088","title":{"rendered":"Maj\u00e1lis Egerben &#8211; 2011."},"content":{"rendered":"<p><a href=\"https:\/\/www.agriatv.hu\/wp-content\/uploads\/2011\/05\/0501majalis_V.jpg\"><img loading=\"lazy\" decoding=\"async\" class=\"alignleft size-medium wp-image-4089\" title=\"0501majalis_V\" src=\"https:\/\/www.agriatv.hu\/wp-content\/uploads\/2011\/05\/0501majalis_V-300x240.jpg\" alt=\"\" width=\"122\" height=\"97\" srcset=\"https:\/\/www.agriatv.hu\/wp-content\/uploads\/2011\/05\/0501majalis_V-300x240.jpg 300w, https:\/\/www.agriatv.hu\/wp-content\/uploads\/2011\/05\/0501majalis_V.jpg 720w\" sizes=\"auto, (max-width: 122px) 100vw, 122px\" \/><\/a>1890. \u00f3ta \u00fcnnepelnek a szervezett dolgoz\u00f3k m\u00e1jus elsej\u00e9n. Az MSZOSZ azt tartja: ma m\u00e1r m\u00e1jus 1. a harc b\u00e9k\u00e9s eszk\u00f6ze.<\/p>\n<p>Az egri Sz\u00e9passzony-v\u00f6lgyben szakszervezetek, p\u00e1rtok, bar\u00e1ti t\u00e1rsas\u00e1gok gy\u0171ltek \u00f6ssze, hogy a borong\u00f3s id\u0151 ellen\u00e9re egy\u00fctt \u00fcnnepeljenek.<\/p>\n<div class=\"wordtube\">\n<div class=\"wordtube single272\" id=\"WT1_1\" style=\"width:320px; height:240px;\">\n<a href=\"http:\/\/www.macromedia.com\/go\/getflashplayer\">Get the Flash Player<\/a> to see the wordTube Media Player.\n<\/div><\/div>\n\t<script type=\"text\/javascript\" defer=\"defer\">\nvar WT1_1 = {\n\tparams : {\n\t\twmode : \"opaque\",\n\t\tallowscriptaccess : \"always\",\n\t\tallownetworking : \"all\",\n\t\tallowfullscreen : \"true\"},\n\tflashvars : {\n\t\tfile : \"http%3A%2F%2Fwww.agriatv.hu%2Fwp-content%2Fuploads%2F2011%2F05%2F0501majalis.flv\",\n\t\tvolume : \"80\",\n\t\tbufferlength : \"5\",\n\t\tquality : \"false\",\n\t\t'logo.hide' : \"false\",\n\t\timage : \"http%3A%2F%2Fwww.agriatv.hu%2Fwp-content%2Fuploads%2F2011%2F05%2F0501majalis.jpg\",\n\t\ttitle : \"0501majalis.flv\",\n\t\tlinktarget : \"_self\"},\n\tattr : {\n\t\tid : \"WT1\",\n\t\tname : \"WT1\"},\n\tstart : function() {\n\t\tswfobject.embedSWF(\"https:\/\/www.agriatv.hu\/\/player.swf\", \"WT1_1\", \"320\", \"240\", \"9.0.0\", false, this.flashvars, this.params , this.attr );\n\t}\n}\nWT1_1.start();\n\t<\/script>\n\n","protected":false},"excerpt":{"rendered":"<p>1890. \u00f3ta \u00fcnnepelnek a szervezett dolgoz\u00f3k m\u00e1jus elsej\u00e9n. Az MSZOSZ azt tartja: ma m\u00e1r m\u00e1jus 1. a harc b\u00e9k\u00e9s eszk\u00f6ze.<br \/>\nAz egri Sz\u00e9passzony-v\u00f6lgyben szakszervezetek, p\u00e1rtok, bar\u00e1ti t\u00e1rsas\u00e1gok gy\u0171ltek \u00f6ssze, hogy a borong\u00f3s id\u0151 ellen\u00e9re egy\u00fctt \u00fcnnepeljenek.<\/p>\n","protected":false},"author":4,"featured_media":0,"comment_status":"open","ping_status":"closed","sticky":false,"template":"","format":"standard","meta":{"footnotes":""},"categories":[6,4],"tags":[],"class_list":["post-4088","post","type-post","status-publish","format-standard","hentry","category-belfold","category-szabadido"],"_links":{"self":[{"href":"https:\/\/www.agriatv.hu\/index.php?rest_route=\/wp\/v2\/posts\/4088","targetHints":{"allow":["GET"]}}],"collection":[{"href":"https:\/\/www.agriatv.hu\/index.php?rest_route=\/wp\/v2\/posts"}],"about":[{"href":"https:\/\/www.agriatv.hu\/index.php?rest_route=\/wp\/v2\/types\/post"}],"author":[{"embeddable":true,"href":"https:\/\/www.agriatv.hu\/index.php?rest_route=\/wp\/v2\/users\/4"}],"replies":[{"embeddable":true,"href":"https:\/\/www.agriatv.hu\/index.php?rest_route=%2Fwp%2Fv2%2Fcomments&post=4088"}],"version-history":[{"count":2,"href":"https:\/\/www.agriatv.hu\/index.php?rest_route=\/wp\/v2\/posts\/4088\/revisions"}],"predecessor-version":[{"id":4091,"href":"https:\/\/www.agriatv.hu\/index.php?rest_route=\/wp\/v2\/posts\/4088\/revisions\/4091"}],"wp:attachment":[{"href":"https:\/\/www.agriatv.hu\/index.php?rest_route=%2Fwp%2Fv2%2Fmedia&parent=4088"}],"wp:term":[{"taxonomy":"category","embeddable":true,"href":"https:\/\/www.agriatv.hu\/index.php?rest_route=%2Fwp%2Fv2%2Fcategories&post=4088"},{"taxonomy":"post_tag","embeddable":true,"href":"https:\/\/www.agriatv.hu\/index.php?rest_route=%2Fwp%2Fv2%2Ftags&post=4088"}],"curies":[{"name":"wp","href":"https:\/\/api.w.org\/{rel}","templated":true}]}}