{"id":4096,"date":"2011-05-02T13:43:23","date_gmt":"2011-05-02T13:43:23","guid":{"rendered":"http:\/\/www.agriatv.hu\/?p=4096"},"modified":"2011-05-02T13:43:23","modified_gmt":"2011-05-02T13:43:23","slug":"a-tancosokert-irtak-level-habis-laszlonak","status":"publish","type":"post","link":"https:\/\/www.agriatv.hu\/?p=4096","title":{"rendered":"A t\u00e1ncosok\u00e9rt \u00edrtak &#8211; Lev\u00e9l Habis L\u00e1szl\u00f3nak"},"content":{"rendered":"<p><img loading=\"lazy\" decoding=\"async\" class=\"kiskepcikkhez alignleft\" src=\"http:\/\/www.egriszin.hu\/RenderedContents\/IndexImages\/7\/7648-20110501090154-Tanc_4.jpg\" alt=\"\" width=\"112\" height=\"150\" \/><strong>A &#8222;neml\u00e9tez\u0151 k\u00f6z\u00f6ns\u00e9g&#8221; nev\u00e9ben egri civilek egy  csoportja a t\u00e1nc vil\u00e1gnapj\u00e1n levelet \u00edrt Habis L\u00e1szl\u00f3 polg\u00e1rmesternek.  \u00a0A levelet R\u00e1zsi Botond alpolg\u00e1rmester \u00far vette \u00e1t. A lev\u00e9l ny\u00edlt, ahhoz  al\u00e1\u00edr\u00f3k\u00e9nt b\u00e1rki csatlakozhat, aki egyet\u00e9rt tartalm\u00e1val.<\/strong><\/p>\n<p><strong> <\/strong><\/p>\n<p><em> <\/em><\/p>\n<p><em> <\/em><\/p>\n<p><em> <\/em><\/p>\n<p><em> <\/em><\/p>\n<p><em>Tisztelt Polg\u00e1rmester \u00dar!<\/em><\/p>\n<p><em> <\/em><\/p>\n<p><em> <\/em><\/p>\n<p><em>A  nem l\u00e9tez\u0151nek v\u00e9lt k\u00f6z\u00f6ns\u00e9g nev\u00e9ben \u00edrunk \u00f6nnek levelet. \u201eNem l\u00e9tez\u0151\u201d,  \u00edrjuk, hiszen az elm\u00falt hetek, h\u00f3napok diskurzusai alapj\u00e1n egyre  nyilv\u00e1nval\u00f3bb\u00e1 v\u00e1lt, hogy egyesek sz\u00e1m\u00e1ra kifejezetten kellemetlen  vel\u00fcnk sz\u00e1molni, egyszer\u0171bb teh\u00e1t nem l\u00e9tez\u0151nek, de legal\u00e1bbis  l\u00e1thatatlanak \u00e9s n\u00e9m\u00e1nak elk\u00f6nyvelni minket. Ez\u00e9rt is szeretn\u00e9nk  jelezni, hogy igenis \u00e9l\u00fcnk, l\u00e9legz\u00fcnk \u00e9s hangot tudunk adni  v\u00e9lem\u00e9ny\u00fcnknek.<\/em><\/p>\n<p><em> <\/em><\/p>\n<p><em>Mi  eddig is \u2013 pontosan fogalmazva, eddig bizonyosan \u2013 ott \u00fclt\u00fcnk a  n\u00e9z\u0151t\u00e9ren, \u00e9s v\u00e1rtuk a csod\u00e1t, ami nem p\u00e1rtolt el t\u0151l\u00fcnk \u00ad\u00ad- valamilyen  m\u00f3don mindig megmutatkozott sz\u00e1munkra. Hol katarzis, hol megh\u00f6kken\u00e9s,  hol tem\u00e9rdek k\u00e9rd\u00e9s form\u00e1j\u00e1ban, melyekr\u0151l \u00f3r\u00e1kig, napokig, ak\u00e1r hetekig  lehetett gondolkodni, vitatkozni, besz\u00e9lgetni. Mindezek hat\u00e1s\u00e1ra val\u00f3ban  azt \u00e9rezhett\u00fck, hogy t\u00f6bbek lett\u00fcnk, hiszen tanulhattunk \u00f6nmagunkr\u00f3l, a  vil\u00e1gr\u00f3l, a sz\u00ednh\u00e1z\u00a0 kicsit felnyitotta a szem\u00fcnket. <\/em><\/p>\n<p><em> <\/em><\/p>\n<p><em>Akkor  v\u00e1lik igaz\u00e1n bels\u0151v\u00e9 \u00e9s biztoss\u00e1 egy meggy\u0151z\u0151d\u00e9s, egy \u00e9rt\u00e9k ha azt  szem\u00e9lyes \u00e1tdolgoz\u00e1s el\u0151zi meg, \u00e9s a feln\u0151tt \u00e9s felel\u0151s identit\u00e1snak  ezek is r\u00e9sz\u00e9t k\u00e9pezik. Ha m\u00e1r egyszer felel\u0151s honpolg\u00e1rokat akarnak  bel\u0151l\u00fcnk nevelni (mert ugye azt akarnak?), legal\u00e1bb legyenek  k\u00f6vetkezetesek! <\/em><\/p>\n<p><em> <\/em><\/p>\n<p><em>A  k\u00e9szre gy\u00e1rtott, instant v\u00e1laszok, amiket a torkunkon pr\u00f3b\u00e1lnak  letuszkolni, kiss\u00e9 megfekszik a gyomrunkat. Ez\u00e9rt \u00e9rezt\u00fck azt, hogy  valamit cselekedn\u00fcnk kell.<\/em><\/p>\n<p><em> <\/em><\/p>\n<p><em>Sz\u00edn\u00e9szeink  egy csoportja, t\u00f6rt\u00e9njen b\u00e1rmi is, t\u00e1vozik Egerb\u0151l. Neh\u00e9z sz\u00edvvel, de  elengedj\u00fck \u0151ket, tudv\u00e1n azt, b\u00e1rhol is legyenek, l\u00e9lekben \u2013 egyesek ak\u00e1r  fizikaliag is \u2013 vel\u00fck lesznek egy-egy el\u0151ad\u00e1sukon.<\/em><\/p>\n<p><em> <\/em><\/p>\n<p><em>De, hogy a t\u00e1ncosokkal is ugyanez t\u00f6rt\u00e9njen? Ebbe k\u00e9ptelenek vagyunk belet\u00f6r\u0151dni! <\/em><\/p>\n<p><em> <\/em><\/p>\n<p><em>\u00d6n\u00f6k  el\u0151tt sem titok, hogy Egerben egy igencsak sz\u00ednvonalas \u00e9s pezsg\u0151 m\u0171hely  kezdett kialakulni: Barta D\u00f3ra \u00e9s t\u00e1rsulata, el\u0151ad\u00e1sr\u00f3l el\u0151ad\u00e1sra  kalauzolt minket a kort\u00e1rs \u00e9s egyetemes t\u00e1nc &#8211;\u00a0 n\u00e9h\u00e1nyunk  sz\u00e1m\u00e1ra eddig m\u00e9g ismeretlen &#8211; vil\u00e1g\u00e1ba. Aki ott \u00fclt a n\u00e9z\u0151t\u00e9ren, az  megtapasztalhatta, hogy minden darabbal valami \u00fajat \u00e9s izgalmasat  mutattak meg nek\u00fcnk, a m\u0171v\u00e9szet \u00e9lvezet\u00e9nek egy eg\u00e9szen m\u00e1s aspektus\u00e1t  t\u00e1rt\u00e1k fel el\u0151tt\u00fcnk. R\u00e1\u00e9bredhett\u00fcnk, hogy nem csak szavakkal fejezhet\u0151ek  ki olyan dolgok, melyek k\u00f6r\u00fcl vesznek minket. Rettent\u0151 f\u00e1j\u00f3 lenne, ha  ennek a szellemi \u00e9s m\u0171v\u00e9szeti kalandnak is v\u00e9ge szakadna itt.<\/em><\/p>\n<p><em> <\/em><\/p>\n<p><em>Hatalmas  k\u00f6nnyelm\u0171s\u00e9gnek tartan\u00e1nk a v\u00e1ros r\u00e9sz\u00e9r\u0151l azt, hogy ennyi elismert  t\u00e1ncm\u0171v\u00e9szt, akik sz\u00e1mos d\u00edjjal rendelkeznek, akikhez nemzetk\u00f6zileg  elismert koreogr\u00e1fusok j\u00f6ttek el, hogy vel\u00fck dolgozhassanak, csak \u00fagy  elengedne. Tudom\u00e1sunk van azokr\u00f3l az anyagiakr\u00f3l, amiket a v\u00e1ros  hajland\u00f3 lett volna foly\u00f3s\u00edtani, hogy a tagozatot eredeti fel\u00e1ll\u00e1sban  tov\u00e1bbra is a sz\u00ednh\u00e1z falain bel\u00fcl tudja. Tiszt\u00e1ban vagyunk vele, hogy  az \u00f6nkorm\u00e1nyzatok jelenlegi anyagi k\u00f6r\u00fclm\u00e9nyei k\u00f6z\u00f6tt a v\u00e1llal\u00e1s nem  csek\u00e9ly: a gesztust \u00e9rt\u00e9kelj\u00fck. M\u00e9gis, arra k\u00e9rj\u00fck a polg\u00e1rmester urat  \u00e9s a v\u00e1rosvezet\u0151ket, hogy ne \u00e9rezz\u00e9k e felajn\u00e1l\u00e1ssal az \u00fcgyet  elint\u00e9zettnek! A p\u00e9nz\u00fcgyi aj\u00e1nlat mellett akt\u00edvan is l\u00e9pjenek fel, hogy  Eger friss, nyiladoz\u00f3 kultur\u00e1lis \u00e9let\u00e9t megments\u00e9k, helyet \u00e9s  lehet\u0151s\u00e9get adva a t\u00e1nctagozatnak.<\/em><\/p>\n<p><em> <\/em><\/p>\n<p><em>A  f\u00e1ma szerint, annak idej\u00e9n m\u00e9g a cs\u00e1sz\u00e1r j\u00f3v\u00e1hagy\u00e1s\u00e1t\u00f3l is f\u00fcgg\u00f6tt,  hogy Mozart egy oper\u00e1ja h\u00e1ny el\u0151ad\u00e1st \u00e9rhetett meg. Peter Schaffer h\u00edres  Amadeus\u00e1ban, a Figaro h\u00e1zass\u00e1ga bemutat\u00f3j\u00e1n egy \u201efels\u00e9ges \u00e1s\u00edt\u00e1s\u201d  megpecs\u00e9telte a darab aktu\u00e1lis sors\u00e1t. Az ut\u00f3kor nem a cs\u00e1sz\u00e1rt  igazolta. T\u00f6bb, mint 250 \u00e9v telt el az\u00f3ta. D\u00f6bbenten szeml\u00e9lj\u00fck, hogy  ma, a saj\u00e1t v\u00e1rosunkban szak\u00e9rt\u0151 hatalmasok szem\u00e9lyes \u00edzl\u00e9sbeli  preferenci\u00e1j\u00e1n m\u00falik egy m\u0171v\u00e9szi alkot\u00e1s, vagy egy\u00fcttes l\u00e9te. Ezt mi nem  vagyunk hajland\u00f3ak elfogadni!<\/em><\/p>\n<p><em> <\/em><\/p>\n<p><em>Ha  a v\u00e1ros val\u00f3ban szeretn\u00e9 itt tartani a fiataljait, s\u0151t m\u00e1sokat is  idevonzani, akkor igenis vegy\u00e9k figyelembe azok m\u0171v\u00e9szeti \u00e9s szellemi  ig\u00e9nyeit is! Ne lehetetlen\u00edts\u00e9k el Barta D\u00f3r\u00e1\u00e9k t\u00e1rsulat\u00e1t, hanem  tegyenek marad\u00e1suk\u00e9rt! <\/em><\/p>\n<p>&nbsp;<\/p>\n<p>Al\u00e1\u00edrhat\u00f3 a<a href=\"http:\/\/www.peticiok.com\/barta_dora_es_tarsulata_kell_egernek\"> k\u00f6vetkez\u0151 c\u00edmen. <\/a><\/p>\n<p>&nbsp;<\/p>\n<p>Facebook oldalak:<\/p>\n<p><a href=\"http:\/\/www.facebook.com\/pages\/Az-egri-t%C3%A1nc%C3%A9rt\/216319655046397?sk=info\">Az egri t\u00e1nc\u00e9rt<\/a><\/p>\n<p><a href=\"http:\/\/www.facebook.com\/home.php?sk=group_159454860780616\">Barta D\u00f3ra \u00e9s t\u00e1rsulata kell EGERNEK <\/a><\/p>\n<p>&nbsp;<\/p>\n","protected":false},"excerpt":{"rendered":"<p>A &#8222;neml\u00e9tez\u0151 k\u00f6z\u00f6ns\u00e9g&#8221; nev\u00e9ben egri civilek egy  csoportja a t\u00e1nc vil\u00e1gnapj\u00e1n levelet \u00edrt Habis L\u00e1szl\u00f3 polg\u00e1rmesternek.  \u00a0A levelet R\u00e1zsi Botond alpolg\u00e1rmester \u00far vette \u00e1t. A lev\u00e9l ny\u00edlt, ahhoz  al\u00e1\u00edr\u00f3k\u00e9nt b\u00e1rki csatlakozhat, aki egyet\u00e9rt tartalm\u00e1val.<\/p>\n<p>Tisztelt Polg\u00e1rmester \u00dar!<\/p>\n<p>A  nem l\u00e9tez\u0151nek v\u00e9lt k\u00f6z\u00f6ns\u00e9g nev\u00e9ben \u00edrunk \u00f6nnek levelet. [&#8230;]<\/p>\n","protected":false},"author":4,"featured_media":0,"comment_status":"open","ping_status":"closed","sticky":false,"template":"","format":"standard","meta":{"footnotes":""},"categories":[8,3,4],"tags":[],"class_list":["post-4096","post","type-post","status-publish","format-standard","hentry","category-kultura","category-politika","category-szabadido"],"_links":{"self":[{"href":"https:\/\/www.agriatv.hu\/index.php?rest_route=\/wp\/v2\/posts\/4096","targetHints":{"allow":["GET"]}}],"collection":[{"href":"https:\/\/www.agriatv.hu\/index.php?rest_route=\/wp\/v2\/posts"}],"about":[{"href":"https:\/\/www.agriatv.hu\/index.php?rest_route=\/wp\/v2\/types\/post"}],"author":[{"embeddable":true,"href":"https:\/\/www.agriatv.hu\/index.php?rest_route=\/wp\/v2\/users\/4"}],"replies":[{"embeddable":true,"href":"https:\/\/www.agriatv.hu\/index.php?rest_route=%2Fwp%2Fv2%2Fcomments&post=4096"}],"version-history":[{"count":2,"href":"https:\/\/www.agriatv.hu\/index.php?rest_route=\/wp\/v2\/posts\/4096\/revisions"}],"predecessor-version":[{"id":4098,"href":"https:\/\/www.agriatv.hu\/index.php?rest_route=\/wp\/v2\/posts\/4096\/revisions\/4098"}],"wp:attachment":[{"href":"https:\/\/www.agriatv.hu\/index.php?rest_route=%2Fwp%2Fv2%2Fmedia&parent=4096"}],"wp:term":[{"taxonomy":"category","embeddable":true,"href":"https:\/\/www.agriatv.hu\/index.php?rest_route=%2Fwp%2Fv2%2Fcategories&post=4096"},{"taxonomy":"post_tag","embeddable":true,"href":"https:\/\/www.agriatv.hu\/index.php?rest_route=%2Fwp%2Fv2%2Ftags&post=4096"}],"curies":[{"name":"wp","href":"https:\/\/api.w.org\/{rel}","templated":true}]}}