{"id":4099,"date":"2011-05-02T13:45:22","date_gmt":"2011-05-02T13:45:22","guid":{"rendered":"http:\/\/www.agriatv.hu\/?p=4099"},"modified":"2011-05-02T13:45:22","modified_gmt":"2011-05-02T13:45:22","slug":"permetezik-a-gesztenyefakat","status":"publish","type":"post","link":"https:\/\/www.agriatv.hu\/?p=4099","title":{"rendered":"Permetezik a gesztenyef\u00e1kat"},"content":{"rendered":"<p>&nbsp;<\/p>\n<p><img loading=\"lazy\" decoding=\"async\" class=\"alignleft\" src=\"http:\/\/www.egriszin.hu\/RenderedContents\/IndexImages\/7\/7653-20110502120847-g.jpg\" alt=\"\" width=\"150\" height=\"113\" \/><\/p>\n<p><strong>Az egri Polg\u00e1rmesteri Hivatal t\u00e1j\u00e9koztatja a lakoss\u00e1got, hogy a  V\u00e1rosgondoz\u00e1s Eger Kft. a k\u00f6zter\u00fcleteken tal\u00e1lhat\u00f3 vadgesztenyef\u00e1k  v\u00e9delme \u00e9rdek\u00e9ben permetez\u00e9st v\u00e9gez.<\/strong><\/p>\n<p>A vegyszeres kezel\u00e9st a rajz\u00e1sok figyelembe  v\u00e9tel\u00e9vel 2011. m\u00e1jus 4-e \u00e9s m\u00e1jus 12-e k\u00f6z\u00f6tt, a k\u00e9s\u0151 esti \u00f3r\u00e1kt\u00f3l  hajnalig, 22.00 \u00f3ra \u00e9s 3.00 \u00f3ra k\u00f6z\u00f6tt v\u00e9gzik, az id\u0151j\u00e1r\u00e1si t\u00e9nyez\u0151k  figyelembe v\u00e9tel\u00e9vel.<\/p>\n<p>A permetez\u00e9shez a k\u00f6vetkez\u0151 szereket  haszn\u00e1lj\u00e1k: Mirage 45 EC, Rimon 10 EC, melyek \u00e9lelmez\u00e9s-eg\u00e9szs\u00e9g\u00fcgyi  v\u00e1rakoz\u00e1si ideje 30 nap, munka-eg\u00e9szs\u00e9g\u00fcgyi v\u00e1rakoz\u00e1si ideje 0 nap. A  gesztenyef\u00e1k v\u00e9delm\u00e9re szolg\u00e1l\u00f3 vegyi anyagok a m\u00e9hekre nem, de a  vizekre vesz\u00e9lyesek.<\/p>\n<p>A Polg\u00e1rmesteri Hivatal k\u00e9ri az egri  lakosokat, hogy a megadott id\u0151pontokban a gesztenyef\u00e1k k\u00f6zel\u00e9ben  lehet\u0151leg ne tart\u00f3zkodjanak, a k\u00f6rny\u00e9ken lak\u00f3k az ablakokat z\u00e1rj\u00e1k be  \u00e9jszak\u00e1ra, \u00e9s a f\u00e1k alatt ne parkoljanak aut\u00f3ikkal.<\/p>\n","protected":false},"excerpt":{"rendered":"<p>&nbsp;<\/p>\n<p>Az egri Polg\u00e1rmesteri Hivatal t\u00e1j\u00e9koztatja a lakoss\u00e1got, hogy a  V\u00e1rosgondoz\u00e1s Eger Kft. a k\u00f6zter\u00fcleteken tal\u00e1lhat\u00f3 vadgesztenyef\u00e1k  v\u00e9delme \u00e9rdek\u00e9ben permetez\u00e9st v\u00e9gez.<br \/>\nA vegyszeres kezel\u00e9st a rajz\u00e1sok figyelembe  v\u00e9tel\u00e9vel 2011. m\u00e1jus 4-e \u00e9s m\u00e1jus 12-e k\u00f6z\u00f6tt, a k\u00e9s\u0151 esti \u00f3r\u00e1kt\u00f3l  hajnalig, 22.00 \u00f3ra \u00e9s 3.00 \u00f3ra k\u00f6z\u00f6tt v\u00e9gzik, az id\u0151j\u00e1r\u00e1si t\u00e9nyez\u0151k  figyelembe v\u00e9tel\u00e9vel.<br \/>\nA [&#8230;]<\/p>\n","protected":false},"author":4,"featured_media":0,"comment_status":"open","ping_status":"closed","sticky":false,"template":"","format":"standard","meta":{"footnotes":""},"categories":[6],"tags":[],"class_list":["post-4099","post","type-post","status-publish","format-standard","hentry","category-belfold"],"_links":{"self":[{"href":"https:\/\/www.agriatv.hu\/index.php?rest_route=\/wp\/v2\/posts\/4099","targetHints":{"allow":["GET"]}}],"collection":[{"href":"https:\/\/www.agriatv.hu\/index.php?rest_route=\/wp\/v2\/posts"}],"about":[{"href":"https:\/\/www.agriatv.hu\/index.php?rest_route=\/wp\/v2\/types\/post"}],"author":[{"embeddable":true,"href":"https:\/\/www.agriatv.hu\/index.php?rest_route=\/wp\/v2\/users\/4"}],"replies":[{"embeddable":true,"href":"https:\/\/www.agriatv.hu\/index.php?rest_route=%2Fwp%2Fv2%2Fcomments&post=4099"}],"version-history":[{"count":2,"href":"https:\/\/www.agriatv.hu\/index.php?rest_route=\/wp\/v2\/posts\/4099\/revisions"}],"predecessor-version":[{"id":4101,"href":"https:\/\/www.agriatv.hu\/index.php?rest_route=\/wp\/v2\/posts\/4099\/revisions\/4101"}],"wp:attachment":[{"href":"https:\/\/www.agriatv.hu\/index.php?rest_route=%2Fwp%2Fv2%2Fmedia&parent=4099"}],"wp:term":[{"taxonomy":"category","embeddable":true,"href":"https:\/\/www.agriatv.hu\/index.php?rest_route=%2Fwp%2Fv2%2Fcategories&post=4099"},{"taxonomy":"post_tag","embeddable":true,"href":"https:\/\/www.agriatv.hu\/index.php?rest_route=%2Fwp%2Fv2%2Ftags&post=4099"}],"curies":[{"name":"wp","href":"https:\/\/api.w.org\/{rel}","templated":true}]}}