{"id":4102,"date":"2011-05-02T13:54:03","date_gmt":"2011-05-02T13:54:03","guid":{"rendered":"http:\/\/www.agriatv.hu\/?p=4102"},"modified":"2011-05-02T13:54:03","modified_gmt":"2011-05-02T13:54:03","slug":"pofozkodas-anyak-napjan","status":"publish","type":"post","link":"https:\/\/www.agriatv.hu\/?p=4102","title":{"rendered":"Pofozkod\u00e1s any\u00e1k napj\u00e1n"},"content":{"rendered":"<p><span class=\"rg_ctlv\"><a id=\"rg_hl\" class=\"rg_hl\" href=\"http:\/\/www.google.hu\/imgres?imgurl=http:\/\/lakitelekikonyvtar.hu\/images\/picture\/rendorseg\/rendor.jpg&amp;imgrefurl=http:\/\/lakitelekikonyvtar.hu\/rendor.html&amp;usg=__ilhEch-RIzM7X2TSD5_PRBtO_Vg=&amp;h=407&amp;w=349&amp;sz=15&amp;hl=hu&amp;start=0&amp;zoom=1&amp;tbnid=nXIjA74rHY8c1M:&amp;tbnh=133&amp;tbnw=115&amp;ei=aLe-TduNNMyCswa6keCABg&amp;prev=\/search%3Fq%3Drend%25C5%2591rs%25C3%25A9g%26um%3D1%26hl%3Dhu%26client%3Dfirefox-a%26sa%3DN%26rls%3Dorg.mozilla:hu:official%26biw%3D1157%26bih%3D598%26tbm%3Disch&amp;um=1&amp;itbs=1&amp;iact=hc&amp;vpx=122&amp;vpy=100&amp;dur=87&amp;hovh=242&amp;hovw=208&amp;tx=129&amp;ty=131&amp;page=1&amp;ndsp=15&amp;ved=1t:429,r:0,s:0\"><img loading=\"lazy\" decoding=\"async\" id=\"rg_hi\" class=\"rg_hi alignleft\" src=\"http:\/\/t3.gstatic.com\/images?q=tbn:ANd9GcS7jPAIJ5uGvVay7mUW5FeNlDsiEJfM-LAd64n53X0FwDlm9tUFAg\" alt=\"\" width=\"102\" height=\"118\" \/><\/a><\/span>Elj\u00e1r\u00e1s indult gar\u00e1zdas\u00e1g \u00e9s k\u00f6nny\u0171 testi s\u00e9rt\u00e9s v\u00e9ts\u00e9g\u00e9nek megalapozott gyan\u00faja  miatt egy f\u00e9rfi ellen, aki 2011.m\u00e1jus 1-\u00e9n 12 \u00f3ra 35 perc k\u00f6r\u00fcli id\u0151ben az \u00e9desanyj\u00e1t  a saj\u00e1t, gy\u00f6ngy\u00f6si h\u00e1za el\u0151tti j\u00e1rdar\u00e9szen t\u00f6bb alkalommal b\u00e1ntalmazta majd lek\u00f6pte.<\/p>\n<p>A b\u00e1ntalmazott \u00e9desanya orvosi ell\u00e1t\u00e1sban r\u00e9szes\u00fclt, az els\u0151dleges orvosi v\u00e9lem\u00e9ny  alapj\u00e1n k\u00f6nny\u0171 s\u00e9r\u00fcl\u00e9seket szenvedett. A b\u00e1ntalmaz\u00f3 f\u00e9rfit forr\u00f3 nyomon \u00fcld\u00f6z\u00e9s  sor\u00e1n a Gy\u00f6ngy\u00f6si Rend\u0151rkapit\u00e1nys\u00e1g munkat\u00e1rsai elfogt\u00e1k, gyan\u00fas\u00edtottk\u00e9nt kihallgatt\u00e1k.<\/p>\n","protected":false},"excerpt":{"rendered":"<p>Elj\u00e1r\u00e1s indult gar\u00e1zdas\u00e1g \u00e9s k\u00f6nny\u0171 testi s\u00e9rt\u00e9s v\u00e9ts\u00e9g\u00e9nek megalapozott gyan\u00faja  miatt egy f\u00e9rfi ellen, aki 2011.m\u00e1jus 1-\u00e9n 12 \u00f3ra 35 perc k\u00f6r\u00fcli id\u0151ben az \u00e9desanyj\u00e1t  a saj\u00e1t, gy\u00f6ngy\u00f6si h\u00e1za el\u0151tti j\u00e1rdar\u00e9szen t\u00f6bb alkalommal b\u00e1ntalmazta majd lek\u00f6pte.<br \/>\nA b\u00e1ntalmazott \u00e9desanya orvosi ell\u00e1t\u00e1sban r\u00e9szes\u00fclt, az els\u0151dleges orvosi v\u00e9lem\u00e9ny  alapj\u00e1n k\u00f6nny\u0171 s\u00e9r\u00fcl\u00e9seket szenvedett. A b\u00e1ntalmaz\u00f3 f\u00e9rfit [&#8230;]<\/p>\n","protected":false},"author":4,"featured_media":0,"comment_status":"open","ping_status":"closed","sticky":false,"template":"","format":"standard","meta":{"footnotes":""},"categories":[5],"tags":[],"class_list":["post-4102","post","type-post","status-publish","format-standard","hentry","category-kek-hirek"],"_links":{"self":[{"href":"https:\/\/www.agriatv.hu\/index.php?rest_route=\/wp\/v2\/posts\/4102","targetHints":{"allow":["GET"]}}],"collection":[{"href":"https:\/\/www.agriatv.hu\/index.php?rest_route=\/wp\/v2\/posts"}],"about":[{"href":"https:\/\/www.agriatv.hu\/index.php?rest_route=\/wp\/v2\/types\/post"}],"author":[{"embeddable":true,"href":"https:\/\/www.agriatv.hu\/index.php?rest_route=\/wp\/v2\/users\/4"}],"replies":[{"embeddable":true,"href":"https:\/\/www.agriatv.hu\/index.php?rest_route=%2Fwp%2Fv2%2Fcomments&post=4102"}],"version-history":[{"count":2,"href":"https:\/\/www.agriatv.hu\/index.php?rest_route=\/wp\/v2\/posts\/4102\/revisions"}],"predecessor-version":[{"id":4104,"href":"https:\/\/www.agriatv.hu\/index.php?rest_route=\/wp\/v2\/posts\/4102\/revisions\/4104"}],"wp:attachment":[{"href":"https:\/\/www.agriatv.hu\/index.php?rest_route=%2Fwp%2Fv2%2Fmedia&parent=4102"}],"wp:term":[{"taxonomy":"category","embeddable":true,"href":"https:\/\/www.agriatv.hu\/index.php?rest_route=%2Fwp%2Fv2%2Fcategories&post=4102"},{"taxonomy":"post_tag","embeddable":true,"href":"https:\/\/www.agriatv.hu\/index.php?rest_route=%2Fwp%2Fv2%2Ftags&post=4102"}],"curies":[{"name":"wp","href":"https:\/\/api.w.org\/{rel}","templated":true}]}}