{"id":4108,"date":"2011-05-04T16:34:00","date_gmt":"2011-05-04T16:34:00","guid":{"rendered":"http:\/\/www.agriatv.hu\/?p=4108"},"modified":"2011-05-04T16:34:29","modified_gmt":"2011-05-04T16:34:29","slug":"szakszervezeti-dolgozok-fogadasa-a-varoshazan","status":"publish","type":"post","link":"https:\/\/www.agriatv.hu\/?p=4108","title":{"rendered":"Szakszervezeti dolgoz\u00f3k fogad\u00e1sa a V\u00e1rosh\u00e1z\u00e1n"},"content":{"rendered":"<p>&nbsp;<\/p>\n<p><img loading=\"lazy\" decoding=\"async\" class=\"alignleft\" src=\"http:\/\/www.egriszin.hu\/RenderedContents\/IndexImages\/7\/7663-20110504171300-P5030720.JPG\" alt=\"\" width=\"150\" height=\"113\" \/><\/p>\n<p><strong>A munka \u00fcnnepe alkalm\u00e1b\u00f3l a szakszervezetek helyi k\u00e9pvisel\u0151it k\u00f6sz\u00f6nt\u00f6tt\u00e9k kedden d\u00e9lut\u00e1n a V\u00e1rosh\u00e1z\u00e1n. <\/strong><\/p>\n<div><em>Habis L\u00e1szl\u00f3<\/em> Eger polg\u00e1rmestere besz\u00e9d\u00e9ben  t\u00f6rt\u00e9nelmi visszaeml\u00e9kez\u00e9st tartott M\u00e1jus 1-je \u00e9s a munka \u00fcnnep\u00e9nek  kialakul\u00e1sa kapcs\u00e1n. \u00cdgy fogalmazott: M\u00e1jus 1-je a nemzetk\u00f6zi  munk\u00e1smozgalmak \u00e1ltal kiharcolt \u00fcnnep, melyet a munk\u00e1sok \u00e1ltal el\u00e9rt  gazdas\u00e1gi \u00e9s szoci\u00e1lis v\u00edvm\u00e1nyokat hivatott meg\u00fcnnepelni 1890 \u00f3ta.  N\u00e9h\u00e1ny \u00e9vtizeddel ezel\u0151tt m\u00e9g az eg\u00e9sz orsz\u00e1g felvonul\u00e1ssal \u00fcnnepelte a  maj\u00e1list, de m\u00e1ra megv\u00e1ltozott az \u00fcnnep tartalma. A korm\u00e1nynak a  feladata, hogy minden dolgozni v\u00e1gy\u00f3 embert seg\u00edtse, er\u0151s\u00edtse. A  polg\u00e1rmester a V\u00e1rosh\u00e1z\u00e1n, Eger MJV nev\u00e9ben nagy tisztelettel  k\u00f6sz\u00f6nt\u00f6tte a munkav\u00e1llal\u00f3k \u00e9rdekk\u00e9pvisel\u0151it, minden dolgoz\u00f3 egrit, aki  munk\u00e1j\u00e1val bebizony\u00edtotta elhivatotts\u00e1g\u00e1t.<\/div>\n<div>A munkav\u00e1llal\u00f3k nev\u00e9ben <em>Fodor P\u00e1ln\u00e9<\/em>,  az Magyar Szakszervezetek Orsz\u00e1gos Sz\u00f6vets\u00e9g\u00e9nek megyei  k\u00e9pviselet\u00e9nek-vezet\u0151je besz\u00e9d\u00e9ben hangs\u00falyozta: M\u00e1jus 1-je tov\u00e1bbra is  legyen a munka \u00fcnnepe. Vissza kell \u00e1ll\u00edtani a munka becs\u00fclet\u00e9t, a  munkahelyek biztons\u00e1g\u00e1t. Az MSZOSZ strat\u00e9giai tervet dolgozott ki  2011-es \u00e9vre, melyben r\u00e9szletesen elemzik a szoci\u00e1lis, gazdas\u00e1gi,  p\u00e9nz\u00fcgyi, politikai v\u00e1ls\u00e1g hat\u00e1sait, \u00e9s ebben megfogalmazz\u00e1k, hogy  Eur\u00f3pai Uni\u00f3s orsz\u00e1gk\u00e9nt a kollekt\u00edv t\u00e1rgyal\u00e1sokon t\u00fal, az Eur\u00f3pai  Szakszervezetek Sz\u00f6vets\u00e9g\u00e9vel egy\u00fctt kell nemzeti \u00e9s eur\u00f3pai szinten  \u00f6sszefogni \u00e9s \u00f6sszehozni a munkav\u00e1llal\u00f3k megszerzett jogi v\u00e9delm\u00e9t.<\/div>\n<div>A  szakszervezetek renesz\u00e1nsza elker\u00fclhetetlen, a k\u00fcl\u00f6nb\u00f6z\u0151  \u00e9rdekcsoportoknak egy\u00fctt kell megtal\u00e1lniuk a megold\u00e1st, \u00e9s tov\u00e1bb l\u00e9pni,  hogy mindenki visszaker\u00fclj\u00f6n a munka vil\u00e1g\u00e1ba. A gazdas\u00e1gi v\u00e1ls\u00e1got  t\u00fal\u00e9lve kell \u00fajj\u00e1\u00e9p\u00edteni az orsz\u00e1got, egy\u00fctt kell megold\u00e1st tal\u00e1lni-  mondta Fodor P\u00e1ln\u00e9.<\/div>\n<div>A v\u00e1ros vezet\u00e9se fogad\u00e1ssal kedveskedett a szakszervezetek k\u00e9pvisel\u0151inek.<\/div>\n<div>Forr\u00e1s: <a href=\"http:\/\/egriszin.hu\">Egrisz\u00edn<\/a><\/div>\n","protected":false},"excerpt":{"rendered":"<p>&nbsp;<\/p>\n<p>A munka \u00fcnnepe alkalm\u00e1b\u00f3l a szakszervezetek helyi k\u00e9pvisel\u0151it k\u00f6sz\u00f6nt\u00f6tt\u00e9k kedden d\u00e9lut\u00e1n a V\u00e1rosh\u00e1z\u00e1n.<br \/>\nHabis L\u00e1szl\u00f3 Eger polg\u00e1rmestere besz\u00e9d\u00e9ben  t\u00f6rt\u00e9nelmi visszaeml\u00e9kez\u00e9st tartott M\u00e1jus 1-je \u00e9s a munka \u00fcnnep\u00e9nek  kialakul\u00e1sa kapcs\u00e1n. \u00cdgy fogalmazott: M\u00e1jus 1-je a nemzetk\u00f6zi  munk\u00e1smozgalmak \u00e1ltal kiharcolt \u00fcnnep, melyet a munk\u00e1sok \u00e1ltal el\u00e9rt  gazdas\u00e1gi \u00e9s szoci\u00e1lis v\u00edvm\u00e1nyokat hivatott meg\u00fcnnepelni 1890 [&#8230;]<\/p>\n","protected":false},"author":4,"featured_media":0,"comment_status":"open","ping_status":"closed","sticky":false,"template":"","format":"standard","meta":{"footnotes":""},"categories":[6],"tags":[],"class_list":["post-4108","post","type-post","status-publish","format-standard","hentry","category-belfold"],"_links":{"self":[{"href":"https:\/\/www.agriatv.hu\/index.php?rest_route=\/wp\/v2\/posts\/4108","targetHints":{"allow":["GET"]}}],"collection":[{"href":"https:\/\/www.agriatv.hu\/index.php?rest_route=\/wp\/v2\/posts"}],"about":[{"href":"https:\/\/www.agriatv.hu\/index.php?rest_route=\/wp\/v2\/types\/post"}],"author":[{"embeddable":true,"href":"https:\/\/www.agriatv.hu\/index.php?rest_route=\/wp\/v2\/users\/4"}],"replies":[{"embeddable":true,"href":"https:\/\/www.agriatv.hu\/index.php?rest_route=%2Fwp%2Fv2%2Fcomments&post=4108"}],"version-history":[{"count":2,"href":"https:\/\/www.agriatv.hu\/index.php?rest_route=\/wp\/v2\/posts\/4108\/revisions"}],"predecessor-version":[{"id":4110,"href":"https:\/\/www.agriatv.hu\/index.php?rest_route=\/wp\/v2\/posts\/4108\/revisions\/4110"}],"wp:attachment":[{"href":"https:\/\/www.agriatv.hu\/index.php?rest_route=%2Fwp%2Fv2%2Fmedia&parent=4108"}],"wp:term":[{"taxonomy":"category","embeddable":true,"href":"https:\/\/www.agriatv.hu\/index.php?rest_route=%2Fwp%2Fv2%2Fcategories&post=4108"},{"taxonomy":"post_tag","embeddable":true,"href":"https:\/\/www.agriatv.hu\/index.php?rest_route=%2Fwp%2Fv2%2Ftags&post=4108"}],"curies":[{"name":"wp","href":"https:\/\/api.w.org\/{rel}","templated":true}]}}