{"id":411,"date":"2010-07-08T15:42:11","date_gmt":"2010-07-08T15:42:11","guid":{"rendered":"http:\/\/www.agriatv.hu\/?p=411"},"modified":"2010-07-08T15:42:11","modified_gmt":"2010-07-08T15:42:11","slug":"tort-feher-vagy-sarga-vihar-a-liceum-szine-korul","status":"publish","type":"post","link":"https:\/\/www.agriatv.hu\/?p=411","title":{"rendered":"T\u00f6rt feh\u00e9r vagy s\u00e1rga? &#8211; vihar a L\u00edceum sz\u00edne k\u00f6r\u00fcl"},"content":{"rendered":"<p><img loading=\"lazy\" decoding=\"async\" align=\"left\" alt=\"A pr\u00f3bafest\u00e9st k\u00f6vet\u0151en v\u00e1lasztj\u00e1k ki az \u00e9p\u00fcletet fed\u0151 v\u00e9gleges sz\u00edneket. Fot\u00f3: G\u00e1l G\u00e1bor\" height=\"116\" src=\"http:\/\/heol.hu\/lapokkepek\/cikkek\/119000\/119037_liceum.jpg\" style=\"width: 175px; height: 116px;\" title=\"A pr\u00f3bafest\u00e9st k\u00f6vet\u0151en v\u00e1lasztj\u00e1k ki az \u00e9p\u00fcletet fed\u0151 v\u00e9gleges sz\u00edneket. Fot\u00f3: G\u00e1l G\u00e1bor\" width=\"175\" \/><strong>A tervez\u0151k t&ouml;rt feh&eacute;rben k&eacute;pzelt&eacute;k fel a fel&uacute;j&iacute;tand&oacute; L&iacute;ceumot, &aacute;m az &eacute;p&iacute;t&eacute;szek t&ouml;bb okb&oacute;l is a s&aacute;rga &aacute;rnyalatai mellett kardoskodnak.<\/strong><\/p>\n<p>Mint ismert, egy uni&oacute;s p&aacute;ly&aacute;zaton t&ouml;bb mint &ouml;tmilli&aacute;rd forint fejleszt&eacute;si forr&aacute;st nyert az egri <strong>Eszterh&aacute;zy K&aacute;roly F\u0151iskola<\/strong>, melynek keret&eacute;ben &uacute;jj&aacute;var&aacute;zsolj&aacute;k a <strong>L&iacute;ceumot<\/strong> is.<br \/>\n\t&ndash; Utolj&aacute;ra a &rsquo;60-as &eacute;vek elej&eacute;n &uacute;j&iacute;tott&aacute;k fel az &eacute;p&uuml;letet, akkor &eacute;p&iacute;tett&eacute;k ki egyebek mellett a k&ouml;zponti f\u0171t&eacute;st, lett k&eacute;tr&eacute;teg\u0171 az ablakszerkezet, &eacute;s akkor kapta jelenlegi sz&iacute;n&eacute;t is &ndash; bocs&aacute;jtotta el\u0151re <strong>R&aacute;tkai Attila<\/strong> egri f\u0151&eacute;p&iacute;t&eacute;sz.<\/p>\n<p>Elmond&aacute;sa szerint a tervez\u0151k a L&iacute;ceum &uacute;j sz&iacute;n&eacute;t t&ouml;rt feh&eacute;rnek &aacute;lmodt&aacute;k meg, &aacute;m ezzel kapcsolatban &ndash; az Orsz&aacute;gos Tervtan&aacute;cs el\u0151tti k&ouml;telez\u0151 bemutat&oacute;n &ndash; a szakma egy r&eacute;sze, k&ouml;zt&uuml;k az egri f\u0151&eacute;p&iacute;t&eacute;sszel, hat&aacute;rozott ellenv&eacute;lem&eacute;nyt fogalmazott meg.<br \/>\n\t&ndash; Meggy\u0151z\u0151d&eacute;s&uuml;nk ugyanis, hogy a homog&eacute;n feh&eacute;r sz&iacute;n\u0171 &eacute;p&uuml;letek a sz&iacute;nes v&aacute;rosk&eacute;pben egyfajta &bdquo;lukk&eacute;nt&rdquo; jelennek meg &ndash; tette hozz&aacute; magyar&aacute;zatk&eacute;nt.<\/p>\n<p><center>&nbsp;<\/center><\/p>\n<p>Az &eacute;rvek hat&aacute;sa alatt a tervtan&aacute;cs v&eacute;g&uuml;l &uacute;gy d&ouml;nt&ouml;tt: k&eacute;sz&uuml;lj&ouml;n egy sz&iacute;nterv, amelyre alapozva v&eacute;gleges&iacute;tik majd a L&iacute;ceum leend\u0151 sz&iacute;n&eacute;t. Egy falkutat&oacute; m\u0171v&eacute;szett&ouml;rt&eacute;n&eacute;sz szakember k&ouml;zrem\u0171k&ouml;d&eacute;s&eacute;vel, a tervez\u0151k jelenl&eacute;t&eacute;ben megvizsg&aacute;lt&aacute;k a m&aacute;r felt&aacute;rt, k&uuml;l&ouml;nb&ouml;z\u0151 korokb&oacute;l val&oacute; homlokzatsz&iacute;nez&eacute;si maradv&aacute;nyokat, &eacute;s siker&uuml;lt meg&aacute;llapodni abban: az &eacute;p&uuml;let minden &aacute;tfest&eacute;sekor a s&aacute;rga valamelyik &aacute;rnyalat&aacute;t haszn&aacute;lt&aacute;k. &Iacute;gy az illet&eacute;kesek akk&eacute;pp d&ouml;nt&ouml;ttek, hogy a felt&aacute;rt, eredeti sz&iacute;nez&eacute;s ut&aacute;n kiv&aacute;lasztott k&eacute;t-k&eacute;t s&aacute;rga &aacute;rnyalattal k&eacute;sz&uuml;lj&ouml;n pr&oacute;bafest&eacute;s, s ennek alapj&aacute;n v&aacute;lassz&aacute;k ki a v&eacute;gleges sz&iacute;neket.<\/p>\n<p>&ndash; A sz&iacute;nterv alapj&aacute;n hat&aacute;rozhat&oacute; meg, hogy melyik &aacute;rnyalat melyik falfel&uuml;letre, tagozatra ker&uuml;lj&ouml;n, s hogy milyen legyen az ablakok sz&iacute;ne, amir\u0151l m&eacute;g nem is esett sz&oacute;. Ezt a csat&aacute;t ugyan megnyert&uuml;k, de a h&aacute;bor&uacute;t m&eacute;g nem. A kutat&aacute;si eredm&eacute;nyek figyelembev&eacute;tel&eacute;vel olyan sz&iacute;neket kell kiv&aacute;lasztani, amelyek az &eacute;p&uuml;let k&ouml;rnyezet&eacute;ben l&eacute;v\u0151 sz&iacute;nvil&aacute;ggal &ndash; eset&uuml;nkben az &Eacute;rseki palot&aacute;val &eacute;s a Bazilik&aacute;val &ndash; harmoniz&aacute;lnak &ndash; &ouml;sszegezte v&eacute;lem&eacute;ny&eacute;t R&aacute;tkai Attila.<\/p>\n<p>Forr&aacute;s: Heol<\/p>\n","protected":false},"excerpt":{"rendered":"<p>A tervez\u0151k t&ouml;rt feh&eacute;rben k&eacute;pzelt&eacute;k fel a fel&uacute;j&iacute;tand&oacute; L&iacute;ceumot, &aacute;m az &eacute;p&iacute;t&eacute;szek t&ouml;bb okb&oacute;l is a s&aacute;rga &aacute;rnyalatai mellett kardoskodnak.<br \/>\nMint ismert, egy uni&oacute;s p&aacute;ly&aacute;zaton t&ouml;bb mint &ouml;tmilli&aacute;rd forint fejleszt&eacute;si forr&aacute;st nyert az egri Eszterh&aacute;zy K&aacute;roly F\u0151iskola, melynek keret&eacute;ben &uacute;jj&aacute;var&aacute;zsolj&aacute;k a L&iacute;ceumot is.<br \/>\n\t&ndash; Utolj&aacute;ra a &rsquo;60-as &eacute;vek elej&eacute;n &uacute;j&iacute;tott&aacute;k fel az &eacute;p&uuml;letet, akkor &eacute;p&iacute;tett&eacute;k ki egyebek [&#8230;]<\/p>\n","protected":false},"author":4,"featured_media":0,"comment_status":"closed","ping_status":"closed","sticky":false,"template":"","format":"standard","meta":{"footnotes":""},"categories":[8],"tags":[],"class_list":["post-411","post","type-post","status-publish","format-standard","hentry","category-kultura"],"_links":{"self":[{"href":"https:\/\/www.agriatv.hu\/index.php?rest_route=\/wp\/v2\/posts\/411","targetHints":{"allow":["GET"]}}],"collection":[{"href":"https:\/\/www.agriatv.hu\/index.php?rest_route=\/wp\/v2\/posts"}],"about":[{"href":"https:\/\/www.agriatv.hu\/index.php?rest_route=\/wp\/v2\/types\/post"}],"author":[{"embeddable":true,"href":"https:\/\/www.agriatv.hu\/index.php?rest_route=\/wp\/v2\/users\/4"}],"replies":[{"embeddable":true,"href":"https:\/\/www.agriatv.hu\/index.php?rest_route=%2Fwp%2Fv2%2Fcomments&post=411"}],"version-history":[{"count":1,"href":"https:\/\/www.agriatv.hu\/index.php?rest_route=\/wp\/v2\/posts\/411\/revisions"}],"predecessor-version":[{"id":412,"href":"https:\/\/www.agriatv.hu\/index.php?rest_route=\/wp\/v2\/posts\/411\/revisions\/412"}],"wp:attachment":[{"href":"https:\/\/www.agriatv.hu\/index.php?rest_route=%2Fwp%2Fv2%2Fmedia&parent=411"}],"wp:term":[{"taxonomy":"category","embeddable":true,"href":"https:\/\/www.agriatv.hu\/index.php?rest_route=%2Fwp%2Fv2%2Fcategories&post=411"},{"taxonomy":"post_tag","embeddable":true,"href":"https:\/\/www.agriatv.hu\/index.php?rest_route=%2Fwp%2Fv2%2Ftags&post=411"}],"curies":[{"name":"wp","href":"https:\/\/api.w.org\/{rel}","templated":true}]}}