{"id":4113,"date":"2011-05-04T16:53:50","date_gmt":"2011-05-04T16:53:50","guid":{"rendered":"http:\/\/www.agriatv.hu\/?p=4113"},"modified":"2011-05-04T16:54:12","modified_gmt":"2011-05-04T16:54:12","slug":"4113","status":"publish","type":"post","link":"https:\/\/www.agriatv.hu\/?p=4113","title":{"rendered":"Flash Mob"},"content":{"rendered":"<p><a href=\"..\/wp-content\/uploads\/2011\/05\/0504flashmob_V.jpg\"><img loading=\"lazy\" decoding=\"async\" class=\"alignleft\" title=\"0504flashmob_V\" src=\"..\/wp-content\/uploads\/2011\/05\/0504flashmob_V-300x240.jpg\" alt=\"\" width=\"142\" height=\"103\" \/><\/a>A K\u00f6z\u00e9p-Kelet-Eur\u00f3pai Rekre\u00e1ci\u00f3s T\u00e1rsas\u00e1g szerda d\u00e9lut\u00e1n egy Flash Mob bemutat\u00f3val lepte meg az Eszterh\u00e1zy t\u00e9ren tart\u00f3zkod\u00f3 j\u00e1r\u00f3kel\u0151ket.<\/p>\n<p>A t\u00e1rsas\u00e1g hirtelen a semmib\u0151l el\u0151bukkanva a Bazilika l\u00e9pcs\u0151in form\u00e1ci\u00f3ba alakult \u00e9s \u00fctemes zen\u00e9re vid\u00e1m, j\u00e1t\u00e9kos koreogr\u00e1fi\u00e1val \u00e9s lufik dob\u00e1l\u00e1s\u00e1val h\u00edvta fel mag\u00e1ra a figyelmet.<\/p>\n<p>A K\u00f6z\u00e9p-Kelet-Eur\u00f3pai Rekre\u00e1ci\u00f3s T\u00e1rsas\u00e1g, r\u00f6viden KERT, egy nem r\u00e9gen alakul szegedi t\u00e1rsas\u00e1g, amelynek c\u00e9lja a rekre\u00e1ci\u00f3 n\u00e9pszer\u0171s\u00edt\u00e9se, \u00e9s propag\u00e1l\u00e1sa a k\u00f6ztudatba.<\/p>\n<p>Dr. Fritz P\u00e9ter a t\u00e1rsas\u00e1g aleln\u00f6ke \u00edgy fogalmaz: Az volt az \u00e1lmunk, hogy a XXI. sz\u00e1zad t\u00e1rsadalmi kih\u00edv\u00e1s\u00e1ra egy olyan K\u00f6z\u00e9p-Kelet-Eur\u00f3p\u00e1ra kiterjed\u0151 t\u00e1rsas\u00e1got alap\u00edtsunk, mely a rekre\u00e1ci\u00f3 ter\u00fclet\u00e9n dolgoz\u00f3 szakembereknek \u00e9s hallgat\u00f3knak ny\u00fajt k\u00f6z\u00f6ss\u00e9gi helyet, szakmai \u00e9rdekk\u00e9pviseletet \u00e9s lehet\u0151s\u00e9get k\u00f6z\u00f6s, hat\u00e1rokon \u00e1tny\u00fal\u00f3 projektek, tudom\u00e1nyos kutat\u00e1sok \u00e9s szakmai ismeretb\u0151v\u00edt\u00e9sek megval\u00f3s\u00edt\u00e1s\u00e1ra.<div class=\"wordtube\">\n<div class=\"wordtube single273\" id=\"WT1_1\" style=\"width:320px; height:240px;\">\n<a href=\"http:\/\/www.macromedia.com\/go\/getflashplayer\">Get the Flash Player<\/a> to see the wordTube Media Player.\n<\/div><\/div>\n\t<script type=\"text\/javascript\" defer=\"defer\">\nvar WT1_1 = {\n\tparams : {\n\t\twmode : \"opaque\",\n\t\tallowscriptaccess : \"always\",\n\t\tallownetworking : \"all\",\n\t\tallowfullscreen : \"true\"},\n\tflashvars : {\n\t\tfile : \"http%3A%2F%2Fwww.agriatv.hu%2Fwp-content%2Fuploads%2F2011%2F05%2F0504flashmob.flv\",\n\t\tvolume : \"80\",\n\t\tbufferlength : \"5\",\n\t\tquality : \"false\",\n\t\t'logo.hide' : \"false\",\n\t\timage : \"http%3A%2F%2Fwww.agriatv.hu%2Fwp-content%2Fuploads%2F2011%2F05%2F0504flashmob.jpg\",\n\t\ttitle : \"0504flashmob.flv\",\n\t\tlinktarget : \"_self\"},\n\tattr : {\n\t\tid : \"WT1\",\n\t\tname : \"WT1\"},\n\tstart : function() {\n\t\tswfobject.embedSWF(\"https:\/\/www.agriatv.hu\/\/player.swf\", \"WT1_1\", \"320\", \"240\", \"9.0.0\", false, this.flashvars, this.params , this.attr );\n\t}\n}\nWT1_1.start();\n\t<\/script>\n<\/p>\n<p>Ennek az egri csoportjak\u00e9nt vagyunk most itt. Szeretn\u00e9nk, ha az EKF is ind\u00edtana rekre\u00e1ci\u00f3 szakot, ez\u00e9rt a f\u0151iskola fel\u00e9 is rekl\u00e1mozzuk a t\u00e1rsas\u00e1got- mondta el Balajta Ren\u00e1ta a KERT egyik aktivist\u00e1ja a bemutat\u00f3 ut\u00e1n. \u00a0Az akci\u00f3hoz a 10-es iskola n\u00e9h\u00e1ny di\u00e1kja , az EKF testnevel\u00e9s szakos, turizmus szervez\u0151, sportszervez\u0151 szakos\u00a0 f\u0151iskol\u00e1sok, \u00e9s a fels\u0151t\u00e1rk\u00e1nyi \u00e1ltal\u00e1nos iskol\u00e1s n\u00e9h\u00e1ny tanul\u00f3ja, valamint nyugd\u00edjasok is csatlakoztak.<\/p>\n<p>Forr\u00e1s: <a href=\"http:\/\/egriszin.hu\">Egrisz\u00edn<\/a><\/p>\n","protected":false},"excerpt":{"rendered":"<p>A K\u00f6z\u00e9p-Kelet-Eur\u00f3pai Rekre\u00e1ci\u00f3s T\u00e1rsas\u00e1g szerda d\u00e9lut\u00e1n egy Flash Mob bemutat\u00f3val lepte meg az Eszterh\u00e1zy t\u00e9ren tart\u00f3zkod\u00f3 j\u00e1r\u00f3kel\u0151ket.<br \/>\nA t\u00e1rsas\u00e1g hirtelen a semmib\u0151l el\u0151bukkanva a Bazilika l\u00e9pcs\u0151in form\u00e1ci\u00f3ba alakult \u00e9s \u00fctemes zen\u00e9re vid\u00e1m, j\u00e1t\u00e9kos koreogr\u00e1fi\u00e1val \u00e9s lufik dob\u00e1l\u00e1s\u00e1val h\u00edvta fel mag\u00e1ra a figyelmet.<br \/>\nA K\u00f6z\u00e9p-Kelet-Eur\u00f3pai Rekre\u00e1ci\u00f3s T\u00e1rsas\u00e1g, r\u00f6viden KERT, egy nem r\u00e9gen alakul szegedi t\u00e1rsas\u00e1g, amelynek c\u00e9lja a [&#8230;]<\/p>\n","protected":false},"author":4,"featured_media":0,"comment_status":"open","ping_status":"closed","sticky":false,"template":"","format":"standard","meta":{"footnotes":""},"categories":[8,9,4],"tags":[],"class_list":["post-4113","post","type-post","status-publish","format-standard","hentry","category-kultura","category-oktatas","category-szabadido"],"_links":{"self":[{"href":"https:\/\/www.agriatv.hu\/index.php?rest_route=\/wp\/v2\/posts\/4113","targetHints":{"allow":["GET"]}}],"collection":[{"href":"https:\/\/www.agriatv.hu\/index.php?rest_route=\/wp\/v2\/posts"}],"about":[{"href":"https:\/\/www.agriatv.hu\/index.php?rest_route=\/wp\/v2\/types\/post"}],"author":[{"embeddable":true,"href":"https:\/\/www.agriatv.hu\/index.php?rest_route=\/wp\/v2\/users\/4"}],"replies":[{"embeddable":true,"href":"https:\/\/www.agriatv.hu\/index.php?rest_route=%2Fwp%2Fv2%2Fcomments&post=4113"}],"version-history":[{"count":2,"href":"https:\/\/www.agriatv.hu\/index.php?rest_route=\/wp\/v2\/posts\/4113\/revisions"}],"predecessor-version":[{"id":4116,"href":"https:\/\/www.agriatv.hu\/index.php?rest_route=\/wp\/v2\/posts\/4113\/revisions\/4116"}],"wp:attachment":[{"href":"https:\/\/www.agriatv.hu\/index.php?rest_route=%2Fwp%2Fv2%2Fmedia&parent=4113"}],"wp:term":[{"taxonomy":"category","embeddable":true,"href":"https:\/\/www.agriatv.hu\/index.php?rest_route=%2Fwp%2Fv2%2Fcategories&post=4113"},{"taxonomy":"post_tag","embeddable":true,"href":"https:\/\/www.agriatv.hu\/index.php?rest_route=%2Fwp%2Fv2%2Ftags&post=4113"}],"curies":[{"name":"wp","href":"https:\/\/api.w.org\/{rel}","templated":true}]}}