{"id":4142,"date":"2011-05-07T11:40:38","date_gmt":"2011-05-07T11:40:38","guid":{"rendered":"http:\/\/www.agriatv.hu\/?p=4142"},"modified":"2011-05-07T11:40:38","modified_gmt":"2011-05-07T11:40:38","slug":"motorosok-ellenorzese-a-matraban","status":"publish","type":"post","link":"https:\/\/www.agriatv.hu\/?p=4142","title":{"rendered":"Motorosok ellen\u0151rz\u00e9se a M\u00e1tr\u00e1ban"},"content":{"rendered":"<p><a href=\"https:\/\/www.agriatv.hu\/wp-content\/uploads\/2011\/05\/0507motoros_v.jpg\"><img loading=\"lazy\" decoding=\"async\" class=\"alignleft size-medium wp-image-4146\" title=\"0507motoros_v\" src=\"https:\/\/www.agriatv.hu\/wp-content\/uploads\/2011\/05\/0507motoros_v-300x240.jpg\" alt=\"\" width=\"134\" height=\"107\" srcset=\"https:\/\/www.agriatv.hu\/wp-content\/uploads\/2011\/05\/0507motoros_v-300x240.jpg 300w, https:\/\/www.agriatv.hu\/wp-content\/uploads\/2011\/05\/0507motoros_v.jpg 720w\" sizes=\"auto, (max-width: 134px) 100vw, 134px\" \/><\/a>A Heves Megyei Rend\u0151r-f\u0151kapit\u00e1nys\u00e1g \u2013 Megyei Baleset-megel\u0151z\u00e9si Bizotts\u00e1ga minden \u00e9vben kiemelt figyelmet ford\u00edt a motorosok \u00e1ltal okozott balesetek visszaszor\u00edt\u00e1s\u00e1ra, a szab\u00e1lytalanul k\u00e9tkerekez\u0151k kisz\u0171r\u00e9s\u00e9re \u00e9s szankcion\u00e1l\u00e1s\u00e1ra.<\/p>\n<p>A sz\u00e9lesk\u00f6r\u0171 megel\u0151z\u0151 tev\u00e9kenys\u00e9g ellen\u00e9re azonban a tavalyi \u00e9vben m\u00e9gis kedvez\u0151tlen\u00fcl alakult a motorosok \u00e1ltal okozott balesetek sz\u00e1ma. 2010-ben 24-r\u0151l 31-re emelkedett azon szem\u00e9lyi s\u00e9r\u00fcl\u00e9ssel j\u00e1r\u00f3 k\u00f6z\u00fati k\u00f6zleked\u00e9si balesetek sz\u00e1ma, amely a motorosok hib\u00e1j\u00e1b\u00f3l ad\u00f3dott.<\/p>\n<p><strong>A 31 esetb\u0151l 3 hal\u00e1los kimenetel\u0171 volt, 20 s\u00falyos, 8 pedig k\u00f6nny\u0171 s\u00e9r\u00fcl\u00e9ssel v\u00e9gz\u0151d\u00f6tt. <\/strong><\/p>\n<p><strong>A motoros balesetek 83 %-\u00e1ban (azaz 26 esetben) a sebess\u00e9g hib\u00e1s megv\u00e1laszt\u00e1sa volt az ok. <div class=\"wordtube\">\n<div class=\"wordtube single279\" id=\"WT1_1\" style=\"width:320px; height:240px;\">\n<a href=\"http:\/\/www.macromedia.com\/go\/getflashplayer\">Get the Flash Player<\/a> to see the wordTube Media Player.\n<\/div><\/div>\n\t<script type=\"text\/javascript\" defer=\"defer\">\nvar WT1_1 = {\n\tparams : {\n\t\twmode : \"opaque\",\n\t\tallowscriptaccess : \"always\",\n\t\tallownetworking : \"all\",\n\t\tallowfullscreen : \"true\"},\n\tflashvars : {\n\t\tfile : \"http%3A%2F%2Fwww.agriatv.hu%2Fwp-content%2Fuploads%2F2011%2F05%2F0507motoros.flv\",\n\t\tvolume : \"80\",\n\t\tbufferlength : \"5\",\n\t\tquality : \"false\",\n\t\t'logo.hide' : \"false\",\n\t\timage : \"http%3A%2F%2Fwww.agriatv.hu%2Fwp-content%2Fuploads%2F2011%2F05%2F0507motoros.jpg\",\n\t\ttitle : \"0507motoros.flv\",\n\t\tlinktarget : \"_self\"},\n\tattr : {\n\t\tid : \"WT1\",\n\t\tname : \"WT1\"},\n\tstart : function() {\n\t\tswfobject.embedSWF(\"https:\/\/www.agriatv.hu\/\/player.swf\", \"WT1_1\", \"320\", \"240\", \"9.0.0\", false, this.flashvars, this.params , this.attr );\n\t}\n}\nWT1_1.start();\n\t<\/script>\n<\/strong><\/p>\n<p>A fenti adatokra tekintettel, a motorker\u00e9kp\u00e1rosok \u00e9s seg\u00e9dmotorosok \u00e1ltal el\u0151id\u00e9zett k\u00f6z\u00fati k\u00f6zleked\u00e9si balesetek visszaszor\u00edt\u00e1sa \u00e9s megel\u0151z\u00e9se \u00e9rdek\u00e9ben\u00a0 2011. m\u00e1jus 7-\u00e9n a 24-es f\u0151\u00faton fokozott k\u00f6z\u00fati ellen\u0151rz\u0151szolg\u00e1lat v\u00e9grehajt\u00e1s\u00e1ra ker\u00fcl sor. Az ellen\u0151rz\u00e9s v\u00e9grehajt\u00e1s\u00e1ban r\u00e9szt vesznek a Borsod-Aba\u00faj-Zempl\u00e9n MRFK \u00e9s a N\u00f3gr\u00e1d Megyei RFK motoros j\u00e1r\u0151rei is.<\/p>\n<p><strong> <\/strong><\/p>\n","protected":false},"excerpt":{"rendered":"<p>A Heves Megyei Rend\u0151r-f\u0151kapit\u00e1nys\u00e1g \u2013 Megyei Baleset-megel\u0151z\u00e9si Bizotts\u00e1ga minden \u00e9vben kiemelt figyelmet ford\u00edt a motorosok \u00e1ltal okozott balesetek visszaszor\u00edt\u00e1s\u00e1ra, a szab\u00e1lytalanul k\u00e9tkerekez\u0151k kisz\u0171r\u00e9s\u00e9re \u00e9s szankcion\u00e1l\u00e1s\u00e1ra.<br \/>\nA sz\u00e9lesk\u00f6r\u0171 megel\u0151z\u0151 tev\u00e9kenys\u00e9g ellen\u00e9re azonban a tavalyi \u00e9vben m\u00e9gis kedvez\u0151tlen\u00fcl alakult a motorosok \u00e1ltal okozott balesetek sz\u00e1ma. 2010-ben 24-r\u0151l 31-re emelkedett azon szem\u00e9lyi s\u00e9r\u00fcl\u00e9ssel j\u00e1r\u00f3 k\u00f6z\u00fati k\u00f6zleked\u00e9si balesetek sz\u00e1ma, amely [&#8230;]<\/p>\n","protected":false},"author":4,"featured_media":0,"comment_status":"open","ping_status":"closed","sticky":false,"template":"","format":"standard","meta":{"footnotes":""},"categories":[5],"tags":[],"class_list":["post-4142","post","type-post","status-publish","format-standard","hentry","category-kek-hirek"],"_links":{"self":[{"href":"https:\/\/www.agriatv.hu\/index.php?rest_route=\/wp\/v2\/posts\/4142","targetHints":{"allow":["GET"]}}],"collection":[{"href":"https:\/\/www.agriatv.hu\/index.php?rest_route=\/wp\/v2\/posts"}],"about":[{"href":"https:\/\/www.agriatv.hu\/index.php?rest_route=\/wp\/v2\/types\/post"}],"author":[{"embeddable":true,"href":"https:\/\/www.agriatv.hu\/index.php?rest_route=\/wp\/v2\/users\/4"}],"replies":[{"embeddable":true,"href":"https:\/\/www.agriatv.hu\/index.php?rest_route=%2Fwp%2Fv2%2Fcomments&post=4142"}],"version-history":[{"count":3,"href":"https:\/\/www.agriatv.hu\/index.php?rest_route=\/wp\/v2\/posts\/4142\/revisions"}],"predecessor-version":[{"id":4147,"href":"https:\/\/www.agriatv.hu\/index.php?rest_route=\/wp\/v2\/posts\/4142\/revisions\/4147"}],"wp:attachment":[{"href":"https:\/\/www.agriatv.hu\/index.php?rest_route=%2Fwp%2Fv2%2Fmedia&parent=4142"}],"wp:term":[{"taxonomy":"category","embeddable":true,"href":"https:\/\/www.agriatv.hu\/index.php?rest_route=%2Fwp%2Fv2%2Fcategories&post=4142"},{"taxonomy":"post_tag","embeddable":true,"href":"https:\/\/www.agriatv.hu\/index.php?rest_route=%2Fwp%2Fv2%2Ftags&post=4142"}],"curies":[{"name":"wp","href":"https:\/\/api.w.org\/{rel}","templated":true}]}}