{"id":4148,"date":"2011-05-07T19:00:04","date_gmt":"2011-05-07T19:00:04","guid":{"rendered":"http:\/\/www.agriatv.hu\/?p=4148"},"modified":"2011-05-07T19:00:04","modified_gmt":"2011-05-07T19:00:04","slug":"fulemule-nap","status":"publish","type":"post","link":"https:\/\/www.agriatv.hu\/?p=4148","title":{"rendered":"F\u00fclem\u00fcle-nap"},"content":{"rendered":"<p><a href=\"https:\/\/www.agriatv.hu\/wp-content\/uploads\/2011\/05\/0507madar_v.jpg\"><img loading=\"lazy\" decoding=\"async\" class=\"alignleft size-medium wp-image-4149\" title=\"0507madar_v\" src=\"https:\/\/www.agriatv.hu\/wp-content\/uploads\/2011\/05\/0507madar_v-300x240.jpg\" alt=\"\" width=\"135\" height=\"107\" srcset=\"https:\/\/www.agriatv.hu\/wp-content\/uploads\/2011\/05\/0507madar_v-300x240.jpg 300w, https:\/\/www.agriatv.hu\/wp-content\/uploads\/2011\/05\/0507madar_v.jpg 720w\" sizes=\"auto, (max-width: 135px) 100vw, 135px\" \/><\/a>A Madarak \u00e9s F\u00e1k napja alkalm\u00e1b\u00f3l, imm\u00e1ron negyedik alkalommal rendezt\u00e9k meg a F\u00fclem\u00fcl\u00e9k \u00e9jszak\u00e1j\u00e1t. Ennek a kicsiny mad\u00e1rnak az \u00e9letm\u00f3dja ihlette ezt a programot,\u00a0 a mai napon a Sz\u00e9passzony-v\u00f6lgyben barangolhattak a mad\u00e1rkedvel\u0151 kicsik \u00e9s nagyok. A Mad\u00e1rtani Egyes\u00fclet tartalmas programmal v\u00e1rt minden \u00e9rdekl\u0151d\u0151t. A madarakkal val\u00f3 ismerked\u00e9st r\u00f6vid s\u00e9t\u00e1val kezdt\u00e9k, ahol megismerhett\u00e9k \u00e9l\u0151hely\u00fcket. Ilyenkor a mad\u00e1rvil\u00e1g teljes t\u00e1rh\u00e1za szem\u00fcnk el\u00e9 t\u00e1rul, od\u00faban nevelked\u0151 fi\u00f3k\u00e1k, rig\u00f3k, posz\u00e1t\u00e1k, v\u00f6r\u00f6sbegyek \u00e9nek\u00e9t hallhatjuk. Amint a t\u00f6bbi mad\u00e1r nyugov\u00f3ra t\u00e9r kezdi \u00e9nek\u00e9t a f\u00fclem\u00fcle. De nem a mad\u00e1rcsicserg\u00e9s hallgat\u00e1sa az els\u0151dleges feladata az egyes\u00fclet ornitol\u00f3gusainak. Nagy hangs\u00falyt fektetnek a madarak befog\u00e1s\u00e1ra, ahol gy\u0171r\u0171vel l\u00e1tj\u00e1k el a madarakat, felm\u00e9rik \u00e1llapotukat, \u00e9letkorukat, szaporod\u00e1si szok\u00e1saikat. Ezek a gy\u0171r\u0171k k\u00e9pet mutathatnak a hazai mad\u00e1rfajt\u00e1k mozg\u00e1s\u00e1r\u00f3l, \u00e9let\u00fckr\u0151l, esetleges probl\u00e9m\u00e1ikr\u00f3l. Term\u00e9szetesen ezen alkalmakor a madarak biztons\u00e1g\u00e1ra nagy hangs\u00falyt fektetnek, v\u00e9deni \u00e9s nem k\u00e1rt tenni szeretn\u00e9nek a mad\u00e1r\u00e1llom\u00e1nyban. Rausz Rit\u00e1t\u00f3l megtudhattuk: sz\u00edvesen \u00e1llnak iskol\u00e1k \u00e9s egy\u00e9b civil szervezetek rendelkez\u00e9s\u00e9re, \u00e9s az \u00f6nkorm\u00e1nyzattal kar\u00f6ltve szervezik\u00a0 programjaikat.<\/p>\n<div class=\"wordtube\">\n<div class=\"wordtube single280\" id=\"WT1_1\" style=\"width:320px; height:240px;\">\n<a href=\"http:\/\/www.macromedia.com\/go\/getflashplayer\">Get the Flash Player<\/a> to see the wordTube Media Player.\n<\/div><\/div>\n\t<script type=\"text\/javascript\" defer=\"defer\">\nvar WT1_1 = {\n\tparams : {\n\t\twmode : \"opaque\",\n\t\tallowscriptaccess : \"always\",\n\t\tallownetworking : \"all\",\n\t\tallowfullscreen : \"true\"},\n\tflashvars : {\n\t\tfile : \"http%3A%2F%2Fwww.agriatv.hu%2Fwp-content%2Fuploads%2F2011%2F05%2F0507madar.flv\",\n\t\tvolume : \"80\",\n\t\tbufferlength : \"5\",\n\t\tquality : \"false\",\n\t\t'logo.hide' : \"false\",\n\t\timage : \"http%3A%2F%2Fwww.agriatv.hu%2Fwp-content%2Fuploads%2F2011%2F05%2F0507madar.jpg\",\n\t\ttitle : \"0507madar.flv\",\n\t\tlinktarget : \"_self\"},\n\tattr : {\n\t\tid : \"WT1\",\n\t\tname : \"WT1\"},\n\tstart : function() {\n\t\tswfobject.embedSWF(\"https:\/\/www.agriatv.hu\/\/player.swf\", \"WT1_1\", \"320\", \"240\", \"9.0.0\", false, this.flashvars, this.params , this.attr );\n\t}\n}\nWT1_1.start();\n\t<\/script>\n\n","protected":false},"excerpt":{"rendered":"<p>A Madarak \u00e9s F\u00e1k napja alkalm\u00e1b\u00f3l, imm\u00e1ron negyedik alkalommal rendezt\u00e9k meg a F\u00fclem\u00fcl\u00e9k \u00e9jszak\u00e1j\u00e1t. Ennek a kicsiny mad\u00e1rnak az \u00e9letm\u00f3dja ihlette ezt a programot,\u00a0 a mai napon a Sz\u00e9passzony-v\u00f6lgyben barangolhattak a mad\u00e1rkedvel\u0151 kicsik \u00e9s nagyok. A Mad\u00e1rtani Egyes\u00fclet tartalmas programmal v\u00e1rt minden \u00e9rdekl\u0151d\u0151t. A madarakkal val\u00f3 ismerked\u00e9st r\u00f6vid s\u00e9t\u00e1val kezdt\u00e9k, ahol megismerhett\u00e9k \u00e9l\u0151hely\u00fcket. Ilyenkor a [&#8230;]<\/p>\n","protected":false},"author":4,"featured_media":0,"comment_status":"open","ping_status":"closed","sticky":false,"template":"","format":"standard","meta":{"footnotes":""},"categories":[6,4],"tags":[],"class_list":["post-4148","post","type-post","status-publish","format-standard","hentry","category-belfold","category-szabadido"],"_links":{"self":[{"href":"https:\/\/www.agriatv.hu\/index.php?rest_route=\/wp\/v2\/posts\/4148","targetHints":{"allow":["GET"]}}],"collection":[{"href":"https:\/\/www.agriatv.hu\/index.php?rest_route=\/wp\/v2\/posts"}],"about":[{"href":"https:\/\/www.agriatv.hu\/index.php?rest_route=\/wp\/v2\/types\/post"}],"author":[{"embeddable":true,"href":"https:\/\/www.agriatv.hu\/index.php?rest_route=\/wp\/v2\/users\/4"}],"replies":[{"embeddable":true,"href":"https:\/\/www.agriatv.hu\/index.php?rest_route=%2Fwp%2Fv2%2Fcomments&post=4148"}],"version-history":[{"count":5,"href":"https:\/\/www.agriatv.hu\/index.php?rest_route=\/wp\/v2\/posts\/4148\/revisions"}],"predecessor-version":[{"id":4156,"href":"https:\/\/www.agriatv.hu\/index.php?rest_route=\/wp\/v2\/posts\/4148\/revisions\/4156"}],"wp:attachment":[{"href":"https:\/\/www.agriatv.hu\/index.php?rest_route=%2Fwp%2Fv2%2Fmedia&parent=4148"}],"wp:term":[{"taxonomy":"category","embeddable":true,"href":"https:\/\/www.agriatv.hu\/index.php?rest_route=%2Fwp%2Fv2%2Fcategories&post=4148"},{"taxonomy":"post_tag","embeddable":true,"href":"https:\/\/www.agriatv.hu\/index.php?rest_route=%2Fwp%2Fv2%2Ftags&post=4148"}],"curies":[{"name":"wp","href":"https:\/\/api.w.org\/{rel}","templated":true}]}}