{"id":415,"date":"2010-07-09T12:07:26","date_gmt":"2010-07-09T12:07:26","guid":{"rendered":"http:\/\/www.agriatv.hu\/?p=415"},"modified":"2010-07-09T12:08:03","modified_gmt":"2010-07-09T12:08:03","slug":"elo-nepmuveszet-a-varban","status":"publish","type":"post","link":"https:\/\/www.agriatv.hu\/?p=415","title":{"rendered":"\u00c9l\u0151 n\u00e9pm\u0171v\u00e9szet a v\u00e1rban"},"content":{"rendered":"<p class=\"cikkcikkei\">&nbsp;<\/p>\n<p><img decoding=\"async\" align=\"left\" class=\"kiskepcikkhez\" src=\"http:\/\/www.egriszin.hu\/RenderedContents\/IndexImages\/5\/5768-20100709123240-SANY8001.JPG\" title=\"\" \/><\/p>\n<p><b>A hagyom&aacute;ny &eacute;s az &eacute;rt&eacute;kek mai m\u0171v&eacute;szek &aacute;ltal k&eacute;sz&iacute;tett t&aacute;rgyai l&aacute;that&oacute;k a XV. &Eacute;l\u0151 N&eacute;pm\u0171v&eacute;szet &#8211; Orsz&aacute;gos N&eacute;pm\u0171v&eacute;szeti Ki&aacute;ll&iacute;t&aacute;s &eacute;szak-magyarorsz&aacute;gi r&eacute;gi&oacute;s bemutat&oacute;j&aacute;n, amely tegnap d&eacute;lut&aacute;n ny&iacute;lt meg az egri G&oacute;tikus palot&aacute;j&aacute;ban. A ma is &eacute;l\u0151 trad&iacute;ci&oacute;t megjelen&iacute;t\u0151 t&aacute;rlaton 111 alkot&oacute; 467 munk&aacute;j&aacute;t tekintheti meg a k&ouml;z&ouml;ns&eacute;g.<\/b><\/p>\n<p align=\"justify\">A hagyom&aacute;nyos n&eacute;pi kult&uacute;r&aacute;t mai k&eacute;zzel megfogalmaz&oacute; &eacute;s feldolgoz&oacute; ki&aacute;ll&iacute;t&aacute;s m&eacute;lt&oacute; helyen mutatkozik be, hiszen a Dob&oacute; Istv&aacute;n V&aacute;rm&uacute;zeum t&ouml;rekszik mind a hagyom&aacute;nny&aacute; v&aacute;lt mind az &eacute;l\u0151 n&eacute;pm\u0171v&eacute;szet bemutat&aacute;sa, hangs&uacute;lyozta Dr. Veres G&aacute;bor, a V&aacute;rm&uacute;zeum igazgat&oacute;ja k&ouml;sz&ouml;nt\u0151j&eacute;ben.<br \/>\n\tA szak&eacute;rt\u0151 zs\u0171ri k&ouml;zel ezer be&eacute;rkezett t&aacute;rgyb&oacute;l v&aacute;lasztotta ki azt a 467-et, amit egy ki&aacute;ll&iacute;t&aacute;s form&aacute;j&aacute;ban t&aacute;rnak a nagyk&ouml;z&ouml;ns&eacute;g el&eacute;. A 111 alkot&oacute; &aacute;ltal k&eacute;sz&iacute;tett munk&aacute;k, a t&aacute;rgyalkot&oacute; n&eacute;pm\u0171v&eacute;szet &eacute;s n&eacute;pi kismesters&eacute;gek olyan &aacute;gaiban mutatkoznak meg, mint a t&ouml;rt&eacute;neti &eacute;s paraszti h&iacute;mz&eacute;s, a csipke, a k&eacute;kfest\u0151 viselet, a n&eacute;pi &eacute;kszer, a sz\u0151ttes, a nemez, a fam\u0171vess&eacute;g, a csont- &eacute;s szarufarag&aacute;s, a kov&aacute;csmesters&eacute;g, a fazekass&aacute;g, a b\u0151rm\u0171vess&eacute;g, a szalma-, csuh&eacute;-, gy&eacute;k&eacute;ny- &eacute;s vessz\u0151fon&aacute;s, a m&eacute;zeskal&aacute;cs-, a h&iacute;mes toj&aacute;s-&nbsp; &eacute;s a gyermekj&aacute;t&eacute;k k&eacute;szt&eacute;s.<br \/>\n\tAz Oktat&aacute;si &eacute;s Kultur&aacute;lis Miniszt&eacute;rium, a Hagyom&aacute;nyok H&aacute;za, a N&eacute;pm\u0171v&eacute;szeti Egyes&uuml;letek Orsz&aacute;gos Sz&ouml;vets&eacute;ge &eacute;s a Heves Megyei Pedag&oacute;giai Szakmai &eacute;s K&ouml;zm\u0171vel\u0151d&eacute;si Szolg&aacute;ltat&oacute; Int&eacute;zm&eacute;nye.<\/p>\n<p align=\"justify\">Ag&oacute;cs Gergely n&eacute;prajzkutat&oacute; megnyit&oacute;besz&eacute;d&eacute;ben kit&eacute;rt arra, hogy a hagyom&aacute;ny &aacute;ltal hordozott, identit&aacute;sunkat &eacute;s valamilyens&eacute;g&uuml;nket bemutat&oacute; minden &eacute;rt&eacute;k fontos, a fogyaszt&oacute;i t&aacute;rsadalom ak&aacute;rmilyens&eacute;get sugall&oacute; term&eacute;keivel szemben. Az identit&aacute;st er\u0151s&iacute;t\u0151 n&eacute;pi kult&uacute;ra, a t&aacute;rgyakon kereszt&uuml;l fejez\u0151dik ki, aminek sz&eacute;p p&eacute;ld&aacute;ja ez a ki&aacute;ll&iacute;t&aacute;s.<\/p>\n<p align=\"justify\">A magas sz&iacute;nvonal&uacute;, gazdag &eacute;s v&aacute;ltozatos anyag, a n&eacute;pi d&iacute;sz&iacute;t\u0151m\u0171v&eacute;szet k&uuml;l&ouml;nb&ouml;z\u0151 ter&uuml;leteir\u0151l 23 szak&aacute;gban mutatja be a r&eacute;gi&oacute;ban tal&aacute;lhat&oacute; alkot&oacute;k tev&eacute;kenys&eacute;g&eacute;t, r&aacute;vil&aacute;g&iacute;tva az el\u0151d&ouml;k munk&aacute;ss&aacute;g&aacute;ra, gondolkod&aacute;sm&oacute;dj&aacute;ra.<br \/>\n\tDr. Csiff&aacute;ryn&eacute; dr. Schwalm Edit, az egri m&uacute;zeum n&eacute;prajzkutat&oacute;ja t&aacute;rlatvezet&eacute;s keret&eacute;ben mutatta be r&eacute;szletesen a gy\u0171jtem&eacute;nyt, amelyben k&eacute;t ir&aacute;nyzatot figyelhet meg a l&aacute;togat&oacute;. A trad&iacute;cion&aacute;lis n&eacute;pm\u0171v&eacute;szeti &ouml;r&ouml;ks&eacute;get iparm\u0171v&eacute;szeti &eacute;s egy&eacute;ni, sz&ouml;vetkezeti &eacute;s amat\u0151r form&aacute;ban tov&aacute;bb viv\u0151 alkot&oacute;k egyr&eacute;szt a trad&iacute;ci&oacute;k ment&eacute;n haladva azt h\u0171en igyekeznek visszaadni, m&aacute;sr&eacute;szt a mai k&ouml;rnyezethez &eacute;s &eacute;letform&aacute;hoz alkalmazkodva fogalmazz&aacute;k &aacute;t a hagyom&aacute;nyt. Ez az ut&oacute;bbi tendencia is mutatja, hogy a hagyom&aacute;nyos m\u0171v&eacute;szet is k&eacute;pes fejl\u0151dni, &uacute;j elemeket befogadva \u0151rzi az &eacute;rt&eacute;keket.<\/p>\n<p align=\"justify\">Forr&aacute;s: Egrisz&iacute;n<\/p>\n<p><script type=\"text\/javascript\">\nfunction contcsere2707(belsodiv) {<\/p>\n<p>  obj=document.getElementById('bCont2707_1');\n  obj.style.display='none';<\/p>\n<p>  obj=document.getElementById('bCont2707_2');\n  obj.style.display='none';<\/p>\n<p>  obj=document.getElementById('bCont2707_3');\n  obj.style.display='none';<\/p>\n<p>  obj=document.getElementById('bCont2707_4');\n  obj.style.display='none';\n   obj=document.getElementById(belsodiv); \n  obj.style.display='block';\n}\n<\/script><\/p>\n<p style=\"text-align: center;\"><span class=\"keptarolo kt_center_nf\" id=\"container2707\"><span id=\"bCont2707_1\" style=\"display: block;\"><a href=\"http:\/\/www.egriszin.hu\/RenderedContents\/middleImages\/8\/8593-20100709:123823-SANY7999.JPG\" rel=\"lightbox[container2707]\" title=\"1\"><img decoding=\"async\" border=\"0\" src=\"http:\/\/www.egriszin.hu\/RenderedContents\/Images\/8\/8593-20100709:123823-SANY7999.JPG\" style=\"width: 179px; height: 133px;\" title=\"Kattintson!\" \/><\/a><br \/>\n\t<\/span><\/span><\/p>\n","protected":false},"excerpt":{"rendered":"<p>&nbsp;<\/p>\n<p>A hagyom&aacute;ny &eacute;s az &eacute;rt&eacute;kek mai m\u0171v&eacute;szek &aacute;ltal k&eacute;sz&iacute;tett t&aacute;rgyai l&aacute;that&oacute;k a XV. &Eacute;l\u0151 N&eacute;pm\u0171v&eacute;szet &#8211; Orsz&aacute;gos N&eacute;pm\u0171v&eacute;szeti Ki&aacute;ll&iacute;t&aacute;s &eacute;szak-magyarorsz&aacute;gi r&eacute;gi&oacute;s bemutat&oacute;j&aacute;n, amely tegnap d&eacute;lut&aacute;n ny&iacute;lt meg az egri G&oacute;tikus palot&aacute;j&aacute;ban. A ma is &eacute;l\u0151 trad&iacute;ci&oacute;t megjelen&iacute;t\u0151 t&aacute;rlaton 111 alkot&oacute; 467 munk&aacute;j&aacute;t tekintheti meg a k&ouml;z&ouml;ns&eacute;g.<br \/>\nA hagyom&aacute;nyos n&eacute;pi kult&uacute;r&aacute;t mai k&eacute;zzel megfogalmaz&oacute; &eacute;s feldolgoz&oacute; ki&aacute;ll&iacute;t&aacute;s [&#8230;]<\/p>\n","protected":false},"author":4,"featured_media":0,"comment_status":"closed","ping_status":"closed","sticky":false,"template":"","format":"standard","meta":{"footnotes":""},"categories":[8],"tags":[],"class_list":["post-415","post","type-post","status-publish","format-standard","hentry","category-kultura"],"_links":{"self":[{"href":"https:\/\/www.agriatv.hu\/index.php?rest_route=\/wp\/v2\/posts\/415","targetHints":{"allow":["GET"]}}],"collection":[{"href":"https:\/\/www.agriatv.hu\/index.php?rest_route=\/wp\/v2\/posts"}],"about":[{"href":"https:\/\/www.agriatv.hu\/index.php?rest_route=\/wp\/v2\/types\/post"}],"author":[{"embeddable":true,"href":"https:\/\/www.agriatv.hu\/index.php?rest_route=\/wp\/v2\/users\/4"}],"replies":[{"embeddable":true,"href":"https:\/\/www.agriatv.hu\/index.php?rest_route=%2Fwp%2Fv2%2Fcomments&post=415"}],"version-history":[{"count":2,"href":"https:\/\/www.agriatv.hu\/index.php?rest_route=\/wp\/v2\/posts\/415\/revisions"}],"predecessor-version":[{"id":417,"href":"https:\/\/www.agriatv.hu\/index.php?rest_route=\/wp\/v2\/posts\/415\/revisions\/417"}],"wp:attachment":[{"href":"https:\/\/www.agriatv.hu\/index.php?rest_route=%2Fwp%2Fv2%2Fmedia&parent=415"}],"wp:term":[{"taxonomy":"category","embeddable":true,"href":"https:\/\/www.agriatv.hu\/index.php?rest_route=%2Fwp%2Fv2%2Fcategories&post=415"},{"taxonomy":"post_tag","embeddable":true,"href":"https:\/\/www.agriatv.hu\/index.php?rest_route=%2Fwp%2Fv2%2Ftags&post=415"}],"curies":[{"name":"wp","href":"https:\/\/api.w.org\/{rel}","templated":true}]}}