{"id":4157,"date":"2011-05-09T13:16:32","date_gmt":"2011-05-09T13:16:32","guid":{"rendered":"http:\/\/www.agriatv.hu\/?p=4157"},"modified":"2011-05-09T20:04:23","modified_gmt":"2011-05-09T20:04:23","slug":"dr-nagy-imre-ostoba-ketszinu-szakmaiatlan-munkavegzes","status":"publish","type":"post","link":"https:\/\/www.agriatv.hu\/?p=4157","title":{"rendered":"Dr. Nagy Imre: Ostoba, k\u00e9tsz\u00edn\u0171, szakmaiatlan munkav\u00e9gz\u00e9s"},"content":{"rendered":"<p><a href=\"https:\/\/www.agriatv.hu\/wp-content\/uploads\/2011\/05\/0509mszp_V.jpg\"><img loading=\"lazy\" decoding=\"async\" class=\"alignleft size-medium wp-image-4158\" title=\"0509mszp_V\" src=\"https:\/\/www.agriatv.hu\/wp-content\/uploads\/2011\/05\/0509mszp_V-300x240.jpg\" alt=\"\" width=\"135\" height=\"108\" srcset=\"https:\/\/www.agriatv.hu\/wp-content\/uploads\/2011\/05\/0509mszp_V-300x240.jpg 300w, https:\/\/www.agriatv.hu\/wp-content\/uploads\/2011\/05\/0509mszp_V.jpg 720w\" sizes=\"auto, (max-width: 135px) 100vw, 135px\" \/><\/a>Az egri Megyeh\u00e1za udvar\u00e1n tartott sajt\u00f3t\u00e1j\u00e9koztat\u00f3t h\u00e9tf\u0151n d\u00e9lel\u0151tt dr. Nagy Imre, a Heves megyei K\u00f6zgy\u0171l\u00e9s MSZP frakci\u00f3j\u00e1nak vezet\u0151je, aki a megyei \u00f6nkorm\u00e1nyzat fideszes t\u00f6bbs\u00e9g\u00e9nek munkav\u00e9gz\u00e9s\u00e9n t\u00fal, a m\u00e9g mindig m\u0171k\u00f6d\u0151, \u00fagynevezett \u201eEl\u0151z\u0151 ciklus tiszt\u00e1zatlan \u00fcgyeit vizsg\u00e1l\u00f3 bizotts\u00e1g\u201d munk\u00e1j\u00e1t, ill. ezen gr\u00e9miumok feladatv\u00e9gz\u00e9s\u00e9nek szakmaiatlan, tapasztalatlan mivolt\u00e1t b\u00edr\u00e1lta.<\/p>\n<p>&#8211;\u00a0\u00a0\u00a0\u00a0\u00a0\u00a0\u00a0\u00a0 Fogalmuk sincs, hogy mit kezdjenek a megy\u00e9vel, se tapasztalat, se kreativit\u00e1s, se hozz\u00e1\u00e9rt\u00e9s. Csup\u00e1n egy dolog t\u00f6rt\u00e9nik, minden h\u00f3napban bez\u00e1rnak egy-egy int\u00e9zm\u00e9nyt, vagy \u00e1tadj\u00e1k az \u00fczemeltet\u00e9s\u00fcket. A vizsg\u00e1l\u00f3 bizotts\u00e1g k\u00e9t h\u00f3napja leragadt a Baktai \u00fati rakt\u00e1rb\u00e1zis \u00fcgy\u00e9n\u00e9l, ahol nagy pof\u00e1ra es\u00e9s volt a helysz\u00edni bej\u00e1r\u00e1s, hiszen semmit nem tal\u00e1ltak. Ostoba, k\u00e9tsz\u00edn\u0171, rosszindulat\u00fa a tev\u00e9kenys\u00e9g\u00fck \u2013 ecsetelte a helyzetet dr. Nagy Imre.<\/p>\n<p>Ezeken t\u00falmen\u0151en m\u00e9g nagyobb probl\u00e9m\u00e1nak l\u00e1tja a szocialista k\u00e9pvisel\u0151, hogy a politikusokon k\u00edv\u00fcl, imm\u00e1r a hivatali dolgoz\u00f3kra \u00e9s az int\u00e9zm\u00e9nyvezet\u0151kre is kiterjed az az elj\u00e1r\u00e1s, amikor mondvacsin\u00e1lt indokokkal elbocs\u00e1tj\u00e1k \u0151ket.<\/p>\n<p>&#8211;\u00a0\u00a0\u00a0\u00a0\u00a0\u00a0\u00a0\u00a0 Elismert vezet\u0151ket r\u00fagnak ki, cser\u00e9lnek le, mindezt ny\u00edlt politikai hivatkoz\u00e1sb\u00f3l teszik. Ezeknek az embereknek csup\u00e1n egy b\u0171n\u00fck van, az, hogy az el\u0151z\u0151 ciklus k\u00f6zgy\u0171l\u00e9se b\u00edzta meg \u0151ket a poz\u00edci\u00f3ik bet\u00f6lt\u00e9s\u00e9re &#8211; Dr. Nagy Imre hozz\u00e1tette, sokkal t\u00f6bb figyelmet kellene ford\u00edtani a megyei telep\u00fcl\u00e9sek helyzet\u00e9re, hiszen azok igencsak el vannak hanyagolva, magukra vannak hagyva.<\/p>\n<div class=\"wordtube\">\n<div class=\"wordtube single281\" id=\"WT1_1\" style=\"width:320px; height:240px;\">\n<a href=\"http:\/\/www.macromedia.com\/go\/getflashplayer\">Get the Flash Player<\/a> to see the wordTube Media Player.\n<\/div><\/div>\n\t<script type=\"text\/javascript\" defer=\"defer\">\nvar WT1_1 = {\n\tparams : {\n\t\twmode : \"opaque\",\n\t\tallowscriptaccess : \"always\",\n\t\tallownetworking : \"all\",\n\t\tallowfullscreen : \"true\"},\n\tflashvars : {\n\t\tfile : \"http%3A%2F%2Fwww.agriatv.hu%2Fwp-content%2Fuploads%2F2011%2F05%2F0509mszp.flv\",\n\t\tvolume : \"80\",\n\t\tbufferlength : \"5\",\n\t\tquality : \"false\",\n\t\t'logo.hide' : \"false\",\n\t\timage : \"http%3A%2F%2Fwww.agriatv.hu%2Fwp-content%2Fuploads%2F2011%2F05%2F0509mszp.jpg\",\n\t\ttitle : \"0509mszp.flv\",\n\t\tlinktarget : \"_self\"},\n\tattr : {\n\t\tid : \"WT1\",\n\t\tname : \"WT1\"},\n\tstart : function() {\n\t\tswfobject.embedSWF(\"https:\/\/www.agriatv.hu\/\/player.swf\", \"WT1_1\", \"320\", \"240\", \"9.0.0\", false, this.flashvars, this.params , this.attr );\n\t}\n}\nWT1_1.start();\n\t<\/script>\n\n<p>Szab\u00f3 R\u00f3bert, a Heves Megyei K\u00f6zgy\u0171l\u00e9s eln\u00f6ke az al\u00e1bbi k\u00f6zlem\u00e9nyt juttatta el hozz\u00e1nk:<\/p>\n<p>&#8222;Az MSZP m\u00e1r-m\u00e1r lek\u00fczdhetetlen ad\u00f3ss\u00e1gba tasz\u00edtotta a megyei \u00f6nkorm\u00e1nyzatot, a kor\u00e1bbi szocialista vezet\u00e9s fel\u00e9lte a megye j\u00f6v\u0151j\u00e9t \u2013 reag\u00e1lt a dr. Nagy Imre \u00e1ltal elmondottakra Szab\u00f3 R\u00f3bert, a Heves Megyei K\u00f6zgy\u0171l\u00e9s eln\u00f6ke.<\/p>\n<p>\u2013 Furcsa, hogy azok akarnak most benn\u00fcnket kioktatni felel\u0151s gazd\u00e1lkod\u00e1sb\u00f3l, akik annak idej\u00e9n k\u00e9t k\u00e9zzel sz\u00f3rt\u00e1k a milli\u00f3kat \u2013 hangs\u00falyozta az eln\u00f6k.&#8221;<\/p>\n","protected":false},"excerpt":{"rendered":"<p>Az egri Megyeh\u00e1za udvar\u00e1n tartott sajt\u00f3t\u00e1j\u00e9koztat\u00f3t h\u00e9tf\u0151n d\u00e9lel\u0151tt dr. Nagy Imre, a Heves megyei K\u00f6zgy\u0171l\u00e9s MSZP frakci\u00f3j\u00e1nak vezet\u0151je, aki a megyei \u00f6nkorm\u00e1nyzat fideszes t\u00f6bbs\u00e9g\u00e9nek munkav\u00e9gz\u00e9s\u00e9n t\u00fal, a m\u00e9g mindig m\u0171k\u00f6d\u0151, \u00fagynevezett \u201eEl\u0151z\u0151 ciklus tiszt\u00e1zatlan \u00fcgyeit vizsg\u00e1l\u00f3 bizotts\u00e1g\u201d munk\u00e1j\u00e1t, ill. ezen gr\u00e9miumok feladatv\u00e9gz\u00e9s\u00e9nek szakmaiatlan, tapasztalatlan mivolt\u00e1t b\u00edr\u00e1lta.<br \/>\n&#8211;\u00a0\u00a0\u00a0\u00a0\u00a0\u00a0\u00a0\u00a0 Fogalmuk sincs, hogy mit kezdjenek a megy\u00e9vel, se tapasztalat, [&#8230;]<\/p>\n","protected":false},"author":4,"featured_media":0,"comment_status":"open","ping_status":"closed","sticky":false,"template":"","format":"standard","meta":{"footnotes":""},"categories":[3],"tags":[],"class_list":["post-4157","post","type-post","status-publish","format-standard","hentry","category-politika"],"_links":{"self":[{"href":"https:\/\/www.agriatv.hu\/index.php?rest_route=\/wp\/v2\/posts\/4157","targetHints":{"allow":["GET"]}}],"collection":[{"href":"https:\/\/www.agriatv.hu\/index.php?rest_route=\/wp\/v2\/posts"}],"about":[{"href":"https:\/\/www.agriatv.hu\/index.php?rest_route=\/wp\/v2\/types\/post"}],"author":[{"embeddable":true,"href":"https:\/\/www.agriatv.hu\/index.php?rest_route=\/wp\/v2\/users\/4"}],"replies":[{"embeddable":true,"href":"https:\/\/www.agriatv.hu\/index.php?rest_route=%2Fwp%2Fv2%2Fcomments&post=4157"}],"version-history":[{"count":6,"href":"https:\/\/www.agriatv.hu\/index.php?rest_route=\/wp\/v2\/posts\/4157\/revisions"}],"predecessor-version":[{"id":4164,"href":"https:\/\/www.agriatv.hu\/index.php?rest_route=\/wp\/v2\/posts\/4157\/revisions\/4164"}],"wp:attachment":[{"href":"https:\/\/www.agriatv.hu\/index.php?rest_route=%2Fwp%2Fv2%2Fmedia&parent=4157"}],"wp:term":[{"taxonomy":"category","embeddable":true,"href":"https:\/\/www.agriatv.hu\/index.php?rest_route=%2Fwp%2Fv2%2Fcategories&post=4157"},{"taxonomy":"post_tag","embeddable":true,"href":"https:\/\/www.agriatv.hu\/index.php?rest_route=%2Fwp%2Fv2%2Ftags&post=4157"}],"curies":[{"name":"wp","href":"https:\/\/api.w.org\/{rel}","templated":true}]}}