{"id":4278,"date":"2011-05-19T21:00:13","date_gmt":"2011-05-19T21:00:13","guid":{"rendered":"http:\/\/www.agriatv.hu\/?p=4278"},"modified":"2011-05-19T21:00:13","modified_gmt":"2011-05-19T21:00:13","slug":"alaptorveny-az-alkotmanyjogasz-szemevel","status":"publish","type":"post","link":"https:\/\/www.agriatv.hu\/?p=4278","title":{"rendered":"Alapt\u00f6rv\u00e9ny az alkotm\u00e1nyjog\u00e1sz szem\u00e9vel"},"content":{"rendered":"<p>D<img loading=\"lazy\" decoding=\"async\" class=\"alignleft size-medium wp-image-4279\" title=\"0519recsk_V\" src=\"https:\/\/www.agriatv.hu\/wp-content\/uploads\/2011\/05\/0519recsk_V-300x240.jpg\" alt=\"\" width=\"122\" height=\"97\" srcset=\"https:\/\/www.agriatv.hu\/wp-content\/uploads\/2011\/05\/0519recsk_V-300x240.jpg 300w, https:\/\/www.agriatv.hu\/wp-content\/uploads\/2011\/05\/0519recsk_V.jpg 720w\" sizes=\"auto, (max-width: 122px) 100vw, 122px\" \/>r. Koll\u00e1th Gy\u00f6rgy alkotm\u00e1nyjog\u00e1sz tartott el\u0151ad\u00e1st Recsken az \u00faj alapt\u00f6rv\u00e9nyr\u0151l. V\u00e9lem\u00e9nye szerint az Uni\u00f3 27 tag\u00e1llam\u00e1nak alkotm\u00e1nya k\u00f6z\u00fcl az \u00faj Alapt\u00f6rv\u00e9ny a legrosszabb, ami benne j\u00f3 az r\u00e9gi, ami \u00faj az meg nem j\u00f3. <div class=\"wordtube\">\n<div class=\"wordtube single295\" id=\"WT1_1\" style=\"width:320px; height:240px;\">\n<a href=\"http:\/\/www.macromedia.com\/go\/getflashplayer\">Get the Flash Player<\/a> to see the wordTube Media Player.\n<\/div><\/div>\n\t<script type=\"text\/javascript\" defer=\"defer\">\nvar WT1_1 = {\n\tparams : {\n\t\twmode : \"opaque\",\n\t\tallowscriptaccess : \"always\",\n\t\tallownetworking : \"all\",\n\t\tallowfullscreen : \"true\"},\n\tflashvars : {\n\t\tfile : \"http%3A%2F%2Fwww.agriatv.hu%2Fwp-content%2Fuploads%2F2011%2F05%2F0519recsk.flv\",\n\t\tvolume : \"80\",\n\t\tbufferlength : \"5\",\n\t\tquality : \"false\",\n\t\t'logo.hide' : \"false\",\n\t\timage : \"http%3A%2F%2Fwww.agriatv.hu%2Fwp-content%2Fuploads%2F2011%2F05%2F0519recsk.jpg\",\n\t\ttitle : \"0519recsk.flv\",\n\t\tlinktarget : \"_self\"},\n\tattr : {\n\t\tid : \"WT1\",\n\t\tname : \"WT1\"},\n\tstart : function() {\n\t\tswfobject.embedSWF(\"https:\/\/www.agriatv.hu\/\/player.swf\", \"WT1_1\", \"320\", \"240\", \"9.0.0\", false, this.flashvars, this.params , this.attr );\n\t}\n}\nWT1_1.start();\n\t<\/script>\n<\/p>\n","protected":false},"excerpt":{"rendered":"<p>Dr. Koll\u00e1th Gy\u00f6rgy alkotm\u00e1nyjog\u00e1sz tartott el\u0151ad\u00e1st Recsken az \u00faj alapt\u00f6rv\u00e9nyr\u0151l. V\u00e9lem\u00e9nye szerint az Uni\u00f3 27 tag\u00e1llam\u00e1nak alkotm\u00e1nya k\u00f6z\u00fcl az \u00faj Alapt\u00f6rv\u00e9ny a legrosszabb, ami benne j\u00f3 az r\u00e9gi, ami \u00faj az meg nem j\u00f3. <\/p>\n","protected":false},"author":4,"featured_media":0,"comment_status":"open","ping_status":"closed","sticky":false,"template":"","format":"standard","meta":{"footnotes":""},"categories":[6,3],"tags":[],"class_list":["post-4278","post","type-post","status-publish","format-standard","hentry","category-belfold","category-politika"],"_links":{"self":[{"href":"https:\/\/www.agriatv.hu\/index.php?rest_route=\/wp\/v2\/posts\/4278","targetHints":{"allow":["GET"]}}],"collection":[{"href":"https:\/\/www.agriatv.hu\/index.php?rest_route=\/wp\/v2\/posts"}],"about":[{"href":"https:\/\/www.agriatv.hu\/index.php?rest_route=\/wp\/v2\/types\/post"}],"author":[{"embeddable":true,"href":"https:\/\/www.agriatv.hu\/index.php?rest_route=\/wp\/v2\/users\/4"}],"replies":[{"embeddable":true,"href":"https:\/\/www.agriatv.hu\/index.php?rest_route=%2Fwp%2Fv2%2Fcomments&post=4278"}],"version-history":[{"count":2,"href":"https:\/\/www.agriatv.hu\/index.php?rest_route=\/wp\/v2\/posts\/4278\/revisions"}],"predecessor-version":[{"id":4281,"href":"https:\/\/www.agriatv.hu\/index.php?rest_route=\/wp\/v2\/posts\/4278\/revisions\/4281"}],"wp:attachment":[{"href":"https:\/\/www.agriatv.hu\/index.php?rest_route=%2Fwp%2Fv2%2Fmedia&parent=4278"}],"wp:term":[{"taxonomy":"category","embeddable":true,"href":"https:\/\/www.agriatv.hu\/index.php?rest_route=%2Fwp%2Fv2%2Fcategories&post=4278"},{"taxonomy":"post_tag","embeddable":true,"href":"https:\/\/www.agriatv.hu\/index.php?rest_route=%2Fwp%2Fv2%2Ftags&post=4278"}],"curies":[{"name":"wp","href":"https:\/\/api.w.org\/{rel}","templated":true}]}}