{"id":4282,"date":"2011-05-21T21:03:10","date_gmt":"2011-05-21T21:03:10","guid":{"rendered":"http:\/\/www.agriatv.hu\/?p=4282"},"modified":"2011-05-21T21:03:21","modified_gmt":"2011-05-21T21:03:21","slug":"tamadas-a-jogallam-ellen","status":"publish","type":"post","link":"https:\/\/www.agriatv.hu\/?p=4282","title":{"rendered":"T\u00e1mad\u00e1s a jog\u00e1llam ellen"},"content":{"rendered":"<p><strong><a href=\"https:\/\/www.agriatv.hu\/wp-content\/uploads\/2011\/05\/0521mszp_V.jpg\"><img loading=\"lazy\" decoding=\"async\" class=\"alignleft size-medium wp-image-4283\" title=\"0521mszp_V\" src=\"https:\/\/www.agriatv.hu\/wp-content\/uploads\/2011\/05\/0521mszp_V-300x240.jpg\" alt=\"\" width=\"132\" height=\"105\" srcset=\"https:\/\/www.agriatv.hu\/wp-content\/uploads\/2011\/05\/0521mszp_V-300x240.jpg 300w, https:\/\/www.agriatv.hu\/wp-content\/uploads\/2011\/05\/0521mszp_V.jpg 720w\" sizes=\"auto, (max-width: 132px) 100vw, 132px\" \/><\/a>A megyei \u00e9s orsz\u00e1gos aktu\u00e1lpolitikai helyzetr\u0151l tartott  sajt\u00f3t\u00e1j\u00e9koztat\u00f3t szombaton Mesterh\u00e1zy Attila az MSZP eln\u00f6ke \u00e9s dr. S\u00f3s  Tam\u00e1s orsz\u00e1ggy\u0171l\u00e9si k\u00e9pvisel\u0151, az MSZP Heves megyei eln\u00f6ke a p\u00e1rt  \u201eEllenz\u00e9ki edz\u0151t\u00e1bor\u201d elnevez\u00e9s\u0171 eg\u00e9sz napos programja k\u00f6zben.<\/strong><\/p>\n<p>A megyei eln\u00f6k szerint a Fidesz a v\u00e9lt politikai  el\u0151ny\u00f6k miatt nem riad vissza az int\u00e9zm\u00e9nyh\u00e1l\u00f3zat t\u00f6nkret\u00e9tel\u00e9t\u0151l sem  Heves megy\u00e9ben.<br \/>\n&#8211;\u00a0\u00a0 \u00a0Felel\u0151tlen d\u00f6nt\u00e9sek sorozat\u00e1t eszk\u00f6z\u00f6li a  megyei vezet\u00e9s, mindezt \u00fagy, hogy \u0151k sem l\u00e1tj\u00e1k az \u00e1ltaluk kre\u00e1lt  folyamat kimenetel\u00e9t. Kock\u00e1ztatj\u00e1k a fejleszt\u00e9seket, amelyekhez \u00edgy nem  biztos, hogy tudj\u00e1k majd biztos\u00edtani az \u00f6ner\u0151t. A peres elj\u00e1r\u00e1sokn\u00e1l  pedig k\u00f6teles helyt\u00e1llni a megyei \u00f6nkorm\u00e1nyzat.<div class=\"wordtube\">\n<div class=\"wordtube single296\" id=\"WT1_1\" style=\"width:320px; height:240px;\">\n<a href=\"http:\/\/www.macromedia.com\/go\/getflashplayer\">Get the Flash Player<\/a> to see the wordTube Media Player.\n<\/div><\/div>\n\t<script type=\"text\/javascript\" defer=\"defer\">\nvar WT1_1 = {\n\tparams : {\n\t\twmode : \"opaque\",\n\t\tallowscriptaccess : \"always\",\n\t\tallownetworking : \"all\",\n\t\tallowfullscreen : \"true\"},\n\tflashvars : {\n\t\tfile : \"http%3A%2F%2Fwww.agriatv.hu%2Fwp-content%2Fuploads%2F2011%2F05%2F0521mszp.flv\",\n\t\tvolume : \"80\",\n\t\tbufferlength : \"5\",\n\t\tquality : \"false\",\n\t\t'logo.hide' : \"false\",\n\t\timage : \"http%3A%2F%2Fwww.agriatv.hu%2Fwp-content%2Fuploads%2F2011%2F05%2F0521mszp.jpg\",\n\t\ttitle : \"0521mszp.flv\",\n\t\tlinktarget : \"_self\"},\n\tattr : {\n\t\tid : \"WT1\",\n\t\tname : \"WT1\"},\n\tstart : function() {\n\t\tswfobject.embedSWF(\"https:\/\/www.agriatv.hu\/\/player.swf\", \"WT1_1\", \"320\", \"240\", \"9.0.0\", false, this.flashvars, this.params , this.attr );\n\t}\n}\nWT1_1.start();\n\t<\/script>\n<br \/>\nAz MSZP eln\u00f6ke a  baloldaliak \u201eEllenz\u00e9ki edz\u0151t\u00e1bor\u201d elnevez\u00e9s\u0171 k\u00e9pz\u00e9s\u00e9re \u00e9rkezett Egerbe,  ahol a helyi p\u00e1rtirod\u00e1n zajlott az eg\u00e9sz napos program. Az \u201eEllenz\u00e9ki  edz\u0151t\u00e1bor\u201d egy h\u00f3napok \u00f3ta tart\u00f3 folyamat, melynek keret\u00e9ben az eg\u00e9sz  orsz\u00e1gban tapasztalatokat gy\u0171jtenek \u00e9s aktivist\u00e1kat k\u00e9sz\u00edtenek fel. A  d\u00e9lut\u00e1ni sajt\u00f3t\u00e1j\u00e9koztat\u00f3 keret\u00e9ben Mesterh\u00e1zy Attila orsz\u00e1gos  vonatkoztat\u00e1sban b\u00edr\u00e1lta a korm\u00e1nyp\u00e1rti int\u00e9zked\u00e9sek sor\u00e1t.<br \/>\n&#8211;\u00a0\u00a0  \u00a0A Fidesz t\u00e1mad\u00e1sokat int\u00e9z a jog\u00e1llam ellen \u00e9s szerzett jogokat vesz  el. Az k\u00f6vetelj\u00fck a korm\u00e1nyt\u00f3l, hogy vonj\u00e1k vissza a rendv\u00e9delmi  dolgoz\u00f3kra vonatkoz\u00f3 alkotm\u00e1nym\u00f3dos\u00edt\u00e1st. Ez nem csak a rendv\u00e9delmi  dolgoz\u00f3kr\u00f3l sz\u00f3l, sokkal t\u00f6bb embert \u00e9rint. A Fidesz ebben is hazudott a  v\u00e1laszt\u00f3polg\u00e1roknak \u2013 \u00e9rt\u00e9kelt a p\u00e1rteln\u00f6k.<br \/>\nMesterh\u00e1zy Attila  hozz\u00e1tette, hogy az MSZP alternat\u00edv \u00e9rdekegyeztet\u00e9sbe kezd a civil  szervezetekkel \u00e9s a szakszervezetekkel. H\u00e1rom f\u0151 t\u00e9m\u00e1ban fog zajlani  orsz\u00e1gosan \u00e9s helyi szinten is az \u00e9rdekegyeztet\u00e9s:<br \/>\n&#8211;\u00a0\u00a0 \u00a0Nyugd\u00edj \u00fcgyben (k\u00fcl\u00f6n\u00f6sen a korhat\u00e1r alatti nyugd\u00edjak szankcion\u00e1l\u00e1sa \u00fcgy\u00e9ben)<br \/>\n&#8211;\u00a0\u00a0 \u00a0A Munka T\u00f6rv\u00e9nyk\u00f6nyve<br \/>\n&#8211;\u00a0\u00a0 \u00a0\u00d6nkorm\u00e1nyzati t\u00f6rv\u00e9ny<\/p>\n","protected":false},"excerpt":{"rendered":"<p>A megyei \u00e9s orsz\u00e1gos aktu\u00e1lpolitikai helyzetr\u0151l tartott  sajt\u00f3t\u00e1j\u00e9koztat\u00f3t szombaton Mesterh\u00e1zy Attila az MSZP eln\u00f6ke \u00e9s dr. S\u00f3s  Tam\u00e1s orsz\u00e1ggy\u0171l\u00e9si k\u00e9pvisel\u0151, az MSZP Heves megyei eln\u00f6ke a p\u00e1rt  \u201eEllenz\u00e9ki edz\u0151t\u00e1bor\u201d elnevez\u00e9s\u0171 eg\u00e9sz napos programja k\u00f6zben.<br \/>\nA megyei eln\u00f6k szerint a Fidesz a v\u00e9lt politikai  el\u0151ny\u00f6k miatt nem riad vissza az int\u00e9zm\u00e9nyh\u00e1l\u00f3zat t\u00f6nkret\u00e9tel\u00e9t\u0151l sem [&#8230;]<\/p>\n","protected":false},"author":4,"featured_media":0,"comment_status":"open","ping_status":"closed","sticky":false,"template":"","format":"standard","meta":{"footnotes":""},"categories":[6,3],"tags":[],"class_list":["post-4282","post","type-post","status-publish","format-standard","hentry","category-belfold","category-politika"],"_links":{"self":[{"href":"https:\/\/www.agriatv.hu\/index.php?rest_route=\/wp\/v2\/posts\/4282","targetHints":{"allow":["GET"]}}],"collection":[{"href":"https:\/\/www.agriatv.hu\/index.php?rest_route=\/wp\/v2\/posts"}],"about":[{"href":"https:\/\/www.agriatv.hu\/index.php?rest_route=\/wp\/v2\/types\/post"}],"author":[{"embeddable":true,"href":"https:\/\/www.agriatv.hu\/index.php?rest_route=\/wp\/v2\/users\/4"}],"replies":[{"embeddable":true,"href":"https:\/\/www.agriatv.hu\/index.php?rest_route=%2Fwp%2Fv2%2Fcomments&post=4282"}],"version-history":[{"count":2,"href":"https:\/\/www.agriatv.hu\/index.php?rest_route=\/wp\/v2\/posts\/4282\/revisions"}],"predecessor-version":[{"id":4285,"href":"https:\/\/www.agriatv.hu\/index.php?rest_route=\/wp\/v2\/posts\/4282\/revisions\/4285"}],"wp:attachment":[{"href":"https:\/\/www.agriatv.hu\/index.php?rest_route=%2Fwp%2Fv2%2Fmedia&parent=4282"}],"wp:term":[{"taxonomy":"category","embeddable":true,"href":"https:\/\/www.agriatv.hu\/index.php?rest_route=%2Fwp%2Fv2%2Fcategories&post=4282"},{"taxonomy":"post_tag","embeddable":true,"href":"https:\/\/www.agriatv.hu\/index.php?rest_route=%2Fwp%2Fv2%2Ftags&post=4282"}],"curies":[{"name":"wp","href":"https:\/\/api.w.org\/{rel}","templated":true}]}}