{"id":4286,"date":"2011-05-21T21:04:55","date_gmt":"2011-05-21T21:04:55","guid":{"rendered":"http:\/\/www.agriatv.hu\/?p=4286"},"modified":"2011-05-21T21:04:55","modified_gmt":"2011-05-21T21:04:55","slug":"paloc-ut-kozgyules-matraderecsken","status":"publish","type":"post","link":"https:\/\/www.agriatv.hu\/?p=4286","title":{"rendered":"Pal\u00f3c \u00dat k\u00f6zgy\u0171l\u00e9s M\u00e1traderecsk\u00e9n"},"content":{"rendered":"<p><img loading=\"lazy\" decoding=\"async\" class=\"alignleft\" src=\"http:\/\/www.egriszin.hu\/RenderedContents\/IndexImages\/7\/7752-20110521213834-Fenykep3911.jpg\" alt=\"\" width=\"150\" height=\"113\" \/><strong>Szok\u00e1sos \u00e9vi k\u00f6zgy\u0171l\u00e9s\u00e9t tartotta a Pal\u00f3c \u00dat Klaszter Egyes\u00fclet a  m\u00e1traderecskei mofett\u00e1ban p\u00e9ntek d\u00e9lel\u0151tt. Az \u00fcl\u00e9sen megv\u00e1lasztott\u00e1k az  \u00faj fel\u00fcgyel\u0151bizotts\u00e1got, valamint besz\u00e1mol\u00f3t hallhatott az \u00f6tven\u00f6t f\u0151s  jelenl\u00e9v\u0151 tags\u00e1g a 2010. \u00e9vi p\u00e9nz\u00fcgyi helyzetr\u0151l Nagy Oszk\u00e1r  el\u0151ad\u00e1s\u00e1ban.<\/strong><\/p>\n<p>B\u00f3zv\u00e1ri J\u00f3zsef, a Klaszter Egyes\u00fclet eln\u00f6ke bemutatta az idei  kiad\u00e1s-bev\u00e9teli terveket, valamint a Pal\u00f3c\u00fat \u00e1ltal elnyert foly\u00f3  p\u00e1ly\u00e1zatokat, ill. a tavalyi k\u00f6nyvvizsg\u00e1l\u00f3i jelent\u00e9st is egyhang\u00falag  elfogadta a gr\u00e9mium.<br \/>\nForg\u00f3 G\u00e1bor, M\u00e1traderecske polg\u00e1rmestere  elmondta, hogy igen fontosnak tartja a telep\u00fcl\u00e9sek k\u00f6z\u00f6tti  egy\u00fcttm\u0171k\u00f6d\u00e9st, valamint a mofetta h\u00edr\u00e9nek n\u00f6vel\u00e9s\u00e9t, az idegenforgalmi  vonzer\u0151 min\u00e9l nagyobb ar\u00e1ny\u00fa kihaszn\u00e1l\u00e1s\u00e1t.<br \/>\nElhangzott, hogy az idei k\u00f6zhaszn\u00fas\u00e1gi jelent\u00e9sben t\u00e9telesen szerepelni fog a Klaszter Egyes\u00fclet tev\u00e9kenys\u00e9ge.<\/p>\n","protected":false},"excerpt":{"rendered":"<p>Szok\u00e1sos \u00e9vi k\u00f6zgy\u0171l\u00e9s\u00e9t tartotta a Pal\u00f3c \u00dat Klaszter Egyes\u00fclet a  m\u00e1traderecskei mofett\u00e1ban p\u00e9ntek d\u00e9lel\u0151tt. Az \u00fcl\u00e9sen megv\u00e1lasztott\u00e1k az  \u00faj fel\u00fcgyel\u0151bizotts\u00e1got, valamint besz\u00e1mol\u00f3t hallhatott az \u00f6tven\u00f6t f\u0151s  jelenl\u00e9v\u0151 tags\u00e1g a 2010. \u00e9vi p\u00e9nz\u00fcgyi helyzetr\u0151l Nagy Oszk\u00e1r  el\u0151ad\u00e1s\u00e1ban.<br \/>\nB\u00f3zv\u00e1ri J\u00f3zsef, a Klaszter Egyes\u00fclet eln\u00f6ke bemutatta az idei  kiad\u00e1s-bev\u00e9teli terveket, valamint a Pal\u00f3c\u00fat \u00e1ltal [&#8230;]<\/p>\n","protected":false},"author":4,"featured_media":0,"comment_status":"open","ping_status":"open","sticky":false,"template":"","format":"standard","meta":{"footnotes":""},"categories":[6,8,4],"tags":[],"class_list":["post-4286","post","type-post","status-publish","format-standard","hentry","category-belfold","category-kultura","category-szabadido"],"_links":{"self":[{"href":"https:\/\/www.agriatv.hu\/index.php?rest_route=\/wp\/v2\/posts\/4286","targetHints":{"allow":["GET"]}}],"collection":[{"href":"https:\/\/www.agriatv.hu\/index.php?rest_route=\/wp\/v2\/posts"}],"about":[{"href":"https:\/\/www.agriatv.hu\/index.php?rest_route=\/wp\/v2\/types\/post"}],"author":[{"embeddable":true,"href":"https:\/\/www.agriatv.hu\/index.php?rest_route=\/wp\/v2\/users\/4"}],"replies":[{"embeddable":true,"href":"https:\/\/www.agriatv.hu\/index.php?rest_route=%2Fwp%2Fv2%2Fcomments&post=4286"}],"version-history":[{"count":2,"href":"https:\/\/www.agriatv.hu\/index.php?rest_route=\/wp\/v2\/posts\/4286\/revisions"}],"predecessor-version":[{"id":4288,"href":"https:\/\/www.agriatv.hu\/index.php?rest_route=\/wp\/v2\/posts\/4286\/revisions\/4288"}],"wp:attachment":[{"href":"https:\/\/www.agriatv.hu\/index.php?rest_route=%2Fwp%2Fv2%2Fmedia&parent=4286"}],"wp:term":[{"taxonomy":"category","embeddable":true,"href":"https:\/\/www.agriatv.hu\/index.php?rest_route=%2Fwp%2Fv2%2Fcategories&post=4286"},{"taxonomy":"post_tag","embeddable":true,"href":"https:\/\/www.agriatv.hu\/index.php?rest_route=%2Fwp%2Fv2%2Ftags&post=4286"}],"curies":[{"name":"wp","href":"https:\/\/api.w.org\/{rel}","templated":true}]}}