{"id":4290,"date":"2011-05-23T21:27:31","date_gmt":"2011-05-23T21:27:31","guid":{"rendered":"http:\/\/www.agriatv.hu\/?p=4290"},"modified":"2011-05-23T21:27:31","modified_gmt":"2011-05-23T21:27:31","slug":"megujitott-kapcsolat-a-nav-es-a-hkik-kozott","status":"publish","type":"post","link":"https:\/\/www.agriatv.hu\/?p=4290","title":{"rendered":"Meg\u00faj\u00edtott kapcsolat a NAV \u00e9s a HKIK k\u00f6z\u00f6tt"},"content":{"rendered":"<p><a href=\"https:\/\/www.agriatv.hu\/wp-content\/uploads\/2011\/05\/0523hkik_v.jpg\"><img loading=\"lazy\" decoding=\"async\" class=\"alignleft size-medium wp-image-4291\" title=\"0523hkik_v\" src=\"https:\/\/www.agriatv.hu\/wp-content\/uploads\/2011\/05\/0523hkik_v-300x240.jpg\" alt=\"\" width=\"133\" height=\"96\" \/><\/a>10 \u00e9vre tekint vissza az az egy\u00fcttm\u0171k\u00f6d\u00e9s, melyet annak idej\u00e9n az Apeh \u00e9s a Heves megyei Iparkamara \u00edrt al\u00e1. A mai al\u00e1\u00edr\u00e1st az is indokolta, hogy janu\u00e1r 1-t\u0151l az apeh \u00faj neve Nemzeti Ad\u00f3- \u00e9s V\u00e1mhivatal. <div class=\"wordtube\">\n<div class=\"wordtube single297\" id=\"WT1_1\" style=\"width:320px; height:240px;\">\n<a href=\"http:\/\/www.macromedia.com\/go\/getflashplayer\">Get the Flash Player<\/a> to see the wordTube Media Player.\n<\/div><\/div>\n\t<script type=\"text\/javascript\" defer=\"defer\">\nvar WT1_1 = {\n\tparams : {\n\t\twmode : \"opaque\",\n\t\tallowscriptaccess : \"always\",\n\t\tallownetworking : \"all\",\n\t\tallowfullscreen : \"true\"},\n\tflashvars : {\n\t\tfile : \"http%3A%2F%2Fwww.agriatv.hu%2Fwp-content%2Fuploads%2F2011%2F05%2F0523hkik.flv\",\n\t\tvolume : \"80\",\n\t\tbufferlength : \"5\",\n\t\tquality : \"false\",\n\t\t'logo.hide' : \"false\",\n\t\timage : \"http%3A%2F%2Fwww.agriatv.hu%2Fwp-content%2Fuploads%2F2011%2F05%2F0523hkik.jpg\",\n\t\ttitle : \"0523hkik.flv\",\n\t\tlinktarget : \"_self\"},\n\tattr : {\n\t\tid : \"WT1\",\n\t\tname : \"WT1\"},\n\tstart : function() {\n\t\tswfobject.embedSWF(\"https:\/\/www.agriatv.hu\/\/player.swf\", \"WT1_1\", \"320\", \"240\", \"9.0.0\", false, this.flashvars, this.params , this.attr );\n\t}\n}\nWT1_1.start();\n\t<\/script>\n<\/p>\n","protected":false},"excerpt":{"rendered":"<p>10 \u00e9vre tekint vissza az az egy\u00fcttm\u0171k\u00f6d\u00e9s, melyet annak idej\u00e9n az Apeh \u00e9s a Heves megyei Iparkamara \u00edrt al\u00e1. A mai al\u00e1\u00edr\u00e1st az is indokolta, hogy janu\u00e1r 1-t\u0151l az apeh \u00faj neve Nemzeti Ad\u00f3- \u00e9s V\u00e1mhivatal. <\/p>\n","protected":false},"author":4,"featured_media":0,"comment_status":"open","ping_status":"closed","sticky":false,"template":"","format":"standard","meta":{"footnotes":""},"categories":[6],"tags":[],"class_list":["post-4290","post","type-post","status-publish","format-standard","hentry","category-belfold"],"_links":{"self":[{"href":"https:\/\/www.agriatv.hu\/index.php?rest_route=\/wp\/v2\/posts\/4290","targetHints":{"allow":["GET"]}}],"collection":[{"href":"https:\/\/www.agriatv.hu\/index.php?rest_route=\/wp\/v2\/posts"}],"about":[{"href":"https:\/\/www.agriatv.hu\/index.php?rest_route=\/wp\/v2\/types\/post"}],"author":[{"embeddable":true,"href":"https:\/\/www.agriatv.hu\/index.php?rest_route=\/wp\/v2\/users\/4"}],"replies":[{"embeddable":true,"href":"https:\/\/www.agriatv.hu\/index.php?rest_route=%2Fwp%2Fv2%2Fcomments&post=4290"}],"version-history":[{"count":4,"href":"https:\/\/www.agriatv.hu\/index.php?rest_route=\/wp\/v2\/posts\/4290\/revisions"}],"predecessor-version":[{"id":4295,"href":"https:\/\/www.agriatv.hu\/index.php?rest_route=\/wp\/v2\/posts\/4290\/revisions\/4295"}],"wp:attachment":[{"href":"https:\/\/www.agriatv.hu\/index.php?rest_route=%2Fwp%2Fv2%2Fmedia&parent=4290"}],"wp:term":[{"taxonomy":"category","embeddable":true,"href":"https:\/\/www.agriatv.hu\/index.php?rest_route=%2Fwp%2Fv2%2Fcategories&post=4290"},{"taxonomy":"post_tag","embeddable":true,"href":"https:\/\/www.agriatv.hu\/index.php?rest_route=%2Fwp%2Fv2%2Ftags&post=4290"}],"curies":[{"name":"wp","href":"https:\/\/api.w.org\/{rel}","templated":true}]}}