{"id":4297,"date":"2011-05-24T12:57:11","date_gmt":"2011-05-24T12:57:11","guid":{"rendered":"http:\/\/www.agriatv.hu\/?p=4297"},"modified":"2011-05-24T15:33:46","modified_gmt":"2011-05-24T15:33:46","slug":"feljelent-az-eseti-bizottsag","status":"publish","type":"post","link":"https:\/\/www.agriatv.hu\/?p=4297","title":{"rendered":"Feljelent az eseti bizotts\u00e1g -S\u00f3s Tam\u00e1s reag\u00e1l"},"content":{"rendered":"<p><a href=\"https:\/\/www.agriatv.hu\/wp-content\/uploads\/2011\/05\/0524megye_v.jpg\"><img loading=\"lazy\" decoding=\"async\" class=\"alignleft size-medium wp-image-4298\" title=\"0524megye_v\" src=\"https:\/\/www.agriatv.hu\/wp-content\/uploads\/2011\/05\/0524megye_v-300x240.jpg\" alt=\"\" width=\"125\" height=\"100\" srcset=\"https:\/\/www.agriatv.hu\/wp-content\/uploads\/2011\/05\/0524megye_v-300x240.jpg 300w, https:\/\/www.agriatv.hu\/wp-content\/uploads\/2011\/05\/0524megye_v.jpg 720w\" sizes=\"auto, (max-width: 125px) 100vw, 125px\" \/><\/a>&#8222;Felel\u0151ss\u00e9gre kell vonni a  t\u00e9kozl\u00f3kat!&#8221;: ezzel a c\u00edmmel tartott sajt\u00f3t\u00e1j\u00e9koztat\u00f3t a Heves  Megyei K\u00f6zgy\u0171l\u00e9s eln\u00f6ke, Szab\u00f3 R\u00f3bert,  valamint a k\u00f6zgy\u0171l\u00e9s eseti  vizsg\u00e1l\u00f3bizotts\u00e1g\u00e1nak eln\u00f6ke, Sveiczer S\u00e1ndor P\u00e9ter.<\/p>\n<div class=\"wordtube\">\n<div class=\"wordtube single298\" id=\"WT1_1\" style=\"width:320px; height:240px;\">\n<a href=\"http:\/\/www.macromedia.com\/go\/getflashplayer\">Get the Flash Player<\/a> to see the wordTube Media Player.\n<\/div><\/div>\n\t<script type=\"text\/javascript\" defer=\"defer\">\nvar WT1_1 = {\n\tparams : {\n\t\twmode : \"opaque\",\n\t\tallowscriptaccess : \"always\",\n\t\tallownetworking : \"all\",\n\t\tallowfullscreen : \"true\"},\n\tflashvars : {\n\t\tfile : \"http%3A%2F%2Fwww.agriatv.hu%2Fwp-content%2Fuploads%2F2011%2F05%2F0524megye.flv\",\n\t\tvolume : \"80\",\n\t\tbufferlength : \"5\",\n\t\tquality : \"false\",\n\t\t'logo.hide' : \"false\",\n\t\timage : \"http%3A%2F%2Fwww.agriatv.hu%2Fwp-content%2Fuploads%2F2011%2F05%2F0524megye.jpg\",\n\t\ttitle : \"0524megye.flv\",\n\t\tlinktarget : \"_self\"},\n\tattr : {\n\t\tid : \"WT1\",\n\t\tname : \"WT1\"},\n\tstart : function() {\n\t\tswfobject.embedSWF(\"https:\/\/www.agriatv.hu\/\/player.swf\", \"WT1_1\", \"320\", \"240\", \"9.0.0\", false, this.flashvars, this.params , this.attr );\n\t}\n}\nWT1_1.start();\n\t<\/script>\n\n<p>S\u00f3s Tam\u00e1s reag\u00e1l:<\/p>\n<p>&#8222;R\u00e1galmaz a heves megyei fideszes k\u00f6zgy\u0171l\u00e9s<\/p>\n<p><strong>Kezd komolytalann\u00e1 v\u00e1lni a Heves Megyei K\u00f6zgy\u0171l\u00e9s \u00fan. Eseti bizotts\u00e1g\u00e1nak munk\u00e1ja. Az \u00f6tvenes \u00e9veket id\u00e9z\u0151en politikai megrendel\u00e9sre dolgoznak. Nyolc h\u00f3napja egy helyben j\u00e1rnak, mik\u00f6zben a mindennapi munk\u00e1juk hi\u00e1nyoss\u00e1gair\u00f3l k\u00edv\u00e1nj\u00e1k elterelni a figyelmet. Sportot \u0171znek a feljelent\u00e9sekb\u0151l, jelent\u0151s \u00f6sszegeket k\u00f6ltenek v\u00e1daskod\u00e1sok el\u0151k\u00e9sz\u00edt\u00e9s\u00e9re, melynek eredm\u00e9nyek\u00e9nt l\u00e1tszatfeljelent\u00e9seket tesznek kommunik\u00e1ci\u00f3s c\u00e9lb\u00f3l. <\/strong><\/p>\n<p>Az elm\u00falt \u00e9vekben sz\u00e1mtalan feljelent\u00e9s sz\u00fcletett a heves megyei Markhot Ferenc K\u00f3rh\u00e1z \u00fcgy\u00e9ben. Mindezek azt bizony\u00edtott\u00e1k, hogy nem t\u00f6rt\u00e9nt jogs\u00e9rt\u00e9s, szab\u00e1lyoknak megfelel\u0151en j\u00e1rt el a kor\u00e1bbi megyei k\u00f6zgy\u0171l\u00e9s. A jelenlegi fideszes k\u00f6zgy\u0171l\u00e9s \u00e1ltal vitatott n\u00e9gy k\u00e9rd\u00e9sben a d\u00f6nt\u00e9sek m\u00f6g\u00f6tt p\u00e9nz\u00fcgyi, jogi, szakmai el\u0151k\u00e9sz\u00edt\u00e9s \u00e9s k\u00f6zgy\u0171l\u00e9si d\u00f6nt\u00e9s volt.<\/p>\n<p>Az eddigi kommunik\u00e1ci\u00f3juk sem vitatta a 160 milli\u00f3 forint indokolts\u00e1g\u00e1t. A jelenlegi vezet\u00e9s aggodalm\u00e1t nem \u00e9rz\u00e9kelem a k\u00f3rh\u00e1zi fejleszt\u00e9s 5 milli\u00e1rdos kezel\u00e9s\u00e9ben, a m\u00falt heti meggondolatlan d\u00f6nt\u00e9s\u00fck is ezt igazolja.<\/p>\n<p>A kor\u00e1bbi vezet\u00e9s munk\u00e1j\u00e1nak eredm\u00e9nyess\u00e9g\u00e9t j\u00f3l mutatja, hogy okt\u00f3ber \u00f3ta k\u00f6zel 100 f\u0151t tudtak felvenni a Markhot Ferenc K\u00f3rh\u00e1zba, ami azt igazolja, hogy m\u00e1s k\u00f3rh\u00e1zakhoz viszony\u00edtva legkev\u00e9sb\u00e9 elad\u00f3sodottakhoz tartozott az \u00e1tv\u00e9teln\u00e9l a Heves Megyei \u00d6nkorm\u00e1nyzat K\u00f3rh\u00e1za.<\/p>\n<p>Az ez \u00e9v v\u00e9gi v\u00e1rhat\u00f3 hi\u00e1nyok kezel\u00e9se sokkal fontosabb feladat lenne, mellyel a jelenlegi vezet\u00e9s ad\u00f3s a megy\u00e9nek.<\/p>\n<p>T\u00f6bbek k\u00f6z\u00f6tt nem felel meg a val\u00f3s\u00e1gnak az sem, hogy saj\u00e1t hat\u00e1sk\u00f6rben d\u00f6nt\u00f6ttem 160 milli\u00f3 forint oda\u00edt\u00e9l\u00e9s\u00e9r\u0151l a k\u00f3rh\u00e1z sz\u00e1m\u00e1ra, \u00e9s a m\u00falt h\u00e9ten megjelent 280 milli\u00f3 forint sors\u00e1r\u00f3l sem. Az ezeken t\u00fal is elhangzott v\u00e1dak ok\u00e1n, szem\u00e9lyis\u00e9gi jogaim s\u00falyos megs\u00e9rt\u00e9se miatt az \u00f6sszes polg\u00e1ri \u00e9s b\u00fcntet\u0151jogi eszk\u00f6zt ig\u00e9nybe k\u00edv\u00e1nom venni igazam v\u00e9delm\u00e9ben. Ennek \u00e9rdek\u00e9ben feljelent\u00e9ssel \u00e9lek a Heves Megyei K\u00f6zgy\u0171l\u00e9s vezet\u00e9se ellen.<\/p>\n<p>S\u00f3s Tam\u00e1s,<\/p>\n<p>orsz\u00e1ggy\u0171l\u00e9si k\u00e9pvisel\u0151&#8221;<\/p>\n<p>&nbsp;<\/p>\n","protected":false},"excerpt":{"rendered":"<p>&#8222;Felel\u0151ss\u00e9gre kell vonni a  t\u00e9kozl\u00f3kat!&#8221;: ezzel a c\u00edmmel tartott sajt\u00f3t\u00e1j\u00e9koztat\u00f3t a Heves  Megyei K\u00f6zgy\u0171l\u00e9s eln\u00f6ke, Szab\u00f3 R\u00f3bert,  valamint a k\u00f6zgy\u0171l\u00e9s eseti  vizsg\u00e1l\u00f3bizotts\u00e1g\u00e1nak eln\u00f6ke, Sveiczer S\u00e1ndor P\u00e9ter.<br \/>\nS\u00f3s Tam\u00e1s reag\u00e1l:<br \/>\n&#8222;R\u00e1galmaz a heves megyei fideszes k\u00f6zgy\u0171l\u00e9s<br \/>\nKezd komolytalann\u00e1 v\u00e1lni a Heves Megyei K\u00f6zgy\u0171l\u00e9s \u00fan. Eseti bizotts\u00e1g\u00e1nak munk\u00e1ja. Az \u00f6tvenes \u00e9veket id\u00e9z\u0151en politikai megrendel\u00e9sre dolgoznak. Nyolc [&#8230;]<\/p>\n","protected":false},"author":4,"featured_media":0,"comment_status":"open","ping_status":"closed","sticky":false,"template":"","format":"standard","meta":{"footnotes":""},"categories":[6,3],"tags":[],"class_list":["post-4297","post","type-post","status-publish","format-standard","hentry","category-belfold","category-politika"],"_links":{"self":[{"href":"https:\/\/www.agriatv.hu\/index.php?rest_route=\/wp\/v2\/posts\/4297","targetHints":{"allow":["GET"]}}],"collection":[{"href":"https:\/\/www.agriatv.hu\/index.php?rest_route=\/wp\/v2\/posts"}],"about":[{"href":"https:\/\/www.agriatv.hu\/index.php?rest_route=\/wp\/v2\/types\/post"}],"author":[{"embeddable":true,"href":"https:\/\/www.agriatv.hu\/index.php?rest_route=\/wp\/v2\/users\/4"}],"replies":[{"embeddable":true,"href":"https:\/\/www.agriatv.hu\/index.php?rest_route=%2Fwp%2Fv2%2Fcomments&post=4297"}],"version-history":[{"count":5,"href":"https:\/\/www.agriatv.hu\/index.php?rest_route=\/wp\/v2\/posts\/4297\/revisions"}],"predecessor-version":[{"id":4300,"href":"https:\/\/www.agriatv.hu\/index.php?rest_route=\/wp\/v2\/posts\/4297\/revisions\/4300"}],"wp:attachment":[{"href":"https:\/\/www.agriatv.hu\/index.php?rest_route=%2Fwp%2Fv2%2Fmedia&parent=4297"}],"wp:term":[{"taxonomy":"category","embeddable":true,"href":"https:\/\/www.agriatv.hu\/index.php?rest_route=%2Fwp%2Fv2%2Fcategories&post=4297"},{"taxonomy":"post_tag","embeddable":true,"href":"https:\/\/www.agriatv.hu\/index.php?rest_route=%2Fwp%2Fv2%2Ftags&post=4297"}],"curies":[{"name":"wp","href":"https:\/\/api.w.org\/{rel}","templated":true}]}}