{"id":4304,"date":"2011-05-24T15:47:13","date_gmt":"2011-05-24T15:47:13","guid":{"rendered":"http:\/\/www.agriatv.hu\/?p=4304"},"modified":"2011-05-24T15:47:13","modified_gmt":"2011-05-24T15:47:13","slug":"nyilt-level-iskolaugyben-az-egri-kozgyulesnek","status":"publish","type":"post","link":"https:\/\/www.agriatv.hu\/?p=4304","title":{"rendered":"Ny\u00edlt lev\u00e9l iskola\u00fcgyben az egri k\u00f6zgy\u0171l\u00e9snek"},"content":{"rendered":"<p><span class=\"rg_ctlv\"><a id=\"rg_hl\" class=\"rg_hl\" href=\"http:\/\/www.google.hu\/imgres?imgurl=http:\/\/web.t-online.hu\/grenerczynorbert75\/appancs\/images\/lenkey.JPG&amp;imgrefurl=http:\/\/web.t-online.hu\/grenerczynorbert75\/appancs\/profile.html&amp;usg=__GodL7l6P2JfnA_madN0G8eAmC0o=&amp;h=200&amp;w=169&amp;sz=10&amp;hl=hu&amp;start=0&amp;sig2=S0h-IDt9K-eZg-i8GxaWnA&amp;zoom=0&amp;tbnid=2ic8DOzCQfZKHM:&amp;tbnh=104&amp;tbnw=88&amp;ei=udLbTZSpConYtAaehLTTDg&amp;prev=\/search%3Fq%3Deger%2Blenkey%2Bj%25C3%25A1nos%2B%25C3%25A1ltal%25C3%25A1nos%2Biskola%26um%3D1%26hl%3Dhu%26sa%3DN%26biw%3D1157%26bih%3D598%26tbm%3Disch&amp;um=1&amp;itbs=1&amp;iact=hc&amp;vpx=437&amp;vpy=301&amp;dur=262&amp;hovh=104&amp;hovw=88&amp;tx=64&amp;ty=36&amp;sqi=2&amp;page=1&amp;ndsp=18&amp;ved=1t:429,r:8,s:0\"><img loading=\"lazy\" decoding=\"async\" id=\"rg_hi\" class=\"rg_hi alignleft\" style=\"width: 88px; height: 104px;\" src=\"http:\/\/t0.gstatic.com\/images?q=tbn:ANd9GcR2gWQp6mkPD8yG7Zd-CQbkDJrLksnMwlgJPRtAukIVt_8EyoSo\" alt=\"\" width=\"88\" height=\"104\" \/><\/a><\/span><strong>Felh\u00e1borodott lenkeys sz\u00fcl\u0151k juttatt\u00e1k el hozz\u00e1nk az al\u00e1bbi levelet, melyet v\u00e1ltoztat\u00e1s n\u00e9lk\u00fcl k\u00f6zl\u00fcnk:<\/strong><\/p>\n<p>&nbsp;<\/p>\n<p><strong>&#8222;NY\u00cdLT LEV\u00c9L<\/strong><\/p>\n<p>&nbsp;<\/p>\n<p><strong>Tisztelt K\u00f6zgy\u0171l\u00e9s!<\/strong><\/p>\n<p>&nbsp;<\/p>\n<p>Hamarosan sz\u00e1munkra is kider\u00fcl, ki lesz a k\u00f6vetkez\u0151 tan\u00e9vt\u0151l a Lenkey J\u00e1nos \u00c1ltal\u00e1nos Iskola Igazgat\u00f3ja.<\/p>\n<p>Az els\u0151 fordul\u00f3t, melyben a k\u00f6zvetlen munkat\u00e1rsak voksolhattak, \u00f3ri\u00e1si f\u00f6l\u00e9nnyel nyerte Feh\u00e9r L\u00e1szl\u00f3n\u00e9 &#8211; vagy ahogyan a gyerekeink h\u00edvj\u00e1k: Katika n\u00e9ni-, aki imm\u00e1ron t\u00edz \u00e9ve vezet\u0151je az int\u00e9zm\u00e9nynek.<\/p>\n<p>Ezalatt a t\u00edz \u00e9v alatt nagyon sokat tett az iskol\u00e1\u00e9rt, odaad\u00e1s\u00e1val, szak\u00e9rtelm\u00e9vel, irigyl\u00e9sre m\u00e9lt\u00f3 higgadts\u00e1g\u00e1val \u00e9s nyugalm\u00e1val m\u00e9lt\u00f3n nyerte el mind a sz\u00fcl\u0151k, mind a tanul\u00f3k, s &#8211; mint a szavaz\u00e1s eredm\u00e9nye is mutatja- koll\u00e9g\u00e1i bizalm\u00e1t.<\/p>\n<p>Az elm\u00falt hetekben viszont k\u00fcl\u00f6nb\u00f6z\u0151 (nagyon aggaszt\u00f3) inform\u00e1ci\u00f3k l\u00e1ttak napvil\u00e1got! Ezek k\u00f6z\u00fcl n\u00e9h\u00e1ny:<\/p>\n<ul>\n<li>m\u00e1r a p\u00e1ly\u00e1zat ki\u00edr\u00e1sa el\u0151tt eld\u00f6nt\u00f6tt t\u00e9ny volt,      hogy ki lesz az int\u00e9zm\u00e9ny vezet\u0151je!<\/li>\n<li>mindenk\u00e9ppen politikai d\u00f6nt\u00e9s fog sz\u00fcletni!<\/li>\n<li>a m\u00e1sik p\u00e1ly\u00e1z\u00f3nak meg\u00edg\u00e9rt\u00e9k, hogy a Lenkey      igazgat\u00f3ja lesz!<\/li>\n<\/ul>\n<p>&nbsp;<\/p>\n<p>M\u00e9lyen felh\u00e1bor\u00edtottak \u00e9s elkeser\u00edtettek benn\u00fcnket ezek a h\u00edrek, s annak \u00e9rdek\u00e9ben, hogy t\u00e1mogassuk Feh\u00e9r L\u00e1szl\u00f3n\u00e9t, al\u00e1\u00edr\u00e1sokat gy\u0171jt\u00f6tt\u00fcnk. Sokan azonban nem \u00edrt\u00e1k al\u00e1, teljesen feleslegesnek tartott\u00e1k ezt, mondv\u00e1n nincs \u00e9rtelme, \u00fagysem \u0150 marad az igazgat\u00f3, hiszen NEM MARADHAT. Sokan az\u00e9rt nem \u00edrt\u00e1k al\u00e1, mert f\u00e9ltett\u00e9k gyermekeiket a k\u00f6vetkezm\u00e9nyekt\u0151l, f\u00e9ltek a politikai h\u00e1tt\u00e9rt\u0151l.<\/p>\n<p>Sz\u00e1munkra teljesen \u00e9rtelmetlen, hogy mi\u00e9rt nem el\u00e9g igazol\u00e1s az, hogy k\u00f6zvetlen koll\u00e9g\u00e1i, akik nap mint nap Vele egy\u00fctt dolgoznak, az \u0150 ir\u00e1ny\u00edt\u00e1sa alatt \u00e1llnak, r\u00e1 szavaztak? Nem az \u0150 v\u00e9lem\u00e9ny\u00fck lenne a legfontosabb?<\/p>\n<p>F\u0151k\u00e9nt, ha azt is tudjuk, hogy a m\u00e1sik p\u00e1ly\u00e1z\u00f3 sem ismeretlen a pedag\u00f3gusok sz\u00e1m\u00e1ra, hiszen r\u00e9gebben \u00e9vekig vele is koll\u00e9g\u00e1k voltak! Nem elgondolkodtat\u00f3 az egy kicsit?<\/p>\n<p>Az pedig m\u00e9g ink\u00e1bb az, amit l\u00e9pten-nyomon (m\u00e9gis titokban) hallani a m\u00e1sik f\u00e9llel kapcsolatban.<\/p>\n<p>Pont R\u00f3la, aki innen-onnan \u00f6sszeoll\u00f3zott p\u00e1ly\u00e1zat\u00e1ban gy\u00f6ny\u00f6r\u0171en, hosszan ecsetelte, hogy milyennek kell lennie a pedag\u00f3gusnak, hogy csakis megfelel\u0151 k\u00f6r\u00fclm\u00e9nyek k\u00f6z\u00f6tt, demokratikus k\u00f6zegben lehet j\u00f3 munk\u00e1t v\u00e9gezni!!!<\/p>\n<p>&nbsp;<\/p>\n<p>Nagyon \u00e9rdekes egy\u00e9bk\u00e9nt a pedag\u00f3gus szem\u00e9ly\u00e9vel kapcsolatos besz\u00e1mol\u00f3ja. A hallottak alapj\u00e1n \u0150 ezeknek pont az ellenkez\u0151je. Olyan sz\u00fcl\u0151k, akiknek gyermekeit kor\u00e1bban tan\u00edtotta, vagy t\u00e1boroztatta, szinte r\u00e9mt\u00f6rt\u00e9netekbe ill\u0151 dolgokat mes\u00e9ltek a kor\u00e1bban pedag\u00f3gusk\u00e9nt elt\u00f6lt\u00f6tt \u00e9veir\u0151l. \u00d6n\u00f6knek is fel kellene keresni ezeket a hiteles forr\u00e1sokat, higgy\u00e9k el \u00e9rdemes!!!<\/p>\n<p>M\u00e9g meg sem v\u00e1lasztott\u00e1k, s m\u00e1ris tapintani lehet a fesz\u00fclts\u00e9get. Mintha mindenki f\u00e9lne t\u0151le. Igaz a pedag\u00f3gusok mindent megtesznek az\u00e9rt, hogy ebb\u0151l egy k\u00edv\u00fcl\u00e1ll\u00f3 semmit ne vegyen \u00e9szre, \u00e9s teljes erej\u00fckkel gyermekeink \u00e9rdekeit n\u00e9zik, de lehet-e ilyen k\u00f6r\u00fclm\u00e9nyek k\u00f6z\u00f6tt norm\u00e1lisan dolgozni? B\u00e1rmilyen a v\u00e1laszt\u00e1ssal, vagy a j\u00f6v\u0151vel kapcsolatban feltett k\u00e9rd\u00e9seinkre egy \u201enem tudom\u201d-mal szemles\u00fctve v\u00e1laszolnak. Senki sem meri felv\u00e1llalni v\u00e9lem\u00e9ny\u00e9t, f\u00e9ltve az \u00e1ll\u00e1s\u00e1t, a j\u00f6v\u0151j\u00e9t, a meg\u00e9lhet\u00e9s\u00e9t. Ink\u00e1bb hallgatnak &#8230;.<\/p>\n<p>Tulajdonk\u00e9ppen mi, egyszer\u0171 sz\u00fcl\u0151k, azt sem \u00e9rtj\u00fck, mi\u00e9rt kellett egy\u00e1ltal\u00e1n megk\u00e9rdezni a tan\u00e1rok v\u00e9lem\u00e9ny\u00e9t arr\u00f3l, \u0150k kit szeretn\u00e9nek vezet\u0151j\u00fcknek, ha senkit sem \u00e9rdekel?! M\u00e9gis mit \u00e9rnek a v\u00e9lem\u00e9nyez\u00e9si jogukkal, ha d\u00f6nteni \u00fagysem d\u00f6nthetnek?!<\/p>\n<p>Nem el\u00e9g azoknak a szerencs\u00e9tlen (\u00e9s most nyomban eln\u00e9z\u00e9s\u00fcket k\u00e9rj\u00fck a jelz\u0151\u00e9rt) pedag\u00f3gusoknak az, hogy \u00e9vr\u0151l-\u00e9vre alkalmazkodniuk kell olyan dolgokhoz, amelyeknek k\u00f6ze sincs a tan\u00edt\u00e1shoz, a gyerekekhez, hogy annyi egy\u00e9b k\u00f6telez\u0151 feladatuk van, hogy lassan m\u00e1r nem marad idej\u00fck tan\u00edtani. &#8230; m\u00e9g a k\u00f6zvetlen f\u0151n\u00f6k\u00fck is olyan legyen, akit \u0150k nem szeretn\u00e9nek???<\/p>\n<p>Mi lesz \u00edgy a gyermekeink j\u00f6v\u0151j\u00e9vel? A j\u00f6v\u0151 nemzed\u00e9k\u00e9vel. &#8230; h\u00e1t nem az \u0150 sorsuk lenne a legfontosabb???<\/p>\n<p>Tisztelettel: A lenkeys sz\u00fcl\u0151k<\/p>\n<p>&#8222;<\/p>\n","protected":false},"excerpt":{"rendered":"<p>Felh\u00e1borodott lenkeys sz\u00fcl\u0151k juttatt\u00e1k el hozz\u00e1nk az al\u00e1bbi levelet, melyet v\u00e1ltoztat\u00e1s n\u00e9lk\u00fcl k\u00f6zl\u00fcnk:<br \/>\n&nbsp;<br \/>\n&#8222;NY\u00cdLT LEV\u00c9L<br \/>\n&nbsp;<br \/>\nTisztelt K\u00f6zgy\u0171l\u00e9s!<br \/>\n&nbsp;<br \/>\nHamarosan sz\u00e1munkra is kider\u00fcl, ki lesz a k\u00f6vetkez\u0151 tan\u00e9vt\u0151l a Lenkey J\u00e1nos \u00c1ltal\u00e1nos Iskola Igazgat\u00f3ja.<br \/>\nAz els\u0151 fordul\u00f3t, melyben a k\u00f6zvetlen munkat\u00e1rsak voksolhattak, \u00f3ri\u00e1si f\u00f6l\u00e9nnyel nyerte Feh\u00e9r L\u00e1szl\u00f3n\u00e9 &#8211; vagy ahogyan a gyerekeink h\u00edvj\u00e1k: Katika n\u00e9ni-, aki imm\u00e1ron t\u00edz \u00e9ve vezet\u0151je az [&#8230;]<\/p>\n","protected":false},"author":4,"featured_media":0,"comment_status":"open","ping_status":"open","sticky":false,"template":"","format":"standard","meta":{"footnotes":""},"categories":[1],"tags":[],"class_list":["post-4304","post","type-post","status-publish","format-standard","hentry","category-nincs-kategorizalva"],"_links":{"self":[{"href":"https:\/\/www.agriatv.hu\/index.php?rest_route=\/wp\/v2\/posts\/4304","targetHints":{"allow":["GET"]}}],"collection":[{"href":"https:\/\/www.agriatv.hu\/index.php?rest_route=\/wp\/v2\/posts"}],"about":[{"href":"https:\/\/www.agriatv.hu\/index.php?rest_route=\/wp\/v2\/types\/post"}],"author":[{"embeddable":true,"href":"https:\/\/www.agriatv.hu\/index.php?rest_route=\/wp\/v2\/users\/4"}],"replies":[{"embeddable":true,"href":"https:\/\/www.agriatv.hu\/index.php?rest_route=%2Fwp%2Fv2%2Fcomments&post=4304"}],"version-history":[{"count":2,"href":"https:\/\/www.agriatv.hu\/index.php?rest_route=\/wp\/v2\/posts\/4304\/revisions"}],"predecessor-version":[{"id":4306,"href":"https:\/\/www.agriatv.hu\/index.php?rest_route=\/wp\/v2\/posts\/4304\/revisions\/4306"}],"wp:attachment":[{"href":"https:\/\/www.agriatv.hu\/index.php?rest_route=%2Fwp%2Fv2%2Fmedia&parent=4304"}],"wp:term":[{"taxonomy":"category","embeddable":true,"href":"https:\/\/www.agriatv.hu\/index.php?rest_route=%2Fwp%2Fv2%2Fcategories&post=4304"},{"taxonomy":"post_tag","embeddable":true,"href":"https:\/\/www.agriatv.hu\/index.php?rest_route=%2Fwp%2Fv2%2Ftags&post=4304"}],"curies":[{"name":"wp","href":"https:\/\/api.w.org\/{rel}","templated":true}]}}