{"id":4321,"date":"2011-05-26T20:10:51","date_gmt":"2011-05-26T20:10:51","guid":{"rendered":"http:\/\/www.agriatv.hu\/?p=4321"},"modified":"2011-05-26T20:10:51","modified_gmt":"2011-05-26T20:10:51","slug":"kozgyules-egerben","status":"publish","type":"post","link":"https:\/\/www.agriatv.hu\/?p=4321","title":{"rendered":"K\u00f6zgy\u0171l\u00e9s Egerben"},"content":{"rendered":"<p><span class=\"rg_ctlv\"><a id=\"rg_hl\" class=\"rg_hl\" href=\"http:\/\/www.google.hu\/imgres?imgurl=http:\/\/upload.wikimedia.org\/wikipedia\/hu\/thumb\/0\/09\/EgerVaroshaza.jpg\/300px-EgerVaroshaza.jpg&amp;imgrefurl=http:\/\/hu.wikipedia.org\/wiki\/Eger&amp;usg=__50Po7ZFTFmsXtT8pyQeoTi5EPDE=&amp;h=225&amp;w=300&amp;sz=28&amp;hl=hu&amp;start=16&amp;sig2=1YRW2L7j5p8PywRqTeo37w&amp;zoom=1&amp;tbnid=n3Hp2LOVQmiGVM:&amp;tbnh=130&amp;tbnw=170&amp;ei=g7LeTaaZOY3GtAaK-dnfBQ&amp;prev=\/search%3Fq%3Dv%25C3%25A1rosh%25C3%25A1za%2Beger%26um%3D1%26hl%3Dhu%26sa%3DN%26biw%3D1157%26bih%3D598%26tbm%3Disch&amp;um=1&amp;itbs=1&amp;iact=hc&amp;vpx=483&amp;vpy=276&amp;dur=1319&amp;hovh=180&amp;hovw=240&amp;tx=130&amp;ty=98&amp;page=2&amp;ndsp=18&amp;ved=1t:429,r:2,s:16\"><img loading=\"lazy\" decoding=\"async\" id=\"rg_hi\" class=\"rg_hi alignleft\" src=\"http:\/\/t1.gstatic.com\/images?q=tbn:ANd9GcSPJkUBIcQMKFKtdUI1EW2Vkvd4L1cdafE8Ej6sjbux3ogllJx7\" alt=\"\" width=\"168\" height=\"127\" \/><\/a><\/span>A mai Egri v\u00e1rosi k\u00f6zgy\u0171l\u00e9sen els\u0151sorban szem\u00e9ly\u00fcgyekben sz\u00fcletett d\u00f6nt\u00e9s. A Br\u00f3dy S\u00e1ndor Megyei \u00e9s V\u00e1rosi K\u00f6nyvt\u00e1rban a tov\u00e1bbiakban is T\u0151zs\u00e9r Istv\u00e1nn\u00e9 t\u00f6lti be az igazgat\u00f3i poz\u00edci\u00f3t.<br \/>\nSeres Tibor t\u0171zolt\u00f3 alezredest, aki eddig megb\u00edzottk\u00e9nt l\u00e1tta el a t\u0171zolt\u00f3 parancsnoki teend\u0151ket kinevezt\u00e9k parancsnoknak.<\/p>\n<p>Az oktat\u00e1si \u00e9s nevel\u00e9si int\u00e9zm\u00e9nyvezet\u0151k kinevez\u00e9se sor\u00e1n n\u00e9mi vita zajlott. A v\u00e1ros d\u00f6nt\u00e9se szerint vezet\u0151i beoszt\u00e1sokban a k\u00f6vetkez\u0151 v\u00e1ltoz\u00e1sok t\u00f6rt\u00e9ntek:<\/p>\n<p>-Orsz\u00e1gh G\u00e9z\u00e1n\u00e9 nyugd\u00edjbavonul\u00e1s\u00e1val a Gyermekkert \u00d3voda tag\u00f3vodavezet\u0151je Tak\u00e1cs Gy\u00f6rgyn\u00e9 lett (18 igen)<\/p>\n<p>-Feh\u00e9r L\u00e1szl\u00f3n\u00e9 volt eddig a Lenkey J\u00e1nos \u00c1lt. Iskola igazgat\u00f3ja, a nevel\u0151test\u00fclet  \u00e9s sz\u00fcl\u0151i v\u00e1lasztm\u00e1ny t\u00e1mogat\u00e1s\u00e1nak ellen\u00e9re sem tarthatta meg \u00e1ll\u00e1s\u00e1t, helyette az  int\u00e9zm\u00e9ny \u00faj igazgat\u00f3ja Szeleczki J\u00e1nos lett (14 igen ,3 nem szavazattal),<\/p>\n<p>-az Egri Kereskedelmi, Mez\u0151gazdas\u00e1gi, Vend\u00e9gl\u00e1t\u00f3ipari Szakk\u00f6z\u00e9p-, Szakiskola \u00e9s Koll\u00e9gium vezet\u0151i \u00e1ll\u00e1s\u00e1t a j\u00f6v\u0151ben  a nevel\u0151test\u00fclet javaslata ellen\u00e9re a tov\u00e1bbiakban m\u00e1r nem K\u00e1llay -Pataki Piroska, hanem dr. Vasas Joachim t\u00f6lti be (13 igen, 4 nem)<\/p>\n<p>-A P\u00e1sztorv\u00f6lgyi \u00c1ltal\u00e1nos Iskola \u00e9s Gimn\u00e1zium igazgat\u00f3ja K\u00e1ntor Zsolt, az iskola eddigi igazgat\u00f3-helyettese lett.<\/p>\n<p>A tov\u00e1bbi 4 int\u00e9zm\u00e9ny vezet\u0151j\u00e9nek szem\u00e9lye nem v\u00e1ltozik<\/p>\n<p>Ezek:<\/p>\n<p>&#8211;\tG\u00e1l Judit marad a Benedek Elek \u00d3voda \u00f3vodavezet\u0151je a tov\u00e1bbiakban is (15 igen, 2 tart\u00f3zkod\u00e1s)<br \/>\n&#8211;\tA Gyermekl\u00e1nc \u00d3voda \u00f3vodavezet\u0151je tov\u00e1bbra is Szajlain\u00e9 Sz\u0151ke \u00c9va marad (17 igen, 1 tart\u00f3zkod\u00e1s)<br \/>\n&#8211;\tA Farkas Ferenc Zeneiskola Alapfok\u00fa M\u0171v\u00e9szetoktat\u00e1si Int\u00e9zm\u00e9ny vezet\u0151i \u00e1ll\u00e1s\u00e1t Barczi Edina az iskola jelenlegi vezet\u0151je p\u00e1ly\u00e1zta meg, sikerrel.<br \/>\n&#8211;\tAz Egri V\u00e1rosi Sportiskola vezet\u0151je Kov\u00e1cs G\u00e9za eddigi igazgat\u00f3 maradt.<\/p>\n","protected":false},"excerpt":{"rendered":"<p>A mai Egri v\u00e1rosi k\u00f6zgy\u0171l\u00e9sen els\u0151sorban szem\u00e9ly\u00fcgyekben sz\u00fcletett d\u00f6nt\u00e9s. A Br\u00f3dy S\u00e1ndor Megyei \u00e9s V\u00e1rosi K\u00f6nyvt\u00e1rban a tov\u00e1bbiakban is T\u0151zs\u00e9r Istv\u00e1nn\u00e9 t\u00f6lti be az igazgat\u00f3i poz\u00edci\u00f3t.<br \/>\nSeres Tibor t\u0171zolt\u00f3 alezredest, aki eddig megb\u00edzottk\u00e9nt l\u00e1tta el a t\u0171zolt\u00f3 parancsnoki teend\u0151ket kinevezt\u00e9k parancsnoknak.<br \/>\nAz oktat\u00e1si \u00e9s nevel\u00e9si int\u00e9zm\u00e9nyvezet\u0151k kinevez\u00e9se sor\u00e1n n\u00e9mi vita zajlott. A v\u00e1ros d\u00f6nt\u00e9se szerint vezet\u0151i beoszt\u00e1sokban [&#8230;]<\/p>\n","protected":false},"author":4,"featured_media":0,"comment_status":"open","ping_status":"closed","sticky":false,"template":"","format":"standard","meta":{"footnotes":""},"categories":[3],"tags":[],"class_list":["post-4321","post","type-post","status-publish","format-standard","hentry","category-politika"],"_links":{"self":[{"href":"https:\/\/www.agriatv.hu\/index.php?rest_route=\/wp\/v2\/posts\/4321","targetHints":{"allow":["GET"]}}],"collection":[{"href":"https:\/\/www.agriatv.hu\/index.php?rest_route=\/wp\/v2\/posts"}],"about":[{"href":"https:\/\/www.agriatv.hu\/index.php?rest_route=\/wp\/v2\/types\/post"}],"author":[{"embeddable":true,"href":"https:\/\/www.agriatv.hu\/index.php?rest_route=\/wp\/v2\/users\/4"}],"replies":[{"embeddable":true,"href":"https:\/\/www.agriatv.hu\/index.php?rest_route=%2Fwp%2Fv2%2Fcomments&post=4321"}],"version-history":[{"count":2,"href":"https:\/\/www.agriatv.hu\/index.php?rest_route=\/wp\/v2\/posts\/4321\/revisions"}],"predecessor-version":[{"id":4323,"href":"https:\/\/www.agriatv.hu\/index.php?rest_route=\/wp\/v2\/posts\/4321\/revisions\/4323"}],"wp:attachment":[{"href":"https:\/\/www.agriatv.hu\/index.php?rest_route=%2Fwp%2Fv2%2Fmedia&parent=4321"}],"wp:term":[{"taxonomy":"category","embeddable":true,"href":"https:\/\/www.agriatv.hu\/index.php?rest_route=%2Fwp%2Fv2%2Fcategories&post=4321"},{"taxonomy":"post_tag","embeddable":true,"href":"https:\/\/www.agriatv.hu\/index.php?rest_route=%2Fwp%2Fv2%2Ftags&post=4321"}],"curies":[{"name":"wp","href":"https:\/\/api.w.org\/{rel}","templated":true}]}}