{"id":4361,"date":"2011-05-29T20:50:22","date_gmt":"2011-05-29T20:50:22","guid":{"rendered":"http:\/\/www.agriatv.hu\/?p=4361"},"modified":"2011-05-29T20:50:22","modified_gmt":"2011-05-29T20:50:22","slug":"akusztik-es-elektronik-ahogyan-a-jaffaban-keverik%e2%80%a6","status":"publish","type":"post","link":"https:\/\/www.agriatv.hu\/?p=4361","title":{"rendered":"Akusztik \u00e9s elektronik, ahogyan a Jaff\u00e1ban keverik\u2026."},"content":{"rendered":"<p><span class=\"rg_ctlv\"><a id=\"rg_hl\" class=\"rg_hl\" href=\"http:\/\/www.google.hu\/imgres?imgurl=http:\/\/4.bp.blogspot.com\/_K9gz_oymyQQ\/S3BW_EN9f9I\/AAAAAAAAAgc\/yf7WOp6bkj8\/s400\/x-menz.jpg&amp;imgrefurl=http:\/\/xmenz.blogspot.com\/&amp;usg=__REKEibwn3dX2tznVvP5gFbJTYC4=&amp;h=298&amp;w=400&amp;sz=37&amp;hl=hu&amp;start=0&amp;sig2=OhXLfjeAAkO1ZMWR6OQ6nA&amp;zoom=1&amp;tbnid=n8HZRLQxJvHVRM:&amp;tbnh=135&amp;tbnw=166&amp;ei=ErHiTaWDKI3dsgbl4ZiQBg&amp;prev=\/search%3Fq%3Dx-menz%26um%3D1%26hl%3Dhu%26sa%3DN%26biw%3D1157%26bih%3D598%26tbm%3Disch&amp;um=1&amp;itbs=1&amp;iact=hc&amp;vpx=129&amp;vpy=94&amp;dur=1020&amp;hovh=135&amp;hovw=166&amp;tx=141&amp;ty=85&amp;page=1&amp;ndsp=18&amp;ved=1t:429,r:0,s:0\"><img loading=\"lazy\" decoding=\"async\" id=\"rg_hi\" class=\"rg_hi alignleft\" src=\"http:\/\/t1.gstatic.com\/images?q=tbn:ANd9GcRrlgkxZgeaNZYBcQOwP2hoTJa_r6gL4IGBSj1XqFvNPbYGojIClA\" alt=\"\" width=\"132\" height=\"98\" \/><\/a><\/span><strong>Bark\u00f3czi No\u00e9mi \u00e9s az X-Menz Idiotronic zen\u00e9j\u00e9t vadonat\u00faj helysz\u00ednen \u00e9lvezhette a k\u00f6z\u00f6ns\u00e9g szombaton este Egerben. A h\u00e9tv\u00e9gi zen\u00e9s \u0151r\u00fcletnek v\u00e1rosunk els\u0151 romkocsm\u00e1ja, a Jaffa CoolTour Club adott otthont.<\/strong><\/p>\n<p>Az elm\u00falt hetekben ny\u00edlt meg meglehet\u0151sen retr\u00f3s elnevez\u00e9s\u0171, \u00e9jszakai titkos tal\u00e1lk\u00e1kra is kiv\u00e1l\u00f3an alkalmas sz\u00f3rakoz\u00f3hely a Jaffa, melyr\u0151l azt rebesgetik, hogy \u00c9szak-Magyarorsz\u00e1g els\u0151 romkocsm\u00e1ja.<\/p>\n<p>A V\u00f6r\u00f6smarty utca egyik elhagyatottnak \u00e9s k\u00fclv\u00e1rosinak t\u0171n\u0151 udvar\u00e1ban teh\u00e1t felfedez\u00e9sre v\u00e1r a b\u00e1r, ahov\u00e1 ez\u00fattal zen\u00e9vel cs\u00e1b\u00edtott\u00e1k a k\u00f6z\u00f6ns\u00e9get. H\u00e1t a l\u00e1togat\u00f3k k\u00f6z\u00f6tt volt is mindenf\u00e9le kor\u00fa \u00e9s hajviselet\u0171, a sze\u00e1nsz hangulata mindenesetre \u00f6sszeboron\u00e1lta a lelkeket.<\/p>\n<p>A Jaff\u00e1ban a f\u00f6ldszint a s\u00f6rbar\u00e1tok\u00e9, az emeleten viszont kokt\u00e9lokkal \u00e9s zen\u00e9vel bomb\u00e1zz\u00e1k a sz\u00e1raztork\u00fa h\u00edveket.<\/p>\n<p>Akiknek a ferde \u00edr\u00f3asztallap\u00fa, \u0151sr\u00e9gi iskolapadokban nem jutott hely, azok a hetvenes \u00e9vekbeli fotelek \u00e9s doh\u00e1nyz\u00f3asztalok k\u00f6z\u00f6tt tal\u00e1ltak mened\u00e9ket a f\u00e9lhom\u00e1lyban. A rendez\u0151k n\u00e9melyek sz\u00e1m\u00e1ra \u00e1ll\u00f3l\u00e1mp\u00e1val \u00e9s m\u00e9csesekkel tett\u00e9k komfortosabb\u00e1 a szombat esti akusztikai \u00e9lm\u00e9nyt, amire f\u0151sulis szabadcsapatok, \u00e9s a helyi m\u0171v\u00e9szeti \u00e9let kiv\u00e1l\u00f3s\u00e1gai nagy v\u00e1rakoz\u00e1ssal \u00e9rkeztek.<\/p>\n<p>Az este nyit\u00f3 produkci\u00f3ja, a nemr\u00e9g els\u0151 lemezbemutat\u00f3j\u00e1n t\u00falesett Bark\u00f3czi No\u00e9mi, egysz\u00e1lgit\u00e1ros dalnok volt, aki egyre otthonosabban l\u00e9pked a sz\u00f3rakoztat\u00f3ipar ingatag deszk\u00e1in. Az izgatottnak t\u0171n\u0151 l\u00e1ny ez\u00fattal j\u00f3l kihangos\u00edtva hallatta nem ak\u00e1rmilyen hangj\u00e1t, r\u00f6gt\u00f6n egy \u201epici emberrel\u201d szembes\u00edtve a hallgat\u00f3s\u00e1got.<\/p>\n<p>Az \u00e9rzelmi hat\u00e1st feler\u0151s\u00edti f\u00e9lhom\u00e1lyb\u00f3l alaposan meg\u00e9rlelt, apr\u00f3 gondolatok b\u00fajnak el\u0151: \u00e9n, szeg\u00e9ny mazochista, mikor hazafel\u00e9\u2026\u00a0 nem is \u00e9rtem mi\u00e9rt lesz v\u00e9ge egyszercsak\u2026.<\/p>\n<p>A dalszerz\u0151-\u00e9nekesn\u0151 egy\u00e9ni sz\u00ednfoltot jelent Eger zenei palett\u00e1j\u00e1n, saj\u00e1tosan meghitt hangv\u00e9tel\u0171 produkci\u00f3iban akusztikus git\u00e1ron k\u00eds\u00e9ri \u00e9nek\u00e9t. Nemcsak a hangj\u00e1ra \u00e9rdemes odafigyelni, dalai, git\u00e1rj\u00e1t\u00e9ka is a sz\u00edvek falait d\u00f6ngetik. Bemutatkoz\u00f3 EP-j\u00e9t \u201c<strong>szerda 5\u201d c\u00edmmel online jelentette meg m\u00e1rcius v\u00e9g\u00e9n. A lemez meghallgathat\u00f3 \u00e9s let\u00f6lthet\u0151:<\/strong> <a href=\"ttp:\/\/noemibarkoczi.bandcamp.com\/\" target=\"_blank\"><strong>http:\/\/noemibarkoczi.bandcamp.com<\/strong><\/a><\/p>\n<p>Az est m\u00e1sodik szerepl\u0151je az X-Menz Idiotronic volt akikr\u0151l annyit mindenk\u00e9ppen \u00e9rdemes tudni, hogy az electrotrash-t j\u00e1tsz\u00f3 budapesti zenekart 2008-ban n\u00e9h\u00e1ny bolondos kedv\u0171 fiatal hozta l\u00e9tre. Az er\u0151s k\u00e9pz\u0151m\u0171v\u00e9szeti k\u00f6t\u0151d\u00e9s\u0171 csapatot Br\u00fcckner J\u00e1nos, Fill\u00e9r M\u00e1t\u00e9 \u00e9s Dr. R\u00e1cskai Csaba alkotja, Szurcsik Erik\u00e1val a mikrofonn\u00e1l. A Jaff\u00e1ban, a\u00a0 m\u0171sor elej\u00e9n a zen\u00e9szek bemutatt\u00e1k elektronikus \u201eketyer\u00e9iket\u201d, amelyek mellett szintetiz\u00e1tor \u00e9s git\u00e1r is megsz\u00f3lalt az esten.<\/p>\n<p>A banda egy\u00e9bk\u00e9nt az id\u00e9n el\u0151sz\u00f6r megrendezett Trash Fesztiv\u00e1l dobog\u00f3j\u00e1r\u00f3l \u00e9rkezett. Produkci\u00f3jukban techno \u00e9s electro alappal, git\u00e1rral \u00e9s a legk\u00fcl\u00f6nf\u00e9l\u00e9bb effektekkel, vizu\u00e1lis m\u00e1gi\u00e1val oper\u00e1lva var\u00e1zsoltak \u00faj sz\u00edneket a buliba, amelyet Popm\u00e9ter folytatott.<\/p>\n<p>&nbsp;<\/p>\n<p>Holl\u00f3 Mikl\u00f3s<\/p>\n","protected":false},"excerpt":{"rendered":"<p>Bark\u00f3czi No\u00e9mi \u00e9s az X-Menz Idiotronic zen\u00e9j\u00e9t vadonat\u00faj helysz\u00ednen \u00e9lvezhette a k\u00f6z\u00f6ns\u00e9g szombaton este Egerben. A h\u00e9tv\u00e9gi zen\u00e9s \u0151r\u00fcletnek v\u00e1rosunk els\u0151 romkocsm\u00e1ja, a Jaffa CoolTour Club adott otthont.<br \/>\nAz elm\u00falt hetekben ny\u00edlt meg meglehet\u0151sen retr\u00f3s elnevez\u00e9s\u0171, \u00e9jszakai titkos tal\u00e1lk\u00e1kra is kiv\u00e1l\u00f3an alkalmas sz\u00f3rakoz\u00f3hely a Jaffa, melyr\u0151l azt rebesgetik, hogy \u00c9szak-Magyarorsz\u00e1g els\u0151 romkocsm\u00e1ja.<br \/>\nA V\u00f6r\u00f6smarty utca egyik elhagyatottnak [&#8230;]<\/p>\n","protected":false},"author":4,"featured_media":0,"comment_status":"open","ping_status":"closed","sticky":false,"template":"","format":"standard","meta":{"footnotes":""},"categories":[8,4],"tags":[],"class_list":["post-4361","post","type-post","status-publish","format-standard","hentry","category-kultura","category-szabadido"],"_links":{"self":[{"href":"https:\/\/www.agriatv.hu\/index.php?rest_route=\/wp\/v2\/posts\/4361","targetHints":{"allow":["GET"]}}],"collection":[{"href":"https:\/\/www.agriatv.hu\/index.php?rest_route=\/wp\/v2\/posts"}],"about":[{"href":"https:\/\/www.agriatv.hu\/index.php?rest_route=\/wp\/v2\/types\/post"}],"author":[{"embeddable":true,"href":"https:\/\/www.agriatv.hu\/index.php?rest_route=\/wp\/v2\/users\/4"}],"replies":[{"embeddable":true,"href":"https:\/\/www.agriatv.hu\/index.php?rest_route=%2Fwp%2Fv2%2Fcomments&post=4361"}],"version-history":[{"count":2,"href":"https:\/\/www.agriatv.hu\/index.php?rest_route=\/wp\/v2\/posts\/4361\/revisions"}],"predecessor-version":[{"id":4363,"href":"https:\/\/www.agriatv.hu\/index.php?rest_route=\/wp\/v2\/posts\/4361\/revisions\/4363"}],"wp:attachment":[{"href":"https:\/\/www.agriatv.hu\/index.php?rest_route=%2Fwp%2Fv2%2Fmedia&parent=4361"}],"wp:term":[{"taxonomy":"category","embeddable":true,"href":"https:\/\/www.agriatv.hu\/index.php?rest_route=%2Fwp%2Fv2%2Fcategories&post=4361"},{"taxonomy":"post_tag","embeddable":true,"href":"https:\/\/www.agriatv.hu\/index.php?rest_route=%2Fwp%2Fv2%2Ftags&post=4361"}],"curies":[{"name":"wp","href":"https:\/\/api.w.org\/{rel}","templated":true}]}}