{"id":4365,"date":"2011-05-30T17:46:07","date_gmt":"2011-05-30T17:46:07","guid":{"rendered":"http:\/\/www.agriatv.hu\/?p=4365"},"modified":"2011-05-30T17:46:07","modified_gmt":"2011-05-30T17:46:07","slug":"mi-ez-ha-nem-hutlen-kezeles","status":"publish","type":"post","link":"https:\/\/www.agriatv.hu\/?p=4365","title":{"rendered":"Mi ez, ha nem h\u0171tlen kezel\u00e9s?"},"content":{"rendered":"<p><strong><a href=\"https:\/\/www.agriatv.hu\/wp-content\/uploads\/2011\/05\/0530mszp_v.jpg\"><img loading=\"lazy\" decoding=\"async\" class=\"alignleft size-medium wp-image-4366\" title=\"0530mszp_v\" src=\"https:\/\/www.agriatv.hu\/wp-content\/uploads\/2011\/05\/0530mszp_v-300x240.jpg\" alt=\"\" width=\"125\" height=\"100\" srcset=\"https:\/\/www.agriatv.hu\/wp-content\/uploads\/2011\/05\/0530mszp_v-300x240.jpg 300w, https:\/\/www.agriatv.hu\/wp-content\/uploads\/2011\/05\/0530mszp_v.jpg 720w\" sizes=\"auto, (max-width: 125px) 100vw, 125px\" \/><\/a>S\u00falyos hib\u00e1t k\u00f6vetett el a Megyei K\u00f6zgy\u0171l\u00e9s Fideszes vezet\u00e9se,  mikor tudatosan a cs\u0151delj\u00e1r\u00e1st v\u00e1lasztotta, a Heves Megyei B\u00edr\u00f3s\u00e1g  cs\u0151dbiztost kirendel\u0151 v\u00e9gz\u00e9se ellen pedig m\u00e9g csak nem is fellebbezett. E  magatart\u00e1sukkal ellehetetlen\u00edtik az int\u00e9zm\u00e9nyek m\u0171k\u00f6d\u00e9s\u00e9t! \u2013 \u00e1ll\u00edtja  dr. S\u00f3s Tam\u00e1s MSZP-s orsz\u00e1ggy\u0171l\u00e9si k\u00e9pvisel\u0151.<\/strong><\/p>\n<p><em>\u00c1mb\u00e1r a Legfels\u0151bb B\u00edr\u00f3s\u00e1g a m\u00falth\u00e9t els\u0151  napj\u00e1n k\u00e9zbes\u00edtette a v\u00e9grehajt\u00e1st felf\u00fcggeszt\u0151 v\u00e9gz\u00e9s\u00e9t, arr\u00f3l eg\u00e9szen a  m\u00falt p\u00e9nteki k\u00f6zgy\u0171l\u00e9sig nem lehetett tudni, a sz\u00e9les nyilv\u00e1noss\u00e1got  pedig err\u0151l a mai napig sem t\u00e1j\u00e9koztatt\u00e1k!<\/em><div class=\"wordtube\">\n<div class=\"wordtube single300\" id=\"WT1_1\" style=\"width:320px; height:240px;\">\n<a href=\"http:\/\/www.macromedia.com\/go\/getflashplayer\">Get the Flash Player<\/a> to see the wordTube Media Player.\n<\/div><\/div>\n\t<script type=\"text\/javascript\" defer=\"defer\">\nvar WT1_1 = {\n\tparams : {\n\t\twmode : \"opaque\",\n\t\tallowscriptaccess : \"always\",\n\t\tallownetworking : \"all\",\n\t\tallowfullscreen : \"true\"},\n\tflashvars : {\n\t\tfile : \"http%3A%2F%2Fwww.agriatv.hu%2Fwp-content%2Fuploads%2F2011%2F05%2F0530mszp.flv\",\n\t\tvolume : \"80\",\n\t\tbufferlength : \"5\",\n\t\tquality : \"false\",\n\t\t'logo.hide' : \"false\",\n\t\timage : \"http%3A%2F%2Fwww.agriatv.hu%2Fwp-content%2Fuploads%2F2011%2F05%2F0530mszp.jpg\",\n\t\ttitle : \"0530mszp.flv\",\n\t\tlinktarget : \"_self\"},\n\tattr : {\n\t\tid : \"WT1\",\n\t\tname : \"WT1\"},\n\tstart : function() {\n\t\tswfobject.embedSWF(\"https:\/\/www.agriatv.hu\/\/player.swf\", \"WT1_1\", \"320\", \"240\", \"9.0.0\", false, this.flashvars, this.params , this.attr );\n\t}\n}\nWT1_1.start();\n\t<\/script>\n<\/p>\n<p><em>Holott a  Legfels\u0151bb B\u00edr\u00f3s\u00e1g d\u00f6nt\u00e9se alapvet\u0151en fontos, tulajdonk\u00e9ppen  jogalapj\u00e1ban k\u00e9rd\u0151jelezi meg a Megyei B\u00edr\u00f3s\u00e1g \u00e1ltal elrendelt \u00e9s a  megyei \u00f6nkorm\u00e1nyzati vezet\u00e9s \u00e1ltal minden tov\u00e1bbi n\u00e9lk\u00fcl tudom\u00e1sul vett  ad\u00f3ss\u00e1grendez\u00e9si elj\u00e1r\u00e1st.<\/em><\/p>\n<p><em>E magatart\u00e1s, e d\u00f6nt\u00e9s m\u00e1r  csak az\u00e9rt is visszatetsz\u0151, mert maga a Heves Megyei \u00d6nkorm\u00e1nyzat  fordult a Legfels\u0151bb B\u00edr\u00f3s\u00e1ghoz fel\u00fclvizsg\u00e1lati k\u00e9relemmel, k\u00e9rve  egy\u00fattal az elj\u00e1r\u00e1s felf\u00fcggeszt\u00e9s\u00e9t.<\/em><\/p>\n<p><em>Tal\u00e1n illett volna megv\u00e1rni a Legfels\u0151bb B\u00edr\u00f3s\u00e1g d\u00f6nt\u00e9s\u00e9t!<\/em><\/p>\n<p><em>Elj\u00e1r\u00e1suk  az\u00e9rt is \u00e9rthetetlen, mert az elm\u00falt \u00e9v okt\u00f3ber\u00e9ben, az \u00e1tad\u00e1s  \u00e1tv\u00e9telkor a legkev\u00e9sb\u00e9 elad\u00f3sodott megyei \u00f6nkorm\u00e1nyzatot \u00e9s megyei  k\u00f3rh\u00e1zat vehette \u00e1t az \u00faj vezet\u00e9s.<\/em><\/p>\n<p><em>D\u00f6nt\u00e9s\u00fck mag\u00e1val  hozza annak konkr\u00e9t vesz\u00e9ly\u00e9t, hogy a k\u00f6vetkez\u0151 \u00e9vekben nem lehetnek  jelent\u0151s fejleszt\u00e9sek, vesz\u00e9lybe ker\u00fcl a k\u00f3rh\u00e1z 5 milli\u00e1rdos fejleszt\u00e9se  \u00e9s k\u00e9rd\u00e9sess\u00e9 v\u00e1lik a v\u00e1r k\u00f6zel 2 milli\u00e1rdos fejleszt\u00e9se!<\/em><\/p>\n<p><em>Dr. S\u00f3s Tam\u00e1s<\/em><\/p>\n<p><em>MSZP<\/em><\/p>\n","protected":false},"excerpt":{"rendered":"<p>S\u00falyos hib\u00e1t k\u00f6vetett el a Megyei K\u00f6zgy\u0171l\u00e9s Fideszes vezet\u00e9se,  mikor tudatosan a cs\u0151delj\u00e1r\u00e1st v\u00e1lasztotta, a Heves Megyei B\u00edr\u00f3s\u00e1g  cs\u0151dbiztost kirendel\u0151 v\u00e9gz\u00e9se ellen pedig m\u00e9g csak nem is fellebbezett. E  magatart\u00e1sukkal ellehetetlen\u00edtik az int\u00e9zm\u00e9nyek m\u0171k\u00f6d\u00e9s\u00e9t! \u2013 \u00e1ll\u00edtja  dr. S\u00f3s Tam\u00e1s MSZP-s orsz\u00e1ggy\u0171l\u00e9si k\u00e9pvisel\u0151.<br \/>\n\u00c1mb\u00e1r a Legfels\u0151bb B\u00edr\u00f3s\u00e1g a m\u00falth\u00e9t els\u0151  napj\u00e1n k\u00e9zbes\u00edtette [&#8230;]<\/p>\n","protected":false},"author":4,"featured_media":0,"comment_status":"open","ping_status":"closed","sticky":false,"template":"","format":"standard","meta":{"footnotes":""},"categories":[6,3],"tags":[],"class_list":["post-4365","post","type-post","status-publish","format-standard","hentry","category-belfold","category-politika"],"_links":{"self":[{"href":"https:\/\/www.agriatv.hu\/index.php?rest_route=\/wp\/v2\/posts\/4365","targetHints":{"allow":["GET"]}}],"collection":[{"href":"https:\/\/www.agriatv.hu\/index.php?rest_route=\/wp\/v2\/posts"}],"about":[{"href":"https:\/\/www.agriatv.hu\/index.php?rest_route=\/wp\/v2\/types\/post"}],"author":[{"embeddable":true,"href":"https:\/\/www.agriatv.hu\/index.php?rest_route=\/wp\/v2\/users\/4"}],"replies":[{"embeddable":true,"href":"https:\/\/www.agriatv.hu\/index.php?rest_route=%2Fwp%2Fv2%2Fcomments&post=4365"}],"version-history":[{"count":1,"href":"https:\/\/www.agriatv.hu\/index.php?rest_route=\/wp\/v2\/posts\/4365\/revisions"}],"predecessor-version":[{"id":4367,"href":"https:\/\/www.agriatv.hu\/index.php?rest_route=\/wp\/v2\/posts\/4365\/revisions\/4367"}],"wp:attachment":[{"href":"https:\/\/www.agriatv.hu\/index.php?rest_route=%2Fwp%2Fv2%2Fmedia&parent=4365"}],"wp:term":[{"taxonomy":"category","embeddable":true,"href":"https:\/\/www.agriatv.hu\/index.php?rest_route=%2Fwp%2Fv2%2Fcategories&post=4365"},{"taxonomy":"post_tag","embeddable":true,"href":"https:\/\/www.agriatv.hu\/index.php?rest_route=%2Fwp%2Fv2%2Ftags&post=4365"}],"curies":[{"name":"wp","href":"https:\/\/api.w.org\/{rel}","templated":true}]}}