{"id":4372,"date":"2011-05-31T08:48:02","date_gmt":"2011-05-31T08:48:02","guid":{"rendered":"http:\/\/www.agriatv.hu\/?p=4372"},"modified":"2011-05-31T08:48:18","modified_gmt":"2011-05-31T08:48:18","slug":"gyermekbabosok-xviii-orszagos-fesztivalja","status":"publish","type":"post","link":"https:\/\/www.agriatv.hu\/?p=4372","title":{"rendered":"Gyermekb\u00e1bosok XVIII. Orsz\u00e1gos Fesztiv\u00e1lja"},"content":{"rendered":"<p><a href=\"..\/wp-content\/uploads\/2011\/05\/Gyermekb%C3%A1bos-logo.jpg\"><img loading=\"lazy\" decoding=\"async\" class=\"alignleft\" title=\"Gyermekb\u00e1bos logo\" src=\"..\/wp-content\/uploads\/2011\/05\/Gyermekb%C3%A1bos-logo-204x300.jpg\" alt=\"\" width=\"107\" height=\"158\" \/><\/a>A szakma a legrangosabb amat\u0151r gyermekb\u00e1bos rendezv\u00e9nyk\u00e9nt tartja sz\u00e1mon az egri fesztiv\u00e1lt. Az \u00e9vtizedes m\u00faltra visszatekint\u0151 rendezv\u00e9ny ebben a m\u0171fajban az egyetlen olyan orsz\u00e1gos tal\u00e1lkoz\u00f3, ahol alkalom ny\u00edlik a szakma ilyen szint\u0171 tal\u00e1lkoz\u00f3j\u00e1ra, szakmai tapasztalatcser\u00e9re. Az egri fesztiv\u00e1l tulajdonk\u00e9ppen egy nagy g\u00e1la, ahol b\u00e1r versenyeznek a fell\u00e9p\u0151 csoportok, de m\u00e9gsem ez a l\u00e9nyeg, hanem a tal\u00e1lkoz\u00e1s, a seregszemle. Itt ugyanis m\u00e1r minden produkci\u00f3 sz\u00ednvonalas \u00e9s k\u00fcl\u00f6nleges, hiszen a megyei seregszeml\u00e9k legjobbja jut el Egerbe.<\/p>\n<p>Sok\u00e9ves tapasztalat, hogy a fesztiv\u00e1l produkci\u00f3i mind t\u00e9mav\u00e1laszt\u00e1sban, mind a k\u00fcl\u00f6nb\u00f6z\u0151 b\u00e1btechnik\u00e1k felvonultat\u00e1s\u00e1ban igen sz\u00ednes \u00e9s magas sz\u00ednvonal\u00fa. A darabv\u00e1laszt\u00e1s szint\u00e9n nagyon v\u00e1ltozatos: a magyar n\u00e9pmes\u00e9kt\u0151l a modern mes\u00e9ken \u00e1t a showm\u0171sorig terjed a sk\u00e1la.<\/p>\n<p>Annak ellen\u00e9re, hogy a b\u00e1boz\u00e1s igen dr\u00e1ga \u00e9s munkaig\u00e9nyes m\u0171faj, orsz\u00e1gszerte n\u00e9pszer\u0171 a koroszt\u00e1llyal foglalkoz\u00f3 szakvezet\u0151k k\u00f6r\u00e9ben. Id\u00e9n 16 b\u00e1bcsoport mutatkozik be.<\/p>\n<p>Program:<\/p>\n<p>J\u00fanius 3. p\u00e9ntek<\/p>\n<p><strong>14.00 \u00dcnnep\u00e9lyes MEGNYIT\u00d3<\/strong><strong><br \/>\n<strong>V\u00e1ndor L\u00f3ci \u00e9s vend\u00e9gei &#8211; L\u00e1z\u00e1r Attila b\u00e1bm\u0171v\u00e9sz m\u0171sora<\/strong><br \/>\n<\/strong><br \/>\n<strong>14.45 &#8211; 19.00 BEMUTAT\u00d3K<\/strong><strong><br \/>\n<\/strong><br \/>\n&#8211; Az \u00e1llatok iskol\u00e1ja (m\u0171mese) &#8211; Kiskatic\u00e1k B\u00e1bcsoport (Budapest)<br \/>\n&#8211; Kir\u00e1lys\u00e1g! (ny\u00edlt b\u00e1bj\u00e1t\u00e9k) &#8211; M\u00e1kvir\u00e1gok B\u00e1bcsoport (S\u00e1rszentmih\u00e1ly)<br \/>\n&#8211; A b\u00e9kakir\u00e1ly (bunraku f\u00e9le b\u00e1bok) &#8211; Mesek\u00f6dm\u00f6n B\u00e1bcsoport (Budapest)<br \/>\n&#8211; Kolontos Palk\u00f3 (h\u00e1ts\u00f3 mozgat\u00e1s\u00fa b\u00e1bokkal) &#8211; Bogl\u00e1ri J\u00e1t\u00e9ksz\u00edn (Balatonbogl\u00e1r)<br \/>\n&#8211; A r\u00e1t\u00f3ti csik\u00f3toj\u00e1s (marionett \u00e9s \u00e1rnyj\u00e1t\u00e9k) &#8211; Pom Pom B\u00e1bcsoport (Tata)<br \/>\n&#8211; Az engedetlen napraforg\u00f3 (mese) &#8211; Lellei Sz\u00ednj\u00e1tsz\u00f3k (Balatonlelle)<\/p>\n<p>18.00 Vacsora<\/p>\n<p>22.30 Disco<br \/>\nSzakmai besz\u00e9lget\u00e9s<br \/>\nIsmerked\u00e9si est<\/p>\n<p>J\u00fanius 4. szombat<\/p>\n<p><strong>9.00 &#8211; 13.00 BEMUTAT\u00d3K<\/strong><strong><br \/>\n<\/strong><br \/>\n&#8211; Az engedetlen kir\u00e1lykisasszony (vegyes technika, fekete sz\u00ednh\u00e1z) &#8211; M\u00f3k\u00e1s Bocsok (Szeged)<br \/>\n&#8211; Az aranysz\u0151r\u0171 b\u00e1r\u00e1ny (magyar n\u00e9pmese) &#8211; Napocska B\u00e1bcsoport (Gyulah\u00e1za)<br \/>\n&#8211; H\u00e1rman egy szokny\u00e1ban, avagy: a k\u00fcl\u00f6nleges kir\u00e1lyi rendelet (asztali b\u00e1bj\u00e1t\u00e9k) &#8211; Fecske B\u00e1bcsoport (Si\u00f3ag\u00e1rd)<br \/>\n&#8211; Az \u00e9gig \u00e9r\u0151 paszuly (vegyes technika) &#8211; Aranyos Kakasok B\u00e1bcsoport (Kecskem\u00e9t)<br \/>\n&#8211; A p\u00f6tty\u00f6s z\u00f6ld lovacska b\u00e1tyja (botos b\u00e1b) &#8211; Pinocchi\u00f3 B\u00e1bcsoport (Nyerges\u00fajfalu)<br \/>\n&#8211; A profi (\u00e1rnyj\u00e1t\u00e9k) &#8211; Manu Art B\u00e1bcsoport (Pom\u00e1z)<br \/>\n&#8211; A csizm\u00e1s kand\u00far (vegyes technika) &#8211; V\u00e1ndorbot B\u00e1bosk\u00f6r (Kecskem\u00e9t)<\/p>\n<p>12.00-t\u00f3l Eb\u00e9d<\/p>\n<p><strong>14.00 &#8211; 15.30 BEMUTAT\u00d3K<\/strong><strong><br \/>\n<\/strong>&#8211; N\u00e9gy cig\u00e1nyleg\u00e9ny mesters\u00e9g\u00e9nek haszna (vegyes technika) &#8211; T\u00fccs\u00f6k B\u00e1bcsoport (Celld\u00f6m\u00f6lk)<br \/>\n&#8211; A pletyk\u00e1s asszony (n\u00e9pmese) &#8211; Sz\u00e1jr\u00f3l B\u00e1bra B\u00e1br\u00f3l Sz\u00e1jra B\u00e1bcsoport (Mikep\u00e9rcs)<br \/>\n&#8211; Oroszl\u00e1n \u00e9s a kiseg\u00e9r &#8211; m\u00e1skk\u00e9p (fekete sz\u00ednh\u00e1z) &#8211; Di\u00f3cska B\u00e1bcsoport (Di\u00f3szeg\/Szlov\u00e1kia)<\/p>\n<p><strong>16.30 Eredm\u00e9nyhirdet\u00e9s<\/strong><\/p>\n<p>A zs\u0171ri tagjai:<br \/>\nDemeter Zsuzsa b\u00e1brendez\u0151<br \/>\nLengyel P\u00e1l, a Harlekin B\u00e1bsz\u00ednh\u00e1z igazgat\u00f3ja<\/p>\n<p>T\u00e1mogat\u00f3k: NKA, Magyar M\u0171vel\u0151d\u00e9si Int\u00e9zet, B\u00e1bj\u00e1t\u00e9kos Egyes\u00fclet<\/p>\n<p>Tov\u00e1bbi inform\u00e1ci\u00f3: Berecz Kl\u00e1ra, <a href=\"mailto:bereczklara@ekmk.eu\">bereczklara@ekmk.eu<\/a>, 20\/779-0376<\/p>\n","protected":false},"excerpt":{"rendered":"<p>A szakma a legrangosabb amat\u0151r gyermekb\u00e1bos rendezv\u00e9nyk\u00e9nt tartja sz\u00e1mon az egri fesztiv\u00e1lt. Az \u00e9vtizedes m\u00faltra visszatekint\u0151 rendezv\u00e9ny ebben a m\u0171fajban az egyetlen olyan orsz\u00e1gos tal\u00e1lkoz\u00f3, ahol alkalom ny\u00edlik a szakma ilyen szint\u0171 tal\u00e1lkoz\u00f3j\u00e1ra, szakmai tapasztalatcser\u00e9re. Az egri fesztiv\u00e1l tulajdonk\u00e9ppen egy nagy g\u00e1la, ahol b\u00e1r versenyeznek a fell\u00e9p\u0151 csoportok, de m\u00e9gsem ez a l\u00e9nyeg, hanem a [&#8230;]<\/p>\n","protected":false},"author":4,"featured_media":0,"comment_status":"open","ping_status":"closed","sticky":false,"template":"","format":"standard","meta":{"footnotes":""},"categories":[8,4],"tags":[],"class_list":["post-4372","post","type-post","status-publish","format-standard","hentry","category-kultura","category-szabadido"],"_links":{"self":[{"href":"https:\/\/www.agriatv.hu\/index.php?rest_route=\/wp\/v2\/posts\/4372","targetHints":{"allow":["GET"]}}],"collection":[{"href":"https:\/\/www.agriatv.hu\/index.php?rest_route=\/wp\/v2\/posts"}],"about":[{"href":"https:\/\/www.agriatv.hu\/index.php?rest_route=\/wp\/v2\/types\/post"}],"author":[{"embeddable":true,"href":"https:\/\/www.agriatv.hu\/index.php?rest_route=\/wp\/v2\/users\/4"}],"replies":[{"embeddable":true,"href":"https:\/\/www.agriatv.hu\/index.php?rest_route=%2Fwp%2Fv2%2Fcomments&post=4372"}],"version-history":[{"count":2,"href":"https:\/\/www.agriatv.hu\/index.php?rest_route=\/wp\/v2\/posts\/4372\/revisions"}],"predecessor-version":[{"id":4375,"href":"https:\/\/www.agriatv.hu\/index.php?rest_route=\/wp\/v2\/posts\/4372\/revisions\/4375"}],"wp:attachment":[{"href":"https:\/\/www.agriatv.hu\/index.php?rest_route=%2Fwp%2Fv2%2Fmedia&parent=4372"}],"wp:term":[{"taxonomy":"category","embeddable":true,"href":"https:\/\/www.agriatv.hu\/index.php?rest_route=%2Fwp%2Fv2%2Fcategories&post=4372"},{"taxonomy":"post_tag","embeddable":true,"href":"https:\/\/www.agriatv.hu\/index.php?rest_route=%2Fwp%2Fv2%2Ftags&post=4372"}],"curies":[{"name":"wp","href":"https:\/\/api.w.org\/{rel}","templated":true}]}}