{"id":4382,"date":"2011-06-06T12:01:45","date_gmt":"2011-06-06T12:01:45","guid":{"rendered":"http:\/\/www.agriatv.hu\/?p=4382"},"modified":"2011-06-06T12:01:45","modified_gmt":"2011-06-06T12:01:45","slug":"balaton-kor-kenyo-anita-elso-takacs-tamas-masodik","status":"publish","type":"post","link":"https:\/\/www.agriatv.hu\/?p=4382","title":{"rendered":"Balaton K\u00f6r: Keny\u00f3 Anita els\u0151, Tak\u00e1cs Tam\u00e1s m\u00e1sodik"},"content":{"rendered":"<p><img loading=\"lazy\" decoding=\"async\" class=\"kiskepcikkhez alignleft\" src=\"http:\/\/www.egriszin.hu\/RenderedContents\/IndexImages\/7\/7815-20110606105539-Anita.jpg\" alt=\"\" width=\"100\" height=\"150\" \/>Izgalommal v\u00e1rta a mez\u0151ny a hazai leghosszabb orsz\u00e1g\u00fati ker\u00e9kp\u00e1ros versenyt, a Balaton K\u00f6rt a h\u00e9tv\u00e9g\u00e9n.  A magyar tengert megker\u00fcl\u0151 viadal, a Tour de Tissot mez\u0151ny\u00e9ben ott voltak az elm\u00falt h\u00f3napokban sikert sikerre halmoz\u00f3 B\u00e1torfi  &#8211; Agria KTK kerekesei is.<br \/>\nKeny\u00f3 Anita zseb\u00e9ben a gy\u00f6mr\u0151i els\u0151s\u00e9ggel, Fejes G\u00e1bor pedig azzal a tudattal \u00e9rkezett Si\u00f3fokra, hogy mindenki \u0151t szeretn\u00e9 legy\u0151zni.  A viszonylag kis l\u00e9tsz\u00e1m\u00fa egri csapat olyan ellenfelekkel tal\u00e1lta szembe mag\u00e1t, mint a k\u00f6zel harminc versenyz\u0151t felvonultat\u00f3 Aegon, vagy a szint\u00e9n n\u00e9pes l\u00e9tsz\u00e1m\u00fa Balaton Team. A Si\u00f3fokr\u00f3l rajtol\u00f3 mez\u0151ny f\u00e1tyol felh\u0151s id\u0151ben kezdte a teker\u00e9st. Azonban m\u00e9g a d\u00e9li parton \u201emeg\u00e9rkezett\u201d a k\u00e1nikula,  s v\u00e9gig k\u00eds\u00e9rte a karav\u00e1nt. Az Aegonosok figyelm\u00e9t l\u00e1that\u00f3an lek\u00f6t\u00f6tte Fejes G\u00e1bor, taktik\u00e1juk els\u0151sorban az egri \u00fcdv\u00f6ske szemmel tart\u00e1s\u00e1ra ir\u00e1nyult. Olyannyira, hogy a sz\u00f6kev\u00e9nyekkel sem sokat t\u00f6r\u0151dtek, s t\u00f6bb k\u00eds\u00e9rlet ut\u00e1n \u201efutni\u201dhagytak egy n\u00e9gyes bolyt, amelyben a B\u00e1torfi csapat meglepet\u00e9s embere, Tak\u00e1cs Tam\u00e1s is tekert. Innent\u0151l fordult a kocka, mivel az Aegonnak egyetlen embere sem volt el\u0151l. Fejes pihenhetett, a biztos\u00edt\u00f3s csapat pedig vezethette az \u00fcld\u00f6z\u0151ket. A k\u00fcl\u00f6nbs\u00e9g azonban a hajr\u00e1ra sem cs\u00f6kkent 40 m\u00e1sodperc al\u00e1, \u00edgy a n\u00e9gyek d\u00f6nt\u00f6ttek a sorrendr\u0151l. Tak\u00e1cs Tam\u00e1s korai hajr\u00e1ja ut\u00e1n az utols\u00f3 m\u00e9terekre beg\u00f6rcs\u00f6lt, de \u00edgy is az el\u0151kel\u0151 m\u00e1sodik helyen v\u00e9gzett.  Nem \u00edgy Keny\u00f3 Anita, aki v\u00e9gig nagyon taktikusan versenyzett, a f\u00e9rfi mez\u0151ny nagy r\u00e9sz\u00e9t is fak\u00e9pn\u00e9l hagyva (abszol\u00fatban az els\u0151 20-ban \u00e9rkezett) a legjobb n\u0151k\u00e9nt \u00fcnnepelhetett. Siker\u00e9t nem kis r\u00e9szben k\u00f6sz\u00f6nve csapatt\u00e1rs\u00e1nak, Lengyel G\u00e1bornak. Fejes G\u00e1bor hatodikk\u00e9nt v\u00e9gzett.<\/p>\n","protected":false},"excerpt":{"rendered":"<p>Izgalommal v\u00e1rta a mez\u0151ny a hazai leghosszabb orsz\u00e1g\u00fati ker\u00e9kp\u00e1ros versenyt, a Balaton K\u00f6rt a h\u00e9tv\u00e9g\u00e9n.  A magyar tengert megker\u00fcl\u0151 viadal, a Tour de Tissot mez\u0151ny\u00e9ben ott voltak az elm\u00falt h\u00f3napokban sikert sikerre halmoz\u00f3 B\u00e1torfi  &#8211; Agria KTK kerekesei is.<br \/>\nKeny\u00f3 Anita zseb\u00e9ben a gy\u00f6mr\u0151i els\u0151s\u00e9ggel, Fejes G\u00e1bor pedig azzal a tudattal \u00e9rkezett Si\u00f3fokra, hogy [&#8230;]<\/p>\n","protected":false},"author":4,"featured_media":0,"comment_status":"open","ping_status":"closed","sticky":false,"template":"","format":"standard","meta":{"footnotes":""},"categories":[11],"tags":[],"class_list":["post-4382","post","type-post","status-publish","format-standard","hentry","category-sport"],"_links":{"self":[{"href":"https:\/\/www.agriatv.hu\/index.php?rest_route=\/wp\/v2\/posts\/4382","targetHints":{"allow":["GET"]}}],"collection":[{"href":"https:\/\/www.agriatv.hu\/index.php?rest_route=\/wp\/v2\/posts"}],"about":[{"href":"https:\/\/www.agriatv.hu\/index.php?rest_route=\/wp\/v2\/types\/post"}],"author":[{"embeddable":true,"href":"https:\/\/www.agriatv.hu\/index.php?rest_route=\/wp\/v2\/users\/4"}],"replies":[{"embeddable":true,"href":"https:\/\/www.agriatv.hu\/index.php?rest_route=%2Fwp%2Fv2%2Fcomments&post=4382"}],"version-history":[{"count":2,"href":"https:\/\/www.agriatv.hu\/index.php?rest_route=\/wp\/v2\/posts\/4382\/revisions"}],"predecessor-version":[{"id":4458,"href":"https:\/\/www.agriatv.hu\/index.php?rest_route=\/wp\/v2\/posts\/4382\/revisions\/4458"}],"wp:attachment":[{"href":"https:\/\/www.agriatv.hu\/index.php?rest_route=%2Fwp%2Fv2%2Fmedia&parent=4382"}],"wp:term":[{"taxonomy":"category","embeddable":true,"href":"https:\/\/www.agriatv.hu\/index.php?rest_route=%2Fwp%2Fv2%2Fcategories&post=4382"},{"taxonomy":"post_tag","embeddable":true,"href":"https:\/\/www.agriatv.hu\/index.php?rest_route=%2Fwp%2Fv2%2Ftags&post=4382"}],"curies":[{"name":"wp","href":"https:\/\/api.w.org\/{rel}","templated":true}]}}