{"id":4391,"date":"2011-06-01T16:16:57","date_gmt":"2011-06-01T16:16:57","guid":{"rendered":"http:\/\/www.agriatv.hu\/?p=4391"},"modified":"2011-06-01T16:16:57","modified_gmt":"2011-06-01T16:16:57","slug":"mobil-akcio","status":"publish","type":"post","link":"https:\/\/www.agriatv.hu\/?p=4391","title":{"rendered":"Mobil akci\u00f3"},"content":{"rendered":"<p><a href=\"https:\/\/www.agriatv.hu\/wp-content\/uploads\/2011\/06\/0301police_V.jpg\"><img loading=\"lazy\" decoding=\"async\" class=\"alignleft size-medium wp-image-4392\" title=\"0301police_V\" src=\"https:\/\/www.agriatv.hu\/wp-content\/uploads\/2011\/06\/0301police_V-300x240.jpg\" alt=\"\" width=\"124\" height=\"99\" srcset=\"https:\/\/www.agriatv.hu\/wp-content\/uploads\/2011\/06\/0301police_V-300x240.jpg 300w, https:\/\/www.agriatv.hu\/wp-content\/uploads\/2011\/06\/0301police_V.jpg 720w\" sizes=\"auto, (max-width: 124px) 100vw, 124px\" \/><\/a>A megye rend\u0151rei a vezet\u00e9s k\u00f6zbeni mobil haszn\u00e1latot ellen\u0151rizt\u00e9k az utakon. Mint a statisztik\u00e1k mutatj\u00e1k, a balesetek els\u0151dleges oka a g\u00e9pj\u00e1rm\u0171vezet\u0151k figyelmetlens\u00e9ge. A vezet\u00e9s k\u00f6zben k\u00e9zben tartott telefon eltereli a vezet\u0151 figyelm\u00e9t. <div class=\"wordtube\">\n<div class=\"wordtube single302\" id=\"WT1_1\" style=\"width:320px; height:240px;\">\n<a href=\"http:\/\/www.macromedia.com\/go\/getflashplayer\">Get the Flash Player<\/a> to see the wordTube Media Player.\n<\/div><\/div>\n\t<script type=\"text\/javascript\" defer=\"defer\">\nvar WT1_1 = {\n\tparams : {\n\t\twmode : \"opaque\",\n\t\tallowscriptaccess : \"always\",\n\t\tallownetworking : \"all\",\n\t\tallowfullscreen : \"true\"},\n\tflashvars : {\n\t\tfile : \"http%3A%2F%2Fwww.agriatv.hu%2Fwp-content%2Fuploads%2F2011%2F06%2F0601police.flv\",\n\t\tvolume : \"80\",\n\t\tbufferlength : \"5\",\n\t\tquality : \"false\",\n\t\t'logo.hide' : \"false\",\n\t\timage : \"http%3A%2F%2Fwww.agriatv.hu%2Fwp-content%2Fuploads%2F2011%2F06%2F0601police.jpg\",\n\t\ttitle : \"0601police.flv\",\n\t\tlinktarget : \"_self\"},\n\tattr : {\n\t\tid : \"WT1\",\n\t\tname : \"WT1\"},\n\tstart : function() {\n\t\tswfobject.embedSWF(\"https:\/\/www.agriatv.hu\/\/player.swf\", \"WT1_1\", \"320\", \"240\", \"9.0.0\", false, this.flashvars, this.params , this.attr );\n\t}\n}\nWT1_1.start();\n\t<\/script>\n<\/p>\n","protected":false},"excerpt":{"rendered":"<p>A megye rend\u0151rei a vezet\u00e9s k\u00f6zbeni mobil haszn\u00e1latot ellen\u0151rizt\u00e9k az utakon. Mint a statisztik\u00e1k mutatj\u00e1k, a balesetek els\u0151dleges oka a g\u00e9pj\u00e1rm\u0171vezet\u0151k figyelmetlens\u00e9ge. A vezet\u00e9s k\u00f6zben k\u00e9zben tartott telefon eltereli a vezet\u0151 figyelm\u00e9t. <\/p>\n","protected":false},"author":4,"featured_media":0,"comment_status":"open","ping_status":"closed","sticky":false,"template":"","format":"standard","meta":{"footnotes":""},"categories":[5],"tags":[],"class_list":["post-4391","post","type-post","status-publish","format-standard","hentry","category-kek-hirek"],"_links":{"self":[{"href":"https:\/\/www.agriatv.hu\/index.php?rest_route=\/wp\/v2\/posts\/4391","targetHints":{"allow":["GET"]}}],"collection":[{"href":"https:\/\/www.agriatv.hu\/index.php?rest_route=\/wp\/v2\/posts"}],"about":[{"href":"https:\/\/www.agriatv.hu\/index.php?rest_route=\/wp\/v2\/types\/post"}],"author":[{"embeddable":true,"href":"https:\/\/www.agriatv.hu\/index.php?rest_route=\/wp\/v2\/users\/4"}],"replies":[{"embeddable":true,"href":"https:\/\/www.agriatv.hu\/index.php?rest_route=%2Fwp%2Fv2%2Fcomments&post=4391"}],"version-history":[{"count":2,"href":"https:\/\/www.agriatv.hu\/index.php?rest_route=\/wp\/v2\/posts\/4391\/revisions"}],"predecessor-version":[{"id":4394,"href":"https:\/\/www.agriatv.hu\/index.php?rest_route=\/wp\/v2\/posts\/4391\/revisions\/4394"}],"wp:attachment":[{"href":"https:\/\/www.agriatv.hu\/index.php?rest_route=%2Fwp%2Fv2%2Fmedia&parent=4391"}],"wp:term":[{"taxonomy":"category","embeddable":true,"href":"https:\/\/www.agriatv.hu\/index.php?rest_route=%2Fwp%2Fv2%2Fcategories&post=4391"},{"taxonomy":"post_tag","embeddable":true,"href":"https:\/\/www.agriatv.hu\/index.php?rest_route=%2Fwp%2Fv2%2Ftags&post=4391"}],"curies":[{"name":"wp","href":"https:\/\/api.w.org\/{rel}","templated":true}]}}