{"id":4407,"date":"2011-06-02T11:21:12","date_gmt":"2011-06-02T11:21:12","guid":{"rendered":"http:\/\/www.agriatv.hu\/?p=4407"},"modified":"2011-06-02T15:18:48","modified_gmt":"2011-06-02T15:18:48","slug":"mszp-fulkehetkoznapok-egerben","status":"publish","type":"post","link":"https:\/\/www.agriatv.hu\/?p=4407","title":{"rendered":"MSZP: f\u00fclkeh\u00e9tk\u00f6znapok Egerben"},"content":{"rendered":"<p><a href=\"https:\/\/www.agriatv.hu\/wp-content\/uploads\/2011\/06\/0602mszp_v.jpg\"><img loading=\"lazy\" decoding=\"async\" class=\"alignleft size-medium wp-image-4409\" title=\"0602mszp_v\" src=\"https:\/\/www.agriatv.hu\/wp-content\/uploads\/2011\/06\/0602mszp_v-300x240.jpg\" alt=\"\" width=\"134\" height=\"107\" srcset=\"https:\/\/www.agriatv.hu\/wp-content\/uploads\/2011\/06\/0602mszp_v-300x240.jpg 300w, https:\/\/www.agriatv.hu\/wp-content\/uploads\/2011\/06\/0602mszp_v.jpg 720w\" sizes=\"auto, (max-width: 134px) 100vw, 134px\" \/><\/a>Sajt\u00f3t\u00e1j\u00e9koztat\u00f3t tartott az MSZP Eger v\u00e1rosi szervezete. P\u00e1l Gy\u00f6rgy \u00f6nkorm\u00e1nyzati k\u00e9pvisel\u0151 az elm\u00falt heti k\u00f6zgy\u0171l\u00e9s kapcs\u00e1n elmondta:\u00a0 a b\u00f3logat\u00f3 J\u00e1nosok szolgalelk\u0171 frakci\u00f3ja megszavaz mindent, ami fentr\u0151l, k\u00f6zponti utas\u00edt\u00e1sk\u00e9nt j\u00f6n.<\/p>\n<p><strong>P\u00e1l Gy\u00f6rgy, Mszp \u00f6nkorm\u00e1nyzati k\u00e9pvisel\u0151<\/strong><\/p>\n<p>&#8222;Nagy v\u00e1rakoz\u00e1ssal tekintett mindenki a j\u00f6v\u0151be, hogy mi lesz a 2\/3-os \u201ef\u00fclkeforradalom \u201e\u00a0 gy\u0151zelme ut\u00e1n? Ma m\u00e1r l\u00e1tjuk, bek\u00f6sz\u00f6nt\u00f6tt a \u201ef\u00fclkeh\u00e9tk\u00f6znapok\u201d vil\u00e1ga. Sajnos helyben, Egerben is ugyanaz a helyzet, mint orsz\u00e1gosan.<\/p>\n<p>T\u00f6bb olyan d\u00f6nt\u00e9s is volt a m\u00falt heti k\u00f6zgy\u0171l\u00e9sen, ami k\u00fcl\u00f6n-k\u00fcl\u00f6n is meg\u00e9rdemelne egy sajt\u00f3t\u00e1j\u00e9koztat\u00f3t. Hiszen az \u00f3vodai \u00f6sszevon\u00e1s, igazgat\u00f3i kinevez\u00e9sek, alapokm\u00e1ny m\u00f3dos\u00edt\u00e1s, mind fontos, de k\u00fcl\u00f6nb\u00f6z\u0151 k\u00e9rd\u00e9s. Van benn\u00fck azonban valami k\u00f6z\u00f6s, a d\u00f6nt\u00e9s meghozatal m\u00f3dszere \u00e9s st\u00edlusa. K\u00f6z\u00f6s benn\u00fck, hogy a m\u00e1s v\u00e9lem\u00e9nyeket letagadva, les\u00f6p\u00f6rve a B\u00f3logat\u00f3 J\u00e1nosok szolgalelk\u0171 frakci\u00f3ja egyhang\u00fa d\u00f6nt\u00e9seket hoz. M\u00e1st mondanak a folyos\u00f3kon \u00e9s m\u00e1st mondanak a szavazataikkal.<\/p>\n<p>J\u00f3 iskolap\u00e9lda erre Szeleczky J\u00e1nos tot\u00e1lisan politikai kinevez\u00e9se, azzal az igazgat\u00f3n\u0151vel szemben, akit a szakiroda a legjobbra \u00e9rt\u00e9kelt a v\u00e1rosban, a sz\u00fcl\u0151k \u00e9s munkat\u00e1rsak els\u00f6pr\u0151 t\u00f6bbs\u00e9ge pedig \u0151t v\u00e1lasztotta. Szeleczky az 50-60-as \u00e9vek vil\u00e1g\u00e1nak k\u00eds\u00e9rtete, amikor is emberi kvalit\u00e1sok n\u00e9lk\u00fcl, puszt\u00e1n p\u00e1rth\u0171s\u00e9ggel lehetett el\u0151rejutni a rangl\u00e9tr\u00e1n. Egyetlen \u00e9rv nem hangzott el mellette, nem hogy szakmai, hanem semmilyen. A v\u00e9dhetetlent nem v\u00e9dte senki.<div class=\"wordtube\">\n<div class=\"wordtube single303\" id=\"WT1_1\" style=\"width:320px; height:240px;\">\n<a href=\"http:\/\/www.macromedia.com\/go\/getflashplayer\">Get the Flash Player<\/a> to see the wordTube Media Player.\n<\/div><\/div>\n\t<script type=\"text\/javascript\" defer=\"defer\">\nvar WT1_1 = {\n\tparams : {\n\t\twmode : \"opaque\",\n\t\tallowscriptaccess : \"always\",\n\t\tallownetworking : \"all\",\n\t\tallowfullscreen : \"true\"},\n\tflashvars : {\n\t\tfile : \"http%3A%2F%2Fwww.agriatv.hu%2Fwp-content%2Fuploads%2F2011%2F06%2F0602mszp.flv\",\n\t\tvolume : \"80\",\n\t\tbufferlength : \"5\",\n\t\tquality : \"false\",\n\t\t'logo.hide' : \"false\",\n\t\timage : \"http%3A%2F%2Fwww.agriatv.hu%2Fwp-content%2Fuploads%2F2011%2F06%2F0602mszp.jpg\",\n\t\ttitle : \"0602mszp.flv\",\n\t\tlinktarget : \"_self\"},\n\tattr : {\n\t\tid : \"WT1\",\n\t\tname : \"WT1\"},\n\tstart : function() {\n\t\tswfobject.embedSWF(\"https:\/\/www.agriatv.hu\/\/player.swf\", \"WT1_1\", \"320\", \"240\", \"9.0.0\", false, this.flashvars, this.params , this.attr );\n\t}\n}\nWT1_1.start();\n\t<\/script>\n<\/p>\n<p>De a sz\u00fcl\u0151k ny\u00edlt level\u00e9t, az \u00f3vodai al\u00e1\u00edr\u00e1sok, a T\u00e1nctagozat melletti al\u00e1\u00edr\u00e1sok figyelmen k\u00edv\u00fcl hagy\u00e1sa ut\u00e1n, az ellenz\u00e9k eln\u00e9m\u00edt\u00e1sa j\u00f6n. Erre szolg\u00e1l az alapokm\u00e1ny m\u00f3dos\u00edt\u00e1s, amely megsz\u00fcntetn\u00e9 a ny\u00edlt, id\u0151korl\u00e1t n\u00e9lk\u00fcli vit\u00e1t, teljesen lecs\u00f6kkentve ezzel az ellenv\u00e9lem\u00e9nyek megjelen\u00e9s\u00e9nek lehet\u0151s\u00e9g\u00e9t.<\/p>\n<p><strong>Nagy Istv\u00e1n, Mszp \u00f6nkorm\u00e1nyzati k\u00e9pvisel\u0151<\/strong><\/p>\n<p>Az elm\u00fal k\u00f6zgy\u0171l\u00e9sen ugyan\u00fagy, mint eddig, mi , szocialist\u00e1k felel\u0151s ellenz\u00e9kk\u00e9nt viselkedt\u00fcnk, nem \u00fagy, ahogy ezt tette a Fidesz ellenz\u00e9kben. K\u00f6nny\u0171 lett volna demag\u00f3g m\u00f3don, populista \u00e9rvekkel t\u00e1madni a 12-es iskola megsz\u00fcntet\u00e9s\u00e9t. De vil\u00e1gos a c\u00e9lunk, a racionalit\u00e1s talaj\u00e1n \u00e1ll\u00f3 el\u0151terjeszt\u00e9seket re\u00e1lisan \u00edt\u00e9lj\u00fck meg, \u00e9s nem \u00e1ldozzuk fel hitel\u00fcnket r\u00f6vid t\u00e1v\u00fa politikai c\u00e9lok rem\u00e9ny\u00e9ben. Azonban er\u0151teljesen ki\u00e1llunk v\u00e9lem\u00e9ny\u00fcnk mellett, ha hib\u00e1s d\u00f6nt\u00e9st k\u00edv\u00e1nnak hozni. De nem a sz\u00fcl\u0151k felhergel\u00e9s\u00e9vel, t\u00fcntet\u00e9sszervez\u00e9ssel akarunk nyom\u00e1st gyakorolni a d\u00f6nt\u00e9shoz\u00f3kra, hanem t\u00e9nyekkel, \u00e9rvekkel. M\u00e1r amennyiben az \u00faj alapokm\u00e1ny szerint erre megmarad a lehet\u0151s\u00e9g\u00fcnk.&#8221;<\/p>\n","protected":false},"excerpt":{"rendered":"<p>Sajt\u00f3t\u00e1j\u00e9koztat\u00f3t tartott az MSZP Eger v\u00e1rosi szervezete. P\u00e1l Gy\u00f6rgy \u00f6nkorm\u00e1nyzati k\u00e9pvisel\u0151 az elm\u00falt heti k\u00f6zgy\u0171l\u00e9s kapcs\u00e1n elmondta:\u00a0 a b\u00f3logat\u00f3 J\u00e1nosok szolgalelk\u0171 frakci\u00f3ja megszavaz mindent, ami fentr\u0151l, k\u00f6zponti utas\u00edt\u00e1sk\u00e9nt j\u00f6n.<br \/>\nP\u00e1l Gy\u00f6rgy, Mszp \u00f6nkorm\u00e1nyzati k\u00e9pvisel\u0151<br \/>\n&#8222;Nagy v\u00e1rakoz\u00e1ssal tekintett mindenki a j\u00f6v\u0151be, hogy mi lesz a 2\/3-os \u201ef\u00fclkeforradalom \u201e\u00a0 gy\u0151zelme ut\u00e1n? Ma m\u00e1r l\u00e1tjuk, bek\u00f6sz\u00f6nt\u00f6tt a \u201ef\u00fclkeh\u00e9tk\u00f6znapok\u201d vil\u00e1ga. Sajnos [&#8230;]<\/p>\n","protected":false},"author":4,"featured_media":0,"comment_status":"open","ping_status":"closed","sticky":false,"template":"","format":"standard","meta":{"footnotes":""},"categories":[3],"tags":[],"class_list":["post-4407","post","type-post","status-publish","format-standard","hentry","category-politika"],"_links":{"self":[{"href":"https:\/\/www.agriatv.hu\/index.php?rest_route=\/wp\/v2\/posts\/4407","targetHints":{"allow":["GET"]}}],"collection":[{"href":"https:\/\/www.agriatv.hu\/index.php?rest_route=\/wp\/v2\/posts"}],"about":[{"href":"https:\/\/www.agriatv.hu\/index.php?rest_route=\/wp\/v2\/types\/post"}],"author":[{"embeddable":true,"href":"https:\/\/www.agriatv.hu\/index.php?rest_route=\/wp\/v2\/users\/4"}],"replies":[{"embeddable":true,"href":"https:\/\/www.agriatv.hu\/index.php?rest_route=%2Fwp%2Fv2%2Fcomments&post=4407"}],"version-history":[{"count":8,"href":"https:\/\/www.agriatv.hu\/index.php?rest_route=\/wp\/v2\/posts\/4407\/revisions"}],"predecessor-version":[{"id":4415,"href":"https:\/\/www.agriatv.hu\/index.php?rest_route=\/wp\/v2\/posts\/4407\/revisions\/4415"}],"wp:attachment":[{"href":"https:\/\/www.agriatv.hu\/index.php?rest_route=%2Fwp%2Fv2%2Fmedia&parent=4407"}],"wp:term":[{"taxonomy":"category","embeddable":true,"href":"https:\/\/www.agriatv.hu\/index.php?rest_route=%2Fwp%2Fv2%2Fcategories&post=4407"},{"taxonomy":"post_tag","embeddable":true,"href":"https:\/\/www.agriatv.hu\/index.php?rest_route=%2Fwp%2Fv2%2Ftags&post=4407"}],"curies":[{"name":"wp","href":"https:\/\/api.w.org\/{rel}","templated":true}]}}