{"id":4417,"date":"2011-06-02T15:25:51","date_gmt":"2011-06-02T15:25:51","guid":{"rendered":"http:\/\/www.agriatv.hu\/?p=4417"},"modified":"2011-06-02T15:31:00","modified_gmt":"2011-06-02T15:31:00","slug":"reagal-a-onkormanyzat","status":"publish","type":"post","link":"https:\/\/www.agriatv.hu\/?p=4417","title":{"rendered":"Reag\u00e1l a \u00d6nkorm\u00e1nyzat"},"content":{"rendered":"<p><span class=\"rg_ctlv\"><a id=\"rg_hl\" class=\"rg_hl\" href=\"http:\/\/www.google.hu\/imgres?imgurl=http:\/\/upload.wikimedia.org\/wikipedia\/hu\/8\/8d\/Eger_Varoshaza.jpg&amp;imgrefurl=http:\/\/hu.wikipedia.org\/wiki\/F%25C3%25A1jl:Eger_Varoshaza.jpg&amp;usg=__dwIcPA5RrPJ9G4LcpIi_wAQlua4=&amp;h=2448&amp;w=3264&amp;sz=3280&amp;hl=hu&amp;start=0&amp;sig2=l5yx1A2mO9I-Y9cbKS-5AQ&amp;zoom=0&amp;tbnid=lrojrVpwyKEmxM:&amp;tbnh=113&amp;tbnw=150&amp;ei=narnTZ7wAs6q-gaw-K2yAQ&amp;prev=\/search%3Fq%3Deger%2Bv%25C3%25A1rosh%25C3%25A1za%26um%3D1%26hl%3Dhu%26sa%3DN%26biw%3D1157%26bih%3D598%26tbm%3Disch&amp;um=1&amp;itbs=1&amp;iact=hc&amp;vpx=190&amp;vpy=141&amp;dur=2171&amp;hovh=113&amp;hovw=150&amp;tx=124&amp;ty=59&amp;page=1&amp;ndsp=15&amp;ved=1t:429,r:0,s:0\"><img loading=\"lazy\" decoding=\"async\" id=\"rg_hi\" class=\"rg_hi alignleft\" style=\"width: 150px; height: 113px;\" src=\"http:\/\/t3.gstatic.com\/images?q=tbn:ANd9GcQO-nVuTev6n4UeEkDiQNMRg0SMdxEy1ljzY-d73rKzTTCjTzt3\" alt=\"\" width=\"150\" height=\"113\" \/><\/a><\/span><\/p>\n<p><strong>&#8222;NE F\u00c9LTS\u00c9K A SZOCIALIST\u00c1K A DEMOKR\u00c1CI\u00c1T!<br \/>\nREAG\u00c1L\u00c1S AZ MSZP MAI SAJT\u00d3T\u00c1J\u00c9KOZTAT\u00d3J\u00c1RA<\/strong><\/p>\n<p>Egyik oldalr\u00f3l megmosolyogtat\u00f3, m\u00e1sr\u00e9szt azonban arc\u00e1tlan kijelent\u00e9sek sorozata hangzott el a szocialist\u00e1k mai, egri sajt\u00f3t\u00e1j\u00e9koztat\u00f3j\u00e1n. B\u00e1rmely nyitott szemmel j\u00e1r\u00f3 egri polg\u00e1r sorolni tudn\u00e1 a kor\u00e1bbi \u00e9vekben kifejezetten p\u00e1rt\u00e9rdekb\u0151l vezet\u0151i sz\u00e9kbe \u00fcltetett emberek neveit. Ism\u00e9telten hangs\u00falyozzuk: a sajt\u00f3t\u00e1j\u00e9koztat\u00f3n kifog\u00e1solt int\u00e9zm\u00e9nyvezet\u0151i kinevez\u00e9sekn\u00e9l szab\u00e1lyos p\u00e1ly\u00e1ztat\u00e1s t\u00f6rt\u00e9nt \u00e9s szakmai szempontok \u00e9rv\u00e9nyes\u00fcltek. Ahol t\u00f6bb alkalmas jel\u00f6lt is volt a posztra, ott az iskola m\u0171k\u00f6dtet\u00e9s\u00e9ben a vezet\u0151v\u00e1lt\u00e1st\u00f3l \u00faj szeml\u00e9letet, dinamizmust v\u00e1runk. Groteszk, hogy \u00e9ppen azok besz\u00e9lnek az 50-es, 60-as \u00e9vek k\u00eds\u00e9rteteir\u0151l, akik az eml\u00edtett fekete id\u0151szak alapjaira \u00e9p\u00edtettek klient\u00far\u00e1t, \u00e9s az elm\u00falt esztend\u0151kben ism\u00e9t a t\u00f6nk sz\u00e9l\u00e9re juttatt\u00e1k haz\u00e1nkat.<\/p>\n<p><strong>AZ \u00d3VOD\u00c1KR\u00d3L<\/strong><\/p>\n<p>Az \u00f6nkorm\u00e1nyzat az \u00f3vod\u00e1k eset\u00e9ben term\u00e9szetesen figyelembe veszi a 950 egri sz\u00fcl\u0151 v\u00e9lem\u00e9ny\u00e9t. A tervezett strukt\u00farav\u00e1lt\u00e1sr\u00f3l el\u0151bb \u00edr\u00e1sbeli kritik\u00e1t k\u00e9rt\u00fcnk az \u00e9rintettekt\u0151l, majd nyilv\u00e1nos sz\u00fcl\u0151i f\u00f3rumot szervezt\u00fcnk. A nevel\u00e9si-oktat\u00e1si \u00e1talak\u00edt\u00e1s r\u00e9szleteinek kidolgoz\u00e1sa sor\u00e1n \u00e9szrev\u00e9teleiket lehet\u0151s\u00e9g szerint figyelembe vessz\u00fck. A prekoncepci\u00f3k ideje lej\u00e1rt, szeretn\u00e9nk most m\u00e1r a szakmai munk\u00e1ra koncentr\u00e1lni, viszont ezzel kapcsolatban tov\u00e1bbra is \u00e1llunk az \u00e9p\u00edt\u0151 sz\u00e1nd\u00e9k\u00fa v\u00e9lem\u00e9nyek el\u00e9. Az \u00e1talak\u00edt\u00e1s teljes m\u00e9rt\u00e9kben sz\u00fcks\u00e9ges \u00e9s indokolt: f\u0151 pozit\u00edvuma, hogy a tag\u00f3vodavezet\u0151k ett\u0151l kezdve sokkal ink\u00e1bb a szakmai munk\u00e1ra figyelhetnek, \u00e9s rengeteg tehert\u0151l mentes\u00fclnek.<\/p>\n<p><strong>AZ \u00daJ ALAPOKM\u00c1NYR\u00d3L<\/strong><\/p>\n<p>Az ellenz\u00e9k elhallgattat\u00e1s\u00e1r\u00f3l sz\u00f3 sincs, hiszen a k\u00e9pvisel\u0151i hozz\u00e1sz\u00f3l\u00e1s, v\u00e9lem\u00e9nynyilv\u00e1n\u00edt\u00e1s lehet\u0151s\u00e9g\u00e9t tov\u00e1bbra is megadja az \u00daj Alapokm\u00e1ny. Kiemelt fontoss\u00e1g\u00fa \u00fcgyekben tov\u00e1bbra is fennmarad az id\u0151keret n\u00e9lk\u00fcli &#8211; \u00e1m emiatt sokszor parttalan &#8211; vita lehet\u0151s\u00e9ge is. A k\u00f6zszeml\u00e9re bocs\u00e1tott \u00daj Alapokm\u00e1nnyal csup\u00e1n hat\u00e1rt k\u00edv\u00e1nunk szabni az ut\u00f3bbi id\u0151ben elszaporodott, v\u00e9gel\u00e1thatatlan \u00e9s a l\u00e9nyegt\u0151l gyakran elkanyarod\u00f3 felsz\u00f3lal\u00e1soknak. Nem engedhetj\u00fck, hogy a k\u00e9pvisel\u0151i hozz\u00e1sz\u00f3l\u00e1sok sz\u00f3cs\u0151v\u00e9, politikai homokoz\u00f3v\u00e1 sil\u00e1ny\u00edts\u00e1k a helyi demokr\u00e1cia legfontosabb d\u00f6nt\u00e9shoz\u00f3 test\u00fclet\u00e9nek munk\u00e1j\u00e1t. Eur\u00f3p\u00e1ban egy\u00e9bk\u00e9nt \u00e1ltal\u00e1nosan elfogadott szok\u00e1s, hogy a politikusok t\u00f6m\u00f6ren, a l\u00e9nyegre korl\u00e1tozz\u00e1k mondand\u00f3jukat, k\u00e9ts\u00e9gtelen azonban, hogy ehhez fel kell k\u00e9sz\u00fclni.<\/p>\n<p>Kev\u00e9sb\u00e9 felel\u0151s, ink\u00e1bb \u00e9rdekes ellenz\u00e9ki magatart\u00e1s, hogy a napirendek t\u00e1rgyal\u00e1sa k\u00f6zben, olykor nagy sebbel-lobbal, csapot-papot otthagyva t\u00e1vozik a teremb\u0151l egy-egy k\u00e9pvisel\u0151. K\u00e9rj\u00fck a test\u00fcleti tagokat, hogy a demag\u00f3g, populista megnyilv\u00e1nul\u00e1sokat tartogass\u00e1k p\u00e1rtrendezv\u00e9nyekre. Bizony\u00e1ra egyet\u00e9rt\u00fcnk abban, hogy a k\u00f6zgy\u0171l\u00e9s nem adhat teret az ilyen vitriolos viselked\u00e9snek.&#8221;<\/p>\n","protected":false},"excerpt":{"rendered":"<p>&#8222;NE F\u00c9LTS\u00c9K A SZOCIALIST\u00c1K A DEMOKR\u00c1CI\u00c1T!<br \/>\nREAG\u00c1L\u00c1S AZ MSZP MAI SAJT\u00d3T\u00c1J\u00c9KOZTAT\u00d3J\u00c1RA<br \/>\nEgyik oldalr\u00f3l megmosolyogtat\u00f3, m\u00e1sr\u00e9szt azonban arc\u00e1tlan kijelent\u00e9sek sorozata hangzott el a szocialist\u00e1k mai, egri sajt\u00f3t\u00e1j\u00e9koztat\u00f3j\u00e1n. B\u00e1rmely nyitott szemmel j\u00e1r\u00f3 egri polg\u00e1r sorolni tudn\u00e1 a kor\u00e1bbi \u00e9vekben kifejezetten p\u00e1rt\u00e9rdekb\u0151l vezet\u0151i sz\u00e9kbe \u00fcltetett emberek neveit. Ism\u00e9telten hangs\u00falyozzuk: a sajt\u00f3t\u00e1j\u00e9koztat\u00f3n kifog\u00e1solt int\u00e9zm\u00e9nyvezet\u0151i kinevez\u00e9sekn\u00e9l szab\u00e1lyos p\u00e1ly\u00e1ztat\u00e1s t\u00f6rt\u00e9nt \u00e9s szakmai szempontok [&#8230;]<\/p>\n","protected":false},"author":4,"featured_media":0,"comment_status":"open","ping_status":"closed","sticky":false,"template":"","format":"standard","meta":{"footnotes":""},"categories":[3],"tags":[],"class_list":["post-4417","post","type-post","status-publish","format-standard","hentry","category-politika"],"_links":{"self":[{"href":"https:\/\/www.agriatv.hu\/index.php?rest_route=\/wp\/v2\/posts\/4417","targetHints":{"allow":["GET"]}}],"collection":[{"href":"https:\/\/www.agriatv.hu\/index.php?rest_route=\/wp\/v2\/posts"}],"about":[{"href":"https:\/\/www.agriatv.hu\/index.php?rest_route=\/wp\/v2\/types\/post"}],"author":[{"embeddable":true,"href":"https:\/\/www.agriatv.hu\/index.php?rest_route=\/wp\/v2\/users\/4"}],"replies":[{"embeddable":true,"href":"https:\/\/www.agriatv.hu\/index.php?rest_route=%2Fwp%2Fv2%2Fcomments&post=4417"}],"version-history":[{"count":5,"href":"https:\/\/www.agriatv.hu\/index.php?rest_route=\/wp\/v2\/posts\/4417\/revisions"}],"predecessor-version":[{"id":4421,"href":"https:\/\/www.agriatv.hu\/index.php?rest_route=\/wp\/v2\/posts\/4417\/revisions\/4421"}],"wp:attachment":[{"href":"https:\/\/www.agriatv.hu\/index.php?rest_route=%2Fwp%2Fv2%2Fmedia&parent=4417"}],"wp:term":[{"taxonomy":"category","embeddable":true,"href":"https:\/\/www.agriatv.hu\/index.php?rest_route=%2Fwp%2Fv2%2Fcategories&post=4417"},{"taxonomy":"post_tag","embeddable":true,"href":"https:\/\/www.agriatv.hu\/index.php?rest_route=%2Fwp%2Fv2%2Ftags&post=4417"}],"curies":[{"name":"wp","href":"https:\/\/api.w.org\/{rel}","templated":true}]}}