{"id":4428,"date":"2011-06-02T16:51:00","date_gmt":"2011-06-02T16:51:00","guid":{"rendered":"http:\/\/www.agriatv.hu\/?p=4428"},"modified":"2016-07-14T19:43:51","modified_gmt":"2016-07-14T19:43:51","slug":"megnyilt-a-konyvhet","status":"publish","type":"post","link":"https:\/\/www.agriatv.hu\/?p=4428","title":{"rendered":"Megny\u00edlt a K\u00f6nyvh\u00e9t"},"content":{"rendered":"<p><strong><a href=\"https:\/\/www.agriatv.hu\/wp-content\/uploads\/2011\/06\/0602konyv_V.jpg\"><img loading=\"lazy\" decoding=\"async\" class=\"alignleft size-medium wp-image-4430\" title=\"0602konyv_V\" src=\"https:\/\/www.agriatv.hu\/wp-content\/uploads\/2011\/06\/0602konyv_V-300x240.jpg\" alt=\"\" width=\"113\" height=\"90\" srcset=\"https:\/\/www.agriatv.hu\/wp-content\/uploads\/2011\/06\/0602konyv_V-300x240.jpg 300w, https:\/\/www.agriatv.hu\/wp-content\/uploads\/2011\/06\/0602konyv_V.jpg 720w\" sizes=\"auto, (max-width: 113px) 100vw, 113px\" \/><\/a>Cs\u00fct\u00f6rt\u00f6k d\u00e9lut\u00e1n az Eszterh\u00e1zy t\u00e9ren \u00fcnnep\u00e9lyes keretek k\u00f6z\u00f6tt hivatalosan is megny\u00edlt a 82. \u00dcnnepi K\u00f6nyvh\u00e9t, amelyhez id\u00e9n hozz\u00e1 kapcsol\u00f3dik a tizedik alkalommal megrendez\u00e9sre ker\u00fcl\u0151 Gyermekk\u00f6nyvnapok rendezv\u00e9nysorozat. A k\u00f6nyvh\u00e9t vend\u00e9gek\u00e9nt Esterh\u00e1zy P\u00e9ter Kossuth d\u00edjas \u00edr\u00f3 nyitotta meg az esem\u00e9nyt.<\/strong><\/p>\n<div>Az \u00dcnnepi K\u00f6nyvhetet alap\u00edt\u00f3k\u00e9nt szervez\u0151 Magyar K\u00f6nyvkiad\u00f3k \u00e9s K\u00f6nyvterjeszt\u0151k Egyes\u00fcl\u00e9se az elm\u00falt \u00e9vtizedekben igyekezett marad\u00e9ktalanul val\u00f3ra v\u00e1ltani a K\u00f6nyvh\u00e9t \u00f6tletad\u00f3j\u00e1nak, <em>Supka G\u00e9z\u00e1nak<\/em> nyolc \u00e9s f\u00e9l \u00e9vtizeddel ezel\u0151tt megfogalmazott elk\u00e9pzel\u00e9seit. A k\u00f6nyvv\u00e1s\u00e1r elismert szem\u00e9lyis\u00e9gek felvonultat\u00e1st is megval\u00f3s\u00edtja, \u00edr\u00f3k, sz\u00edn\u00e9szek, k\u00f6zismert szem\u00e9lyis\u00e9gek besz\u00e9deivel, el\u0151ad\u00e1saival, ezzel is emelve a k\u00f6nyvh\u00e9t jelent\u0151s\u00e9g\u00e9t.<br \/>\nA 82. \u00dcnnepi K\u00f6nyvh\u00e9t, a magyar irodalom \u00e9s a min\u0151s\u00e9gi k\u00f6nyvkiad\u00e1s eg\u00e9sz Eur\u00f3p\u00e1ban p\u00e1ratlan hagyom\u00e1ny\u00fa \u00e9s kisug\u00e1rz\u00e1s\u00fa rendezv\u00e9nye ugyanis nemcsak Budapestre, a V\u00f6r\u00f6smarty t\u00e9rre, hanem t\u00f6bb mint f\u00e9lsz\u00e1z vid\u00e9ki v\u00e1rosra is kiterjed, s t\u00falz\u00e1s n\u00e9lk\u00fcl t\u00f6rt\u00e9nelmi jelent\u0151s\u00e9g\u0171, hogy 1941 \u00f3ta, azaz 70 \u00e9v eltelt\u00e9vel id\u00e9n \u00fajra lesz magyar k\u00f6nyvh\u00e9t a hat\u00e1ron t\u00fal, a Rom\u00e1niai Magyar K\u00f6nyves C\u00e9h \u00e9s a Magyar K\u00f6nyvkiad\u00f3k \u00e9s K\u00f6nyvterjeszt\u0151k Egyes\u00fcl\u00e9se k\u00f6z\u00f6s szervez\u00e9s\u00e9ben, Kolozsv\u00e1rott.A megnyit\u00f3n besz\u00e9det mondott <em>Ballag\u00f3 Zolt\u00e1n<\/em> Eger MJV Polg\u00e1rmesteri Hivatal Oktat\u00e1si, Kultur\u00e1lis, Sport \u00e9s Ifj\u00fas\u00e1gi Iroda vezet\u0151je,. aki kiemelte:<br \/>\nA k\u00f6nyv szeretet\u00e9r\u0151l az olvas\u00e1s fontoss\u00e1g\u00e1r\u00f3l nem lehet eleget besz\u00e9lni. az olvas\u00e1s a szem\u00e9lyes szabads\u00e1g kulcsa, \u00e1ltala k\u00f6nnyebb a vil\u00e1gban val\u00f3 boldogul\u00e1s. Olvas\u00e1sszociol\u00f3giai vizsg\u00e1latok mutatj\u00e1k, hogy bizonyos \u00e9rt\u00e9kek, mint a tolerancia, a kreativit\u00e1s \u00e9s az \u00fagynevezett harmonikus szem\u00e9lyis\u00e9gjegyek nagyobb val\u00f3sz\u00edn\u0171s\u00e9ggel fedezhet\u0151k fel az olvas\u00f3 emberek k\u00f6r\u00e9ben. Ezekre a tulajdons\u00e1gokra, \u00e9s a rendszeres olvas\u00e1sra mindny\u00e1junknak sz\u00fcks\u00e9ge van. Erre kiv\u00e1l\u00f3 lehet\u0151s\u00e9get ny\u00fajt az \u00fcnnepi k\u00f6nyvh\u00e9t gazdag k\u00edn\u00e1lata. K\u00fcl\u00f6n \u00f6r\u00f6m az Egriek \u00e9s az Egerbe l\u00e1togat\u00f3 turist\u00e1k sz\u00e1m\u00e1ra, hogy n\u00e9h\u00e1ny \u00e9v kihagy\u00e1sa ut\u00e1n ism\u00e9t szabadt\u00e9ren, a r\u00e9gi hagyom\u00e1nyokat feleleven\u00edtve a Bazilika \u00e9s a L\u00edceum k\u00f6z\u00f6tti parkban k\u00f6sz\u00f6nthetj\u00fck az \u00fcnnepet.<\/p>\n<\/div>\n<div><em>Esterh\u00e1zy P\u00e9ter<\/em> Kossuth d\u00edjas \u00edr\u00f3 a k\u00f6vetkez\u0151 szavakkal nyitotta meg a 82. K\u00f6nyvhetet:<br \/>\nHa b\u00e1rmit meg kell nyitnom k\u00f6nyvt\u00e1rat, magt\u00e1rat, ki\u00e1ll\u00edt\u00e1st, konferenci\u00e1t, k\u00f6nyvfesztiv\u00e1lt, k\u00f6nyvhetet, k\u00f6nyvnapot, k\u00f6nyv\u00f3r\u00e1t, k\u00f6nyvpercet, arra kell els\u0151re gondolnom, hogy vajon siker\u00fcl-e?! Nem \u00fagy \u00e9rtem, hogy meg tudom-e \u00edrni tisztess\u00e9gesen a megnyit\u00f3besz\u00e9det, nem is arra, amire mostan\u00e1ban gondolni kell, hogy v\u00e9gig tudom-e mondani, vagy szenved\u00e9lyes kult\u00fara bar\u00e1tok esetleg sz\u00e9jjel kiab\u00e1lj\u00e1k a megnyit\u00f3 besz\u00e9det. \u00dagy \u00e9rtem a \u201esiker\u00fclnit\u201d, hogy t\u00e9nyleg megny\u00edlik-e az esem\u00e9ny, mid\u0151n megnyitjuk. A k\u00f6nyvhetet a k\u00f6nyvek \u00e9s az olvas\u00f3k nyitj\u00e1k meg.\n<div class=\"youtube-embed ye-container\" itemprop=\"video\" itemscope itemtype=\"https:\/\/schema.org\/VideoObject\">\n\t<meta itemprop=\"url\" content=\"https:\/\/www.youtube.com\/v\/bb7iF3ZCZZ0\" \/>\n\t<meta itemprop=\"name\" content=\"Megny\u00edlt a K\u00f6nyvh\u00e9t\" \/>\n\t<meta itemprop=\"description\" content=\"Megny\u00edlt a K\u00f6nyvh\u00e9t\" \/>\n\t<meta itemprop=\"uploadDate\" content=\"2011-06-02T16:51:00+00:00\" \/>\n\t<meta itemprop=\"thumbnailUrl\" content=\"https:\/\/i.ytimg.com\/vi\/bb7iF3ZCZZ0\/default.jpg\" \/>\n\t<meta itemprop=\"embedUrl\" content=\"https:\/\/www.youtube.com\/embed\/bb7iF3ZCZZ0\" \/>\n\t<meta itemprop=\"height\" content=\"1080\" \/>\n\t<meta itemprop=\"width\" content=\"1920\" \/>\n\t<iframe loading=\"lazy\" style=\"border: 0;\" class=\"youtube-player\" width=\"1920\" height=\"1080\" src=\"https:\/\/www.youtube.com\/embed\/bb7iF3ZCZZ0?modestbranding=1&fs=0&rel=0\"><\/iframe>\n<\/div>\n<\/div>\n<div>A megnyit\u00f3 ut\u00e1n az \u00edr\u00f3 a Br\u00f3dy S\u00e1ndor Megyei \u00e9s V\u00e1rosi K\u00f6nyvt\u00e1rban besz\u00e9lgetett Moln\u00e1r Ferenccel az irodalmi m\u0171hely keret\u00e9ben.<\/div>\n<div>Forr\u00e1s: <a href=\"http:\/\/egriszin.hu\">Egrisz\u00edn<\/a><\/div>\n","protected":false},"excerpt":{"rendered":"<p>Cs\u00fct\u00f6rt\u00f6k d\u00e9lut\u00e1n az Eszterh\u00e1zy t\u00e9ren \u00fcnnep\u00e9lyes keretek k\u00f6z\u00f6tt hivatalosan is megny\u00edlt a 82. \u00dcnnepi K\u00f6nyvh\u00e9t, amelyhez id\u00e9n hozz\u00e1 kapcsol\u00f3dik a tizedik alkalommal megrendez\u00e9sre ker\u00fcl\u0151 Gyermekk\u00f6nyvnapok rendezv\u00e9nysorozat. A k\u00f6nyvh\u00e9t vend\u00e9gek\u00e9nt Esterh\u00e1zy P\u00e9ter Kossuth d\u00edjas \u00edr\u00f3 nyitotta meg az esem\u00e9nyt.<br \/>\nAz \u00dcnnepi K\u00f6nyvhetet alap\u00edt\u00f3k\u00e9nt szervez\u0151 Magyar K\u00f6nyvkiad\u00f3k \u00e9s K\u00f6nyvterjeszt\u0151k Egyes\u00fcl\u00e9se az elm\u00falt \u00e9vtizedekben igyekezett marad\u00e9ktalanul val\u00f3ra v\u00e1ltani a [&#8230;]<\/p>\n","protected":false},"author":4,"featured_media":0,"comment_status":"open","ping_status":"closed","sticky":false,"template":"","format":"standard","meta":{"footnotes":""},"categories":[8,4],"tags":[],"class_list":["post-4428","post","type-post","status-publish","format-standard","hentry","category-kultura","category-szabadido"],"_links":{"self":[{"href":"https:\/\/www.agriatv.hu\/index.php?rest_route=\/wp\/v2\/posts\/4428","targetHints":{"allow":["GET"]}}],"collection":[{"href":"https:\/\/www.agriatv.hu\/index.php?rest_route=\/wp\/v2\/posts"}],"about":[{"href":"https:\/\/www.agriatv.hu\/index.php?rest_route=\/wp\/v2\/types\/post"}],"author":[{"embeddable":true,"href":"https:\/\/www.agriatv.hu\/index.php?rest_route=\/wp\/v2\/users\/4"}],"replies":[{"embeddable":true,"href":"https:\/\/www.agriatv.hu\/index.php?rest_route=%2Fwp%2Fv2%2Fcomments&post=4428"}],"version-history":[{"count":5,"href":"https:\/\/www.agriatv.hu\/index.php?rest_route=\/wp\/v2\/posts\/4428\/revisions"}],"predecessor-version":[{"id":16156,"href":"https:\/\/www.agriatv.hu\/index.php?rest_route=\/wp\/v2\/posts\/4428\/revisions\/16156"}],"wp:attachment":[{"href":"https:\/\/www.agriatv.hu\/index.php?rest_route=%2Fwp%2Fv2%2Fmedia&parent=4428"}],"wp:term":[{"taxonomy":"category","embeddable":true,"href":"https:\/\/www.agriatv.hu\/index.php?rest_route=%2Fwp%2Fv2%2Fcategories&post=4428"},{"taxonomy":"post_tag","embeddable":true,"href":"https:\/\/www.agriatv.hu\/index.php?rest_route=%2Fwp%2Fv2%2Ftags&post=4428"}],"curies":[{"name":"wp","href":"https:\/\/api.w.org\/{rel}","templated":true}]}}