{"id":4434,"date":"2011-06-03T14:41:58","date_gmt":"2011-06-03T14:41:58","guid":{"rendered":"http:\/\/www.agriatv.hu\/?p=4434"},"modified":"2011-06-04T10:50:32","modified_gmt":"2011-06-04T10:50:32","slug":"a-kormany-ismet-becsapta-a-rendvedelmi-szakszervezeteket","status":"publish","type":"post","link":"https:\/\/www.agriatv.hu\/?p=4434","title":{"rendered":"MSZP: a korm\u00e1ny ism\u00e9t becsapta a rendv\u00e9delmi szakszervezeteket!"},"content":{"rendered":"<p><a href=\"https:\/\/www.agriatv.hu\/wp-content\/uploads\/2011\/06\/0603mszp_V.jpg\"><img loading=\"lazy\" decoding=\"async\" class=\"alignleft size-medium wp-image-4435\" title=\"0603mszp_V\" src=\"https:\/\/www.agriatv.hu\/wp-content\/uploads\/2011\/06\/0603mszp_V-300x240.jpg\" alt=\"\" width=\"130\" height=\"104\" srcset=\"https:\/\/www.agriatv.hu\/wp-content\/uploads\/2011\/06\/0603mszp_V-300x240.jpg 300w, https:\/\/www.agriatv.hu\/wp-content\/uploads\/2011\/06\/0603mszp_V.jpg 720w\" sizes=\"auto, (max-width: 130px) 100vw, 130px\" \/><\/a> Dr. Harangoz\u00f3 Tam\u00e1s \u00e9s Dr. S\u00f3s Tam\u00e1s orsz\u00e1ggy\u0171l\u00e9si k\u00e9pvisel\u0151k sajt\u00f3t\u00e1j\u00e9koztat\u00f3j\u00e1n elhangzott: az MSZP szolid\u00e1ris a fegyveres \u00e9s rendv\u00e9delmi szervek \u00e1llom\u00e1ny\u00e1val.<\/p>\n<p>Amit a korm\u00e1ny a szakszervezeteknek felv\u00e1zolt, az az eredeti korm\u00e1ny\u00e1ll\u00e1spont, a Sz\u00e9ll K\u00e1lm\u00e1n Terv \u00e9s a konvergencia programban foglaltak marad\u00e9ktalan v\u00e9grehajt\u00e1sa.<\/p>\n<p>Ebben vil\u00e1gosan az szerepel, hogy elt\u00f6rlik a szolg\u00e1lati nyugd\u00edj rendszer\u00e9t \u00e9s visszamen\u0151leg mindenkit\u0151l elveszik a m\u00e1r megl\u00e9v\u0151 szolg\u00e1lati nyugd\u00edj\u00e1t.<\/p>\n<p>Dr. Harangoz\u00f3 Tam\u00e1s szerint egyetlen szakszervezet sem \u00edrhatja al\u00e1 ezt a dokumentumot, mert azzal cserben hagyn\u00e1 az akt\u00edv \u00e9s nyugd\u00edjas \u00e1llom\u00e1nyt \u00e9s megszegn\u00e9 az eddig v\u00e1llalt \u00edg\u00e9reteit.<div class=\"wordtube\">\n<div class=\"wordtube single306\" id=\"WT1_1\" style=\"width:320px; height:240px;\">\n<a href=\"http:\/\/www.macromedia.com\/go\/getflashplayer\">Get the Flash Player<\/a> to see the wordTube Media Player.\n<\/div><\/div>\n\t<script type=\"text\/javascript\" defer=\"defer\">\nvar WT1_1 = {\n\tparams : {\n\t\twmode : \"opaque\",\n\t\tallowscriptaccess : \"always\",\n\t\tallownetworking : \"all\",\n\t\tallowfullscreen : \"true\"},\n\tflashvars : {\n\t\tfile : \"http%3A%2F%2Fwww.agriatv.hu%2Fwp-content%2Fuploads%2F2011%2F06%2F0603mszp.flv\",\n\t\tvolume : \"80\",\n\t\tbufferlength : \"5\",\n\t\tquality : \"false\",\n\t\t'logo.hide' : \"false\",\n\t\timage : \"http%3A%2F%2Fwww.agriatv.hu%2Fwp-content%2Fuploads%2F2011%2F06%2F0603mszp.jpg\",\n\t\ttitle : \"0603mszp.flv\",\n\t\tlinktarget : \"_self\"},\n\tattr : {\n\t\tid : \"WT1\",\n\t\tname : \"WT1\"},\n\tstart : function() {\n\t\tswfobject.embedSWF(\"https:\/\/www.agriatv.hu\/\/player.swf\", \"WT1_1\", \"320\", \"240\", \"9.0.0\", false, this.flashvars, this.params , this.attr );\n\t}\n}\nWT1_1.start();\n\t<\/script>\n<\/p>\n<p>A Fidesz tudatos cs\u00fasztat\u00e1sokkal \u00e9s a hivat\u00e1sos fegyveres \u00e9s rendv\u00e9delmi szervek \u00e1llom\u00e1ny\u00e1val szembeni hangulatkelt\u00e9ssel pr\u00f3b\u00e1lja megalapozni a szolg\u00e1lati nyugd\u00edj rendszer\u00e9nek elt\u00f6rl\u00e9s\u00e9t.<\/p>\n<p>Ilyen hangulatkelt\u00e9s az is, hogy Orb\u00e1n Viktor boh\u00f3cnak tekinti a rendv\u00e9delmi dolgoz\u00f3kat.<\/p>\n<p>A Magyar Szocialista P\u00e1rt ki\u00e1ll a Fidesz szolg\u00e1lati nyugd\u00edjrendszer megsz\u00fcntet\u00e9s\u00e9re ir\u00e1nyul\u00f3 terveivel szemben. Elfogadhatatlan, hogy az \u00e9letp\u00e1lya modellt \u00e9s a nyugd\u00edjcsomagot nem egy\u00fctt t\u00e1rgyalja a korm\u00e1ny.<\/p>\n<p>A tegnapi t\u00e1rgyal\u00e1son Orb\u00e1n Viktor vil\u00e1goss\u00e1 tette, hogy amit most a rendv\u00e9delmi dolgoz\u00f3kkal \u00e9s nyugd\u00edjasokkal szemben v\u00e9grehajtanak, az v\u00e1r a t\u00e1rsadalom t\u00f6bbi csoportj\u00e1ra is.<\/p>\n<p>Ez\u00e9rt \u00f6sszefog\u00e1sra sz\u00f3l\u00edtj\u00e1k fel minden \u00e1gazat szakszervezet\u00e9t, hogy k\u00f6z\u00f6s er\u0151vel \u00e9rdemi t\u00e1rgyal\u00e1sokra szor\u00edts\u00e1k a korm\u00e1nyt, k\u00fcl\u00f6nben mindenki egyenk\u00e9nt sorra fog ker\u00fclni.<\/p>\n","protected":false},"excerpt":{"rendered":"<p> Dr. Harangoz\u00f3 Tam\u00e1s \u00e9s Dr. S\u00f3s Tam\u00e1s orsz\u00e1ggy\u0171l\u00e9si k\u00e9pvisel\u0151k sajt\u00f3t\u00e1j\u00e9koztat\u00f3j\u00e1n elhangzott: az MSZP szolid\u00e1ris a fegyveres \u00e9s rendv\u00e9delmi szervek \u00e1llom\u00e1ny\u00e1val.<br \/>\nAmit a korm\u00e1ny a szakszervezeteknek felv\u00e1zolt, az az eredeti korm\u00e1ny\u00e1ll\u00e1spont, a Sz\u00e9ll K\u00e1lm\u00e1n Terv \u00e9s a konvergencia programban foglaltak marad\u00e9ktalan v\u00e9grehajt\u00e1sa.<br \/>\nEbben vil\u00e1gosan az szerepel, hogy elt\u00f6rlik a szolg\u00e1lati nyugd\u00edj rendszer\u00e9t \u00e9s visszamen\u0151leg mindenkit\u0151l elveszik a [&#8230;]<\/p>\n","protected":false},"author":4,"featured_media":0,"comment_status":"open","ping_status":"open","sticky":false,"template":"","format":"standard","meta":{"footnotes":""},"categories":[6,3],"tags":[],"class_list":["post-4434","post","type-post","status-publish","format-standard","hentry","category-belfold","category-politika"],"_links":{"self":[{"href":"https:\/\/www.agriatv.hu\/index.php?rest_route=\/wp\/v2\/posts\/4434","targetHints":{"allow":["GET"]}}],"collection":[{"href":"https:\/\/www.agriatv.hu\/index.php?rest_route=\/wp\/v2\/posts"}],"about":[{"href":"https:\/\/www.agriatv.hu\/index.php?rest_route=\/wp\/v2\/types\/post"}],"author":[{"embeddable":true,"href":"https:\/\/www.agriatv.hu\/index.php?rest_route=\/wp\/v2\/users\/4"}],"replies":[{"embeddable":true,"href":"https:\/\/www.agriatv.hu\/index.php?rest_route=%2Fwp%2Fv2%2Fcomments&post=4434"}],"version-history":[{"count":2,"href":"https:\/\/www.agriatv.hu\/index.php?rest_route=\/wp\/v2\/posts\/4434\/revisions"}],"predecessor-version":[{"id":4444,"href":"https:\/\/www.agriatv.hu\/index.php?rest_route=\/wp\/v2\/posts\/4434\/revisions\/4444"}],"wp:attachment":[{"href":"https:\/\/www.agriatv.hu\/index.php?rest_route=%2Fwp%2Fv2%2Fmedia&parent=4434"}],"wp:term":[{"taxonomy":"category","embeddable":true,"href":"https:\/\/www.agriatv.hu\/index.php?rest_route=%2Fwp%2Fv2%2Fcategories&post=4434"},{"taxonomy":"post_tag","embeddable":true,"href":"https:\/\/www.agriatv.hu\/index.php?rest_route=%2Fwp%2Fv2%2Ftags&post=4434"}],"curies":[{"name":"wp","href":"https:\/\/api.w.org\/{rel}","templated":true}]}}