{"id":4439,"date":"2011-06-04T09:49:08","date_gmt":"2011-06-04T09:49:08","guid":{"rendered":"http:\/\/www.agriatv.hu\/?p=4439"},"modified":"2011-06-04T09:50:06","modified_gmt":"2011-06-04T09:50:06","slug":"motoros-kozlekedesbiztonsagi-napot-tart-a-rendorseg","status":"publish","type":"post","link":"https:\/\/www.agriatv.hu\/?p=4439","title":{"rendered":"Motoros k\u00f6zleked\u00e9sbiztons\u00e1gi napot tart a rend\u0151rs\u00e9g!"},"content":{"rendered":"<div>\n<div>\n<div><img loading=\"lazy\" decoding=\"async\" id=\"il_fi\" class=\"alignleft\" style=\"padding-right: 8px; padding-top: 8px; padding-bottom: 8px;\" src=\"http:\/\/www.motorshow1.hu\/fajlok\/motoroskepzes-kanyar-sl02.JPG\" alt=\"\" width=\"136\" height=\"104\" \/><\/div>\n<p><em>Magyarorsz\u00e1gon, \u00edgy megy\u00e9nkben is egyre n\u00e9pszer\u0171bb a motorker\u00e9kp\u00e1ros k\u00f6zleked\u00e9s.  A n\u00f6vekv\u0151 forgalommal egyenesen ar\u00e1nyosan a motorosok \u00e1ltal okozott balesetek  sz\u00e1ma \u00e9s azok s\u00falyoss\u00e1gi foka az ut\u00f3bbi id\u0151ben egyre nagyobb probl\u00e9m\u00e1t jelent.  Megy\u00e9nk f\u00f6ldrajzi adotts\u00e1g\u00e1n\u00e1l fogva kedvelt c\u00e9l\u00e1llom\u00e1sa a motorosoknak, a 24-es  f\u0151\u00fat m\u00e1trai szakasza nagyon n\u00e9pszer\u0171 t\u00fara\u00fatvonal. Ma Magyarorsz\u00e1gon nagyon sokf\u00e9le  t\u00edpus\u00fa motorker\u00e9kp\u00e1rt lehet kapni. Ezek a j\u00e1rm\u0171vek rendk\u00edv\u00fcli teljes\u00edtm\u00e9nyre lehetnek  k\u00e9pesek, s ezek kezel\u00e9s\u00e9hez nagy odafigyel\u00e9sre van sz\u00fcks\u00e9g. Azon motorosok, akik  nem rendelkeznek kell\u0151 tapasztalattal, egy-egy vesz\u00e9lyhelyzet bek\u00f6vetkez\u00e9sekor  sokszor rosszul d\u00f6ntenek, \u00e9s ez komoly s\u00e9r\u00fcl\u00e9seket, valamint anyagi k\u00e1rokat okozhat. <\/em><\/p>\n<\/div>\n<\/div>\n<p><em> <\/em><\/p>\n<p><strong><em>A motoros balesetek visszaszor\u00edt\u00e1sa \u00e9s a motorosok vezet\u00e9stechnikai tud\u00e1s\u00e1nak  b\u0151v\u00edt\u00e9se c\u00e9lj\u00e1b\u00f3l a Heves Megyei Rend\u0151r-f\u0151kapit\u00e1nys\u00e1g a Megyei Baleset megel\u0151z\u00e9si  Bizotts\u00e1ggal a Heves Megyei Korm\u00e1nyhivatal K\u00f6zleked\u00e9si Fel\u00fcgyel\u0151s\u00e9g\u00e9vel k\u00f6z\u00f6sen  a Vilati Bike Center t\u00e1mogat\u00e1s\u00e1val a K\u00f6zleked\u00e9si Fel\u00fcgyel\u0151s\u00e9g Egri tanp\u00e1ly\u00e1j\u00e1n  (\u201enagylaposon\u201d a Shell t\u00f6lt\u0151\u00e1llom\u00e1s m\u00f6g\u00f6tt) 2011. j\u00fanius 11-\u00e9n 09.00 \u00f3r\u00e1t\u00f3l Motoros  k\u00f6zleked\u00e9sbiztons\u00e1gi napot tart. A rendezv\u00e9nyen val\u00f3 r\u00e9szv\u00e9tel ingyenes!<\/em><\/strong><\/p>\n<p><em> <\/em><\/p>\n<p><em>Ezen a rendezv\u00e9nyen r\u00e9szt vesznek az Egri \u00e9s Gy\u00f6ngy\u00f6si Rend\u0151rkapit\u00e1nys\u00e1g motoros  j\u00e1r\u0151rei, akik vezet\u00e9stechnikai bemutat\u00f3t \u00e9s k\u00e9pz\u00e9st tartanak. Vezet\u00e9stechnikai  tanp\u00e1ly\u00e1t \u00e9p\u00edtenek, amit a rendezv\u00e9nyen r\u00e9sztvev\u0151knek lehet\u0151s\u00e9ge lesz kipr\u00f3b\u00e1lni,  a feladatokat a motoros rend\u0151r\u00f6k seg\u00edts\u00e9g\u00e9vel v\u00e9grehajtani. <\/em><\/p>\n<p><em> <\/em><\/p>\n<p><em>A rendezv\u00e9nyen fell\u00e9p a R\u00e9ts\u00e1g Riders Team, akik l\u00e1tv\u00e1nyos stunt-riding bemutat\u00f3t  tartanak.<\/em><\/p>\n<p><em>Forr\u00e1s: <a href=\"http:\/\/www.police.hu\/heves\/aktualis\/hev20110603_02.html\" target=\"_blank\">Police.hu<\/a><br \/>\n<\/em><\/p>\n","protected":false},"excerpt":{"rendered":"<p>Magyarorsz\u00e1gon, \u00edgy megy\u00e9nkben is egyre n\u00e9pszer\u0171bb a motorker\u00e9kp\u00e1ros k\u00f6zleked\u00e9s.  A n\u00f6vekv\u0151 forgalommal egyenesen ar\u00e1nyosan a motorosok \u00e1ltal okozott balesetek  sz\u00e1ma \u00e9s azok s\u00falyoss\u00e1gi foka az ut\u00f3bbi id\u0151ben egyre nagyobb probl\u00e9m\u00e1t jelent.  Megy\u00e9nk f\u00f6ldrajzi adotts\u00e1g\u00e1n\u00e1l fogva kedvelt c\u00e9l\u00e1llom\u00e1sa a motorosoknak, a 24-es  f\u0151\u00fat m\u00e1trai szakasza nagyon n\u00e9pszer\u0171 t\u00fara\u00fatvonal. Ma Magyarorsz\u00e1gon nagyon sokf\u00e9le [&#8230;]<\/p>\n","protected":false},"author":4,"featured_media":0,"comment_status":"open","ping_status":"closed","sticky":false,"template":"","format":"standard","meta":{"footnotes":""},"categories":[5],"tags":[],"class_list":["post-4439","post","type-post","status-publish","format-standard","hentry","category-kek-hirek"],"_links":{"self":[{"href":"https:\/\/www.agriatv.hu\/index.php?rest_route=\/wp\/v2\/posts\/4439","targetHints":{"allow":["GET"]}}],"collection":[{"href":"https:\/\/www.agriatv.hu\/index.php?rest_route=\/wp\/v2\/posts"}],"about":[{"href":"https:\/\/www.agriatv.hu\/index.php?rest_route=\/wp\/v2\/types\/post"}],"author":[{"embeddable":true,"href":"https:\/\/www.agriatv.hu\/index.php?rest_route=\/wp\/v2\/users\/4"}],"replies":[{"embeddable":true,"href":"https:\/\/www.agriatv.hu\/index.php?rest_route=%2Fwp%2Fv2%2Fcomments&post=4439"}],"version-history":[{"count":3,"href":"https:\/\/www.agriatv.hu\/index.php?rest_route=\/wp\/v2\/posts\/4439\/revisions"}],"predecessor-version":[{"id":4442,"href":"https:\/\/www.agriatv.hu\/index.php?rest_route=\/wp\/v2\/posts\/4439\/revisions\/4442"}],"wp:attachment":[{"href":"https:\/\/www.agriatv.hu\/index.php?rest_route=%2Fwp%2Fv2%2Fmedia&parent=4439"}],"wp:term":[{"taxonomy":"category","embeddable":true,"href":"https:\/\/www.agriatv.hu\/index.php?rest_route=%2Fwp%2Fv2%2Fcategories&post=4439"},{"taxonomy":"post_tag","embeddable":true,"href":"https:\/\/www.agriatv.hu\/index.php?rest_route=%2Fwp%2Fv2%2Ftags&post=4439"}],"curies":[{"name":"wp","href":"https:\/\/api.w.org\/{rel}","templated":true}]}}