{"id":4445,"date":"2011-06-04T11:19:00","date_gmt":"2011-06-04T11:19:00","guid":{"rendered":"http:\/\/www.agriatv.hu\/?p=4445"},"modified":"2011-06-04T11:57:26","modified_gmt":"2011-06-04T11:57:26","slug":"allampolgari-esku","status":"publish","type":"post","link":"https:\/\/www.agriatv.hu\/?p=4445","title":{"rendered":"\u00c1llampolg\u00e1ri esk\u00fc"},"content":{"rendered":"<p><a href=\"https:\/\/www.agriatv.hu\/wp-content\/uploads\/2011\/06\/0604allampolgar2.jpg\"><img loading=\"lazy\" decoding=\"async\" class=\"alignleft size-medium wp-image-4448\" title=\"0604allampolgar2\" src=\"https:\/\/www.agriatv.hu\/wp-content\/uploads\/2011\/06\/0604allampolgar2-300x240.jpg\" alt=\"\" width=\"125\" height=\"100\" srcset=\"https:\/\/www.agriatv.hu\/wp-content\/uploads\/2011\/06\/0604allampolgar2-300x240.jpg 300w, https:\/\/www.agriatv.hu\/wp-content\/uploads\/2011\/06\/0604allampolgar2.jpg 720w\" sizes=\"auto, (max-width: 125px) 100vw, 125px\" \/><\/a>A Nemzeti \u00d6sszetartoz\u00e1s Napj\u00e1n Gyergy\u00f3szentmikl\u00f3sr\u00f3l 58-an, Zetelak\u00e1r\u00f3l 30-an tettek ma Egerben \u00e1llampolg\u00e1ri esk\u00fct. <div class=\"wordtube\">\n<div class=\"wordtube single307\" id=\"WT1_1\" style=\"width:320px; height:240px;\">\n<a href=\"http:\/\/www.macromedia.com\/go\/getflashplayer\">Get the Flash Player<\/a> to see the wordTube Media Player.\n<\/div><\/div>\n\t<script type=\"text\/javascript\" defer=\"defer\">\nvar WT1_1 = {\n\tparams : {\n\t\twmode : \"opaque\",\n\t\tallowscriptaccess : \"always\",\n\t\tallownetworking : \"all\",\n\t\tallowfullscreen : \"true\"},\n\tflashvars : {\n\t\tfile : \"http%3A%2F%2Fwww.agriatv.hu%2Fwp-content%2Fuploads%2F2011%2F06%2F0604allampolgar.flv\",\n\t\tvolume : \"80\",\n\t\tbufferlength : \"5\",\n\t\tquality : \"false\",\n\t\t'logo.hide' : \"false\",\n\t\timage : \"http%3A%2F%2Fwww.agriatv.hu%2Fwp-content%2Fuploads%2F2011%2F06%2F0604allampolgar.jpg\",\n\t\ttitle : \"0604allampolgar.flv\",\n\t\tlinktarget : \"_self\"},\n\tattr : {\n\t\tid : \"WT1\",\n\t\tname : \"WT1\"},\n\tstart : function() {\n\t\tswfobject.embedSWF(\"https:\/\/www.agriatv.hu\/\/player.swf\", \"WT1_1\", \"320\", \"240\", \"9.0.0\", false, this.flashvars, this.params , this.attr );\n\t}\n}\nWT1_1.start();\n\t<\/script>\n<\/p>\n<p>Hangs\u00falyozt\u00e1k: amit a sors elvett d\u00e9dap\u00e1ikt\u00f3l, azt most nekik adta vissza, s az \u00e1lom akkor lenne teljes, ha a sz\u00e9kely emberek el\u00e9rn\u00e9k a ter\u00fcleti auton\u00f3mi\u00e1t, s ott \u00e9lhetn\u00e9nek igaz\u00e1n magyark\u00e9nt. Elhangzott az is: senki nem mondhatja m\u00e1r r\u00e1juk, hogy BOZGOR, azaz HAZ\u00c1TLAN, hiszen hivatalos okiratuk van arr\u00f3l, hogy \u0151k Magyarorsz\u00e1g \u00e1llampolg\u00e1rai. Hat\u00e1rok eddig sem l\u00e9teztek magyar \u00e9s magyar k\u00f6z\u00f6tt, hiszen pontosan k\u00f6r\u00fclhat\u00e1rolhat\u00f3 volt, hol \u00e9rtik meg egym\u00e1st az emberek, hol gondolkodnak \u00e9s \u00e9lnek magyark\u00e9nt. A mai nap \u00f6r\u00f6me kifejezhetetlen, hatalmas el\u00e9gt\u00e9tel \u00e9s igazs\u00e1gszolg\u00e1ltat\u00e1s, hogy jogilag is magyarok lehetnek \u2013 hangs\u00falyozta Mezei J\u00e1nos, Gyergy\u00f3szentmikl\u00f3s polg\u00e1rmestere.<\/p>\n","protected":false},"excerpt":{"rendered":"<p>A Nemzeti \u00d6sszetartoz\u00e1s Napj\u00e1n Gyergy\u00f3szentmikl\u00f3sr\u00f3l 58-an, Zetelak\u00e1r\u00f3l 30-an tettek ma Egerben \u00e1llampolg\u00e1ri esk\u00fct.<br \/>\nHangs\u00falyozt\u00e1k: amit a sors elvett d\u00e9dap\u00e1ikt\u00f3l, azt most nekik adta vissza, s az \u00e1lom akkor lenne teljes, ha a sz\u00e9kely emberek el\u00e9rn\u00e9k a ter\u00fcleti auton\u00f3mi\u00e1t, s ott \u00e9lhetn\u00e9nek igaz\u00e1n magyark\u00e9nt. Elhangzott az is: senki nem mondhatja m\u00e1r r\u00e1juk, hogy BOZGOR, azaz HAZ\u00c1TLAN, [&#8230;]<\/p>\n","protected":false},"author":4,"featured_media":0,"comment_status":"open","ping_status":"closed","sticky":false,"template":"","format":"standard","meta":{"footnotes":""},"categories":[6,7],"tags":[],"class_list":["post-4445","post","type-post","status-publish","format-standard","hentry","category-belfold","category-kulfold"],"_links":{"self":[{"href":"https:\/\/www.agriatv.hu\/index.php?rest_route=\/wp\/v2\/posts\/4445","targetHints":{"allow":["GET"]}}],"collection":[{"href":"https:\/\/www.agriatv.hu\/index.php?rest_route=\/wp\/v2\/posts"}],"about":[{"href":"https:\/\/www.agriatv.hu\/index.php?rest_route=\/wp\/v2\/types\/post"}],"author":[{"embeddable":true,"href":"https:\/\/www.agriatv.hu\/index.php?rest_route=\/wp\/v2\/users\/4"}],"replies":[{"embeddable":true,"href":"https:\/\/www.agriatv.hu\/index.php?rest_route=%2Fwp%2Fv2%2Fcomments&post=4445"}],"version-history":[{"count":8,"href":"https:\/\/www.agriatv.hu\/index.php?rest_route=\/wp\/v2\/posts\/4445\/revisions"}],"predecessor-version":[{"id":4451,"href":"https:\/\/www.agriatv.hu\/index.php?rest_route=\/wp\/v2\/posts\/4445\/revisions\/4451"}],"wp:attachment":[{"href":"https:\/\/www.agriatv.hu\/index.php?rest_route=%2Fwp%2Fv2%2Fmedia&parent=4445"}],"wp:term":[{"taxonomy":"category","embeddable":true,"href":"https:\/\/www.agriatv.hu\/index.php?rest_route=%2Fwp%2Fv2%2Fcategories&post=4445"},{"taxonomy":"post_tag","embeddable":true,"href":"https:\/\/www.agriatv.hu\/index.php?rest_route=%2Fwp%2Fv2%2Ftags&post=4445"}],"curies":[{"name":"wp","href":"https:\/\/api.w.org\/{rel}","templated":true}]}}