{"id":4461,"date":"2011-06-06T12:35:56","date_gmt":"2011-06-06T12:35:56","guid":{"rendered":"http:\/\/www.agriatv.hu\/?p=4461"},"modified":"2011-06-06T12:35:56","modified_gmt":"2011-06-06T12:35:56","slug":"6-erkezo-het-tavozo-a-zf-eger-csapatanal","status":"publish","type":"post","link":"https:\/\/www.agriatv.hu\/?p=4461","title":{"rendered":"6 \u00e9rkez\u0151, h\u00e9t t\u00e1voz\u00f3 a ZF-Eger csapat\u00e1n\u00e1l"},"content":{"rendered":"<p><a href=\"https:\/\/www.agriatv.hu\/wp-content\/uploads\/2011\/06\/0606vizilabda_v.jpg\"><img loading=\"lazy\" decoding=\"async\" class=\"alignleft size-medium wp-image-4463\" title=\"0606vizilabda_v\" src=\"https:\/\/www.agriatv.hu\/wp-content\/uploads\/2011\/06\/0606vizilabda_v-300x240.jpg\" alt=\"\" width=\"115\" height=\"92\" srcset=\"https:\/\/www.agriatv.hu\/wp-content\/uploads\/2011\/06\/0606vizilabda_v-300x240.jpg 300w, https:\/\/www.agriatv.hu\/wp-content\/uploads\/2011\/06\/0606vizilabda_v.jpg 720w\" sizes=\"auto, (max-width: 115px) 100vw, 115px\" \/><\/a>Sz\u0171kebb k\u00f6lts\u00e9gvet\u00e9ssel m\u0171k\u00f6dik a 2011-2012-es bajnoks\u00e1gban a ZF-Eger  f\u00e9rfi OB I-es v\u00edzilabda csapata. A h\u00e9tf\u0151i sajt\u00f3t\u00e1j\u00e9koztat\u00f3n B\u00e1r\u00e1ny  Attila \u00fcgyvezet\u0151 eln\u00f6k ismertette a\u00a0 v\u00e9gleges keretet. A c\u00edmv\u00e9d\u0151  egy\u00fcttest\u00a0 tov\u00e1bbra is Gerend\u00e1s Gy\u00f6rgy-T\u00f3th K\u00e1lm\u00e1n edz\u0151p\u00e1ros ir\u00e1ny\u00edtja.  T\u00e1vozott Egerb\u0151l az olimpiai bajnok Kis G\u00e1bor, a \u00a0 v\u00e1lls\u00e9r\u00fcl\u00e9ssel  bajl\u00f3d\u00f3 kanadai Aaaron Feltham, az \u00faj kih\u00edv\u00e1sokra v\u00e1gy\u00f3 Heged\u00fcs G\u00e1bor,  tov\u00e1bb\u00e1 N\u00e9bald Oliv\u00e9r, Nikolaosz Kotszidisz, Petrovai M\u00e1rton, S\u00e1ntavy  M\u00e1t\u00e9. <div class=\"wordtube\">\n<div class=\"wordtube single308\" id=\"WT1_1\" style=\"width:320px; height:240px;\">\n<a href=\"http:\/\/www.macromedia.com\/go\/getflashplayer\">Get the Flash Player<\/a> to see the wordTube Media Player.\n<\/div><\/div>\n\t<script type=\"text\/javascript\" defer=\"defer\">\nvar WT1_1 = {\n\tparams : {\n\t\twmode : \"opaque\",\n\t\tallowscriptaccess : \"always\",\n\t\tallownetworking : \"all\",\n\t\tallowfullscreen : \"true\"},\n\tflashvars : {\n\t\tfile : \"http%3A%2F%2Fwww.agriatv.hu%2Fwp-content%2Fuploads%2F2011%2F06%2F0606viziladba.flv\",\n\t\tvolume : \"80\",\n\t\tbufferlength : \"5\",\n\t\tquality : \"false\",\n\t\t'logo.hide' : \"false\",\n\t\timage : \"http%3A%2F%2Fwww.agriatv.hu%2Fwp-content%2Fuploads%2F2011%2F06%2F0606viziladba.jpg\",\n\t\ttitle : \"0606viziladba.flv\",\n\t\tlinktarget : \"_self\"},\n\tattr : {\n\t\tid : \"WT1\",\n\t\tname : \"WT1\"},\n\tstart : function() {\n\t\tswfobject.embedSWF(\"https:\/\/www.agriatv.hu\/\/player.swf\", \"WT1_1\", \"320\", \"240\", \"9.0.0\", false, this.flashvars, this.params , this.attr );\n\t}\n}\nWT1_1.start();\n\t<\/script>\nEgerbe igazolt a Honv\u00e9db\u00f3l B\u00e1tori Bence, P\u00e9csr\u0151l Bisztrits\u00e1nyi  D\u00e1vid \u00e9s a jap\u00e1n v\u00e1logatott Naganuma Atsushi, Szolnokr\u00f3l Mezei Tam\u00e1s \u00e9s a  holland v\u00e1logatott Wiwo Geritse. Visszat\u00e9rt a csapathoz Kass\u00e1r\u00f3l Chilk\u00f3  M\u00e1rton.<\/p>\n<p>Forr\u00e1s: <a href=\"http:\/\/www.egerwaterpolo.hu\">www.egerwaterpolo.hu<\/a><\/p>\n","protected":false},"excerpt":{"rendered":"<p>Sz\u0171kebb k\u00f6lts\u00e9gvet\u00e9ssel m\u0171k\u00f6dik a 2011-2012-es bajnoks\u00e1gban a ZF-Eger  f\u00e9rfi OB I-es v\u00edzilabda csapata. A h\u00e9tf\u0151i sajt\u00f3t\u00e1j\u00e9koztat\u00f3n B\u00e1r\u00e1ny  Attila \u00fcgyvezet\u0151 eln\u00f6k ismertette a\u00a0 v\u00e9gleges keretet. A c\u00edmv\u00e9d\u0151  egy\u00fcttest\u00a0 tov\u00e1bbra is Gerend\u00e1s Gy\u00f6rgy-T\u00f3th K\u00e1lm\u00e1n edz\u0151p\u00e1ros ir\u00e1ny\u00edtja.  T\u00e1vozott Egerb\u0151l az olimpiai bajnok Kis G\u00e1bor, a \u00a0 v\u00e1lls\u00e9r\u00fcl\u00e9ssel  bajl\u00f3d\u00f3 kanadai Aaaron Feltham, az \u00faj [&#8230;]<\/p>\n","protected":false},"author":4,"featured_media":0,"comment_status":"open","ping_status":"closed","sticky":false,"template":"","format":"standard","meta":{"footnotes":""},"categories":[11],"tags":[],"class_list":["post-4461","post","type-post","status-publish","format-standard","hentry","category-sport"],"_links":{"self":[{"href":"https:\/\/www.agriatv.hu\/index.php?rest_route=\/wp\/v2\/posts\/4461","targetHints":{"allow":["GET"]}}],"collection":[{"href":"https:\/\/www.agriatv.hu\/index.php?rest_route=\/wp\/v2\/posts"}],"about":[{"href":"https:\/\/www.agriatv.hu\/index.php?rest_route=\/wp\/v2\/types\/post"}],"author":[{"embeddable":true,"href":"https:\/\/www.agriatv.hu\/index.php?rest_route=\/wp\/v2\/users\/4"}],"replies":[{"embeddable":true,"href":"https:\/\/www.agriatv.hu\/index.php?rest_route=%2Fwp%2Fv2%2Fcomments&post=4461"}],"version-history":[{"count":3,"href":"https:\/\/www.agriatv.hu\/index.php?rest_route=\/wp\/v2\/posts\/4461\/revisions"}],"predecessor-version":[{"id":4465,"href":"https:\/\/www.agriatv.hu\/index.php?rest_route=\/wp\/v2\/posts\/4461\/revisions\/4465"}],"wp:attachment":[{"href":"https:\/\/www.agriatv.hu\/index.php?rest_route=%2Fwp%2Fv2%2Fmedia&parent=4461"}],"wp:term":[{"taxonomy":"category","embeddable":true,"href":"https:\/\/www.agriatv.hu\/index.php?rest_route=%2Fwp%2Fv2%2Fcategories&post=4461"},{"taxonomy":"post_tag","embeddable":true,"href":"https:\/\/www.agriatv.hu\/index.php?rest_route=%2Fwp%2Fv2%2Ftags&post=4461"}],"curies":[{"name":"wp","href":"https:\/\/api.w.org\/{rel}","templated":true}]}}