{"id":4471,"date":"2011-06-07T13:58:44","date_gmt":"2011-06-07T13:58:44","guid":{"rendered":"http:\/\/www.agriatv.hu\/?p=4471"},"modified":"2011-06-07T13:59:08","modified_gmt":"2011-06-07T13:59:08","slug":"veszelyben-gyermekeink-jovoje-%e2%80%93-heves-megyeben-is-sok-pedagogusnak-szunik-meg-az-allasa","status":"publish","type":"post","link":"https:\/\/www.agriatv.hu\/?p=4471","title":{"rendered":"Vesz\u00e9lyben gyermekeink j\u00f6v\u0151je \u2013 Heves megy\u00e9ben is sok pedag\u00f3gusnak sz\u0171nik meg az \u00e1ll\u00e1sa"},"content":{"rendered":"<p><a href=\"https:\/\/www.agriatv.hu\/wp-content\/uploads\/2011\/06\/0607mszp_V.jpg\"><img loading=\"lazy\" decoding=\"async\" class=\"alignleft size-medium wp-image-4470\" title=\"0607mszp_V\" src=\"https:\/\/www.agriatv.hu\/wp-content\/uploads\/2011\/06\/0607mszp_V-300x240.jpg\" alt=\"\" width=\"157\" height=\"125\" srcset=\"https:\/\/www.agriatv.hu\/wp-content\/uploads\/2011\/06\/0607mszp_V-300x240.jpg 300w, https:\/\/www.agriatv.hu\/wp-content\/uploads\/2011\/06\/0607mszp_V.jpg 720w\" sizes=\"auto, (max-width: 157px) 100vw, 157px\" \/><\/a>Dr. S\u00f3s Tam\u00e1s az MSZP HEves megyei eln\u00f6ke sajt\u00f3t\u00e1j\u00e9koztat\u00f3j\u00e1n elmondta: k\u00f6sz\u00f6nettel tartoznak a pedag\u00f3gusoknak, szakdolgoz\u00f3knak. K\u00fcl\u00f6n\u00f6sen azoknak, akik halmozottan h\u00e1tr\u00e1nyos helyzet\u0171 t\u00e9rs\u00e9gekben dolgoznak. Nagyfok\u00fa bizonytalans\u00e1g van, ingerszeg\u00e9ny k\u00f6rnyezetben v\u00e9gzik munk\u00e1jukat.<\/p>\n<p>Ma m\u00e1r \u201eboh\u00f3cnak\u201d n\u00e9zik azt aki azt szeretn\u00e9, hogy ne r\u00fagj\u00e1k ki, \u00e9s ne cs\u00f6kkenjen a b\u00e9re. A pedag\u00f3gusok helyzete folyamatosan romlik:<\/p>\n<p>&#8211;\u00a0\u00a0\u00a0\u00a0\u00a0\u00a0\u00a0\u00a0\u00a0 B\u00e9rcs\u00f6kken\u00e9s<\/p>\n<p>&#8211;\u00a0\u00a0\u00a0\u00a0\u00a0\u00a0\u00a0\u00a0\u00a0 Elveszik a t\u00fal\u00f3ra p\u00e9nzt<\/p>\n<p>&#8211;\u00a0\u00a0\u00a0\u00a0\u00a0\u00a0\u00a0\u00a0\u00a0 Szakk\u00f6r \u00e9s helyettes\u00edt\u00e9si p\u00f3tl\u00e9k elvon\u00e1sa<\/p>\n<p>&#8211;\u00a0\u00a0\u00a0\u00a0\u00a0\u00a0\u00a0\u00a0\u00a0 Burkolt \u00f3rasz\u00e1memel\u00e9s<\/p>\n<p>&#8211;\u00a0\u00a0\u00a0\u00a0\u00a0\u00a0\u00a0\u00a0\u00a0 Orsz\u00e1gosan 30-40 ezer pedag\u00f3gus elbocs\u00e1t\u00e1sa v\u00e1rhat\u00f3<\/p>\n<p>&#8211;\u00a0\u00a0\u00a0\u00a0\u00a0\u00a0\u00a0\u00a0\u00a0 <strong>Heves megy\u00e9ben<\/strong> <strong>1500-2000 f\u0151t<\/strong> is el\u00e9rheti az oktat\u00e1sban dolgoz\u00f3k l\u00e9tsz\u00e1mle\u00e9p\u00edt\u00e9se<\/p>\n<p><strong><div class=\"wordtube\">\n<div class=\"wordtube single311\" id=\"WT1_1\" style=\"width:320px; height:240px;\">\n<a href=\"http:\/\/www.macromedia.com\/go\/getflashplayer\">Get the Flash Player<\/a> to see the wordTube Media Player.\n<\/div><\/div>\n\t<script type=\"text\/javascript\" defer=\"defer\">\nvar WT1_1 = {\n\tparams : {\n\t\twmode : \"opaque\",\n\t\tallowscriptaccess : \"always\",\n\t\tallownetworking : \"all\",\n\t\tallowfullscreen : \"true\"},\n\tflashvars : {\n\t\tfile : \"http%3A%2F%2Fwww.agriatv.hu%2Fwp-content%2Fuploads%2F2011%2F06%2F0607mszp.flv\",\n\t\tvolume : \"80\",\n\t\tbufferlength : \"5\",\n\t\tquality : \"false\",\n\t\t'logo.hide' : \"false\",\n\t\timage : \"http%3A%2F%2Fwww.agriatv.hu%2Fwp-content%2Fuploads%2F2011%2F06%2F0607mszp.jpg\",\n\t\ttitle : \"0607mszp.flv\",\n\t\tlinktarget : \"_self\"},\n\tattr : {\n\t\tid : \"WT1\",\n\t\tname : \"WT1\"},\n\tstart : function() {\n\t\tswfobject.embedSWF(\"https:\/\/www.agriatv.hu\/\/player.swf\", \"WT1_1\", \"320\", \"240\", \"9.0.0\", false, this.flashvars, this.params , this.attr );\n\t}\n}\nWT1_1.start();\n\t<\/script>\nA m\u00falt h\u00e9ten le\u00e1ll\u00edtott\u00e1k a feln\u0151ttk\u00e9pz\u00e9si t\u00e1mogat\u00e1sokat a halmozottan h\u00e1tr\u00e1nyos helyzet\u0171ek eset\u00e9ben.<\/strong><\/p>\n<p><strong>Vesz\u00e9lyben gyermekeink j\u00f6v\u0151je:<\/strong><\/p>\n<p>&#8211;\u00a0\u00a0\u00a0\u00a0\u00a0\u00a0\u00a0\u00a0\u00a0 <strong>Id\u00e9n 20 sz\u00e1zal\u00e9kos vesztes\u00e9get szenvedett el a gyermek\u00e9tkeztet\u00e9s <\/strong>, ennyivel kevesebb jut a gyermekeknek \u00e9telre 2011-t\u0151l<\/p>\n<p>&#8211;\u00a0\u00a0\u00a0\u00a0\u00a0\u00a0\u00a0\u00a0\u00a0 <strong>A befagyasztott csal\u00e1di p\u00f3tl\u00e9k <\/strong>szint\u00e9n terhet jelent a gyermekes sz\u00fcl\u0151knek, a gyermekell\u00e1t\u00e1st ez a t\u00e9tel hi\u00e1nya is rontja<\/p>\n<p>&#8211;\u00a0\u00a0\u00a0\u00a0\u00a0\u00a0\u00a0\u00a0\u00a0 A tank\u00f6telezetts\u00e9g 16 \u00e9vre t\u00f6rt\u00e9n\u0151 lesz\u00e1ll\u00edt\u00e1sa \u00e9s az  ingyenes egyetemi oktat\u00e1s keretsz\u00e1m\u00e1nak fel\u00e9re cs\u00f6kkent\u00e9se is abba az  ir\u00e1nyba mutat, hogy<strong> a j\u00f6v\u0151 gener\u00e1ci\u00f3nak sokkal nehezebb j\u00f6v\u0151t k\u00edn\u00e1l az Orb\u00e1n-korm\u00e1ny<\/strong><\/p>\n<p>&#8211;\u00a0\u00a0\u00a0\u00a0\u00a0\u00a0\u00a0\u00a0\u00a0 Es\u00e9lyh\u00e1tr\u00e1nyos gyermekeket a<strong> szeg\u00e9nys\u00e9g gett\u00f3j\u00e1ba <\/strong>z\u00e1rj\u00e1k az oktat\u00e1ssal kapcsolatos elk\u00e9pzel\u00e9sek<\/p>\n<p>&#8211;\u00a0\u00a0\u00a0\u00a0\u00a0\u00a0\u00a0\u00a0\u00a0 <strong>Sz\u00e9tvert\u00e9k a k\u00f6zmunkaprogramot, <\/strong>ami szint\u00e9n az alacsony kereset\u0171ek, munkan\u00e9lk\u00fcli t\u00e9rs\u00e9gekben \u00e9l\u0151k \u00e9lethelyzet\u00e9t nehez\u00edti,<strong> a gyermekv\u00e1llal\u00e1st b\u00e9n\u00edtja<\/strong><\/p>\n<p>&#8211;\u00a0\u00a0\u00a0\u00a0\u00a0\u00a0\u00a0\u00a0\u00a0 <strong>Az igazs\u00e1gtalan ad\u00f3rendszerrel az \u00e1tlagos, vagy az \u00e1tlag alatti kereset\u0171ek gyermekeinek l\u00e9tbiztons\u00e1g\u00e1t vesz\u00e9lyeztetik, <\/strong>mert  a sz\u00fcl\u0151k nett\u00f3 j\u00f6vedelme cs\u00f6kken, ad\u00f3kedvezm\u00e9nyt pedig csak a 300.000  ezer forint felett keres\u0151k tudj\u00e1k teljes m\u00e9rt\u00e9kben kihaszn\u00e1lni.  K\u00fcl\u00f6nbs\u00e9get tesz gyermek \u00e9s gyermek k\u00f6z\u00f6tt: a gazdagabb sz\u00fcl\u0151k gyermekei  m\u00e9g t\u00f6bb lehet\u0151s\u00e9ghez jutnak. Az alacsonyabb j\u00f6vedelm\u0171ek t\u00f6bblet  ad\u00f3terhel\u00e9s\u00e9b\u0151l t\u00e1mogatja a gazdag gyermekeket. <strong>\u201eA szeg\u00e9ny gyermekek fizetnek a gazdagoknak.\u201d<\/strong><\/p>\n","protected":false},"excerpt":{"rendered":"<p>Dr. S\u00f3s Tam\u00e1s az MSZP HEves megyei eln\u00f6ke sajt\u00f3t\u00e1j\u00e9koztat\u00f3j\u00e1n elmondta: k\u00f6sz\u00f6nettel tartoznak a pedag\u00f3gusoknak, szakdolgoz\u00f3knak. K\u00fcl\u00f6n\u00f6sen azoknak, akik halmozottan h\u00e1tr\u00e1nyos helyzet\u0171 t\u00e9rs\u00e9gekben dolgoznak. Nagyfok\u00fa bizonytalans\u00e1g van, ingerszeg\u00e9ny k\u00f6rnyezetben v\u00e9gzik munk\u00e1jukat.<br \/>\nMa m\u00e1r \u201eboh\u00f3cnak\u201d n\u00e9zik azt aki azt szeretn\u00e9, hogy ne r\u00fagj\u00e1k ki, \u00e9s ne cs\u00f6kkenjen a b\u00e9re. A pedag\u00f3gusok helyzete folyamatosan romlik:<br \/>\n&#8211;\u00a0\u00a0\u00a0\u00a0\u00a0\u00a0\u00a0\u00a0\u00a0 B\u00e9rcs\u00f6kken\u00e9s<br \/>\n&#8211;\u00a0\u00a0\u00a0\u00a0\u00a0\u00a0\u00a0\u00a0\u00a0 Elveszik a t\u00fal\u00f3ra [&#8230;]<\/p>\n","protected":false},"author":4,"featured_media":0,"comment_status":"open","ping_status":"closed","sticky":false,"template":"","format":"standard","meta":{"footnotes":""},"categories":[6,9,3],"tags":[],"class_list":["post-4471","post","type-post","status-publish","format-standard","hentry","category-belfold","category-oktatas","category-politika"],"_links":{"self":[{"href":"https:\/\/www.agriatv.hu\/index.php?rest_route=\/wp\/v2\/posts\/4471","targetHints":{"allow":["GET"]}}],"collection":[{"href":"https:\/\/www.agriatv.hu\/index.php?rest_route=\/wp\/v2\/posts"}],"about":[{"href":"https:\/\/www.agriatv.hu\/index.php?rest_route=\/wp\/v2\/types\/post"}],"author":[{"embeddable":true,"href":"https:\/\/www.agriatv.hu\/index.php?rest_route=\/wp\/v2\/users\/4"}],"replies":[{"embeddable":true,"href":"https:\/\/www.agriatv.hu\/index.php?rest_route=%2Fwp%2Fv2%2Fcomments&post=4471"}],"version-history":[{"count":5,"href":"https:\/\/www.agriatv.hu\/index.php?rest_route=\/wp\/v2\/posts\/4471\/revisions"}],"predecessor-version":[{"id":4476,"href":"https:\/\/www.agriatv.hu\/index.php?rest_route=\/wp\/v2\/posts\/4471\/revisions\/4476"}],"wp:attachment":[{"href":"https:\/\/www.agriatv.hu\/index.php?rest_route=%2Fwp%2Fv2%2Fmedia&parent=4471"}],"wp:term":[{"taxonomy":"category","embeddable":true,"href":"https:\/\/www.agriatv.hu\/index.php?rest_route=%2Fwp%2Fv2%2Fcategories&post=4471"},{"taxonomy":"post_tag","embeddable":true,"href":"https:\/\/www.agriatv.hu\/index.php?rest_route=%2Fwp%2Fv2%2Ftags&post=4471"}],"curies":[{"name":"wp","href":"https:\/\/api.w.org\/{rel}","templated":true}]}}