{"id":4477,"date":"2011-06-07T14:16:36","date_gmt":"2011-06-07T14:16:36","guid":{"rendered":"http:\/\/www.agriatv.hu\/?p=4477"},"modified":"2011-06-17T10:22:41","modified_gmt":"2011-06-17T10:22:41","slug":"fenyjatek-a-dobo-teren","status":"publish","type":"post","link":"https:\/\/www.agriatv.hu\/?p=4477","title":{"rendered":"F\u00e9nyj\u00e1t\u00e9k a Dob\u00f3 t\u00e9ren"},"content":{"rendered":"<p><a href=\"https:\/\/www.agriatv.hu\/wp-content\/uploads\/2011\/06\/0607feny1.jpg\"><img loading=\"lazy\" decoding=\"async\" class=\"alignleft size-medium wp-image-4479\" title=\"0607feny\" src=\"https:\/\/www.agriatv.hu\/wp-content\/uploads\/2011\/06\/0607feny1-300x240.jpg\" alt=\"\" width=\"140\" height=\"112\" srcset=\"https:\/\/www.agriatv.hu\/wp-content\/uploads\/2011\/06\/0607feny1-300x240.jpg 300w, https:\/\/www.agriatv.hu\/wp-content\/uploads\/2011\/06\/0607feny1.jpg 720w\" sizes=\"auto, (max-width: 140px) 100vw, 140px\" \/><\/a>F\u00e9nnyel kompon\u00e1lva c\u00edmmel k\u00fcl\u00f6nleges kreat\u00edv interakt\u00edv programot \u00edg\u00e9r a Dob\u00f3 t\u00e9rre j\u00fanius 18-\u00e1ra a M\u0171v\u00e9szetek H\u00e1za N. K. K Kft, melynek c\u00e9lja, hogy \u00edzel\u00edt\u0151t adjon a k\u00fcl\u00f6nb\u00f6z\u0151 &#8222;f\u00e9nyes&#8221; k\u00e9pz\u0151m\u0171v\u00e9szeti \u00e1gakb\u00f3l, amelyekn\u00e9l tetten \u00e9rhet\u0151 Kepes Gy\u00f6rgy f\u00e9nym\u0171v\u00e9szet\u00e9nek hat\u00e1sa &#8211; tudtuk meg a kedden d\u00e9lel\u0151tt a Zsinag\u00f3ga Gal\u00e9ri\u00e1ban megtartott sajt\u00f3t\u00e1j\u00e9koztat\u00f3b\u00f3l.<\/p>\n<p>Ahogy azt a szervez\u0151kt\u0151l megtudtuk eddig ilyen jelleg\u0171 alkot\u00e1s m\u00e9g nem volt Egerben. A f\u00e9nnyel kompon\u00e1lva c. tematikus nap egy T\u00c1MOP p\u00e1ly\u00e1zat r\u00e9szek\u00e9nt val\u00f3sul meg, melyre a M\u0171v\u00e9szetek H\u00e1ta N.K.K Kft. 34 milli\u00f3 forintot nyert el. A produkci\u00f3k mindegyike a legk\u00fcl\u00f6nb\u00f6z\u0151bb m\u0171fajokban a modern technik\u00e1t ig\u00e9nybe vev\u0151 f\u00e9nnyel t\u00f6rt\u00e9n\u0151 k\u00eds\u00e9rletez\u00e9sre \u00e9p\u00edt. A program Cak\u00f3 Ferenc grafikusm\u0171v\u00e9sz homok anim\u00e1ci\u00f3j\u00e1val indul, majd a L\u00e9zersz\u00ednh\u00e1z \u00e9s az LA Dance Company k\u00f6z\u00f6s produkci\u00f3j\u00e1ban val\u00f3di dial\u00f3gus form\u00e1l\u00f3dik a 19. sz\u00e1zadi progressz\u00edv zene, a kort\u00e1rs jazz \u00e9s az elektronikus zene k\u00f6z\u00f6tt. A L\u00e9zersz\u00ednh\u00e1z m\u0171v\u00e9szei hallhat\u00f3v\u00e1 teszik a f\u00e9nyt \u00e9s l\u00e1that\u00f3v\u00e1 var\u00e1zsolj\u00e1k a hangot f\u00e9nykoncertj\u00fck\u00f6n. Szint\u00e9n l\u00e1tv\u00e1nyos produkci\u00f3val lepi meg az egri k\u00f6z\u00f6ns\u00e9get a Ki\u00e9g\u0151 Izz\u00f3k Vizu\u00e1lis Csoport, akik a Dob\u00f3 teret, a v\u00e1rat \u00e9s a Minorita templom homlokzat\u00e1t f\u00e9nyfest\u00e9ssel teszik \u00e9l\u0151v\u00e9.<div class=\"wordtube\">\n<div class=\"wordtube single310\" id=\"WT1_1\" style=\"width:320px; height:240px;\">\n<a href=\"http:\/\/www.macromedia.com\/go\/getflashplayer\">Get the Flash Player<\/a> to see the wordTube Media Player.\n<\/div><\/div>\n\t<script type=\"text\/javascript\" defer=\"defer\">\nvar WT1_1 = {\n\tparams : {\n\t\twmode : \"opaque\",\n\t\tallowscriptaccess : \"always\",\n\t\tallownetworking : \"all\",\n\t\tallowfullscreen : \"true\"},\n\tflashvars : {\n\t\tfile : \"http%3A%2F%2Fwww.agriatv.hu%2Fwp-content%2Fuploads%2F2011%2F06%2F0607feny.flv\",\n\t\tvolume : \"80\",\n\t\tbufferlength : \"5\",\n\t\tquality : \"false\",\n\t\t'logo.hide' : \"false\",\n\t\timage : \"http%3A%2F%2Fwww.agriatv.hu%2Fwp-content%2Fuploads%2F2011%2F06%2F0607feny.jpg\",\n\t\ttitle : \"0607feny.flv\",\n\t\tlinktarget : \"_self\"},\n\tattr : {\n\t\tid : \"WT1\",\n\t\tname : \"WT1\"},\n\tstart : function() {\n\t\tswfobject.embedSWF(\"https:\/\/www.agriatv.hu\/\/player.swf\", \"WT1_1\", \"320\", \"240\", \"9.0.0\", false, this.flashvars, this.params , this.attr );\n\t}\n}\nWT1_1.start();\n\t<\/script>\n<\/p>\n<p>A t\u00e1j\u00e9koztat\u00f3 rendezv\u00e9nyen a m\u0171v\u00e9szek nem csak azt mondt\u00e1k el, mit fog l\u00e1tni vagy hallani a k\u00f6z\u00f6ns\u00e9g j\u00f6v\u0151 h\u00e9t v\u00e9g\u00e9n, de n\u00e9mi \u00edzel\u00edt\u0151t is mutattak be a produkci\u00f3kb\u00f3l.<\/p>\n<p>R\u00e1zsi Botond alpolg\u00e1rmester a megnyit\u00f3n elmondta, nagy \u00f6r\u00f6mmel ad otthont Eger, ennek a rendezv\u00e9nynek, hiszen Egerben Kepes Gy\u00f6rgy nyom\u00e1n helye van a f\u00e9nym\u0171v\u00e9szetnek \u00e9s szeretn\u00e9nek mindent megtenni, hogy Egerben kiel\u00e9g\u00edts\u00e9k a pezsg\u0151 kult\u00fara fogyaszt\u00e1s ig\u00e9ny\u00e9t.<\/p>\n<p>Forr\u00e1s: <a href=\"http:\/\/egriszin.hu\">Egrisz\u00edn<\/a><\/p>\n","protected":false},"excerpt":{"rendered":"<p>F\u00e9nnyel kompon\u00e1lva c\u00edmmel k\u00fcl\u00f6nleges kreat\u00edv interakt\u00edv programot \u00edg\u00e9r a Dob\u00f3 t\u00e9rre j\u00fanius 18-\u00e1ra a M\u0171v\u00e9szetek H\u00e1za N. K. K Kft, melynek c\u00e9lja, hogy \u00edzel\u00edt\u0151t adjon a k\u00fcl\u00f6nb\u00f6z\u0151 &#8222;f\u00e9nyes&#8221; k\u00e9pz\u0151m\u0171v\u00e9szeti \u00e1gakb\u00f3l, amelyekn\u00e9l tetten \u00e9rhet\u0151 Kepes Gy\u00f6rgy f\u00e9nym\u0171v\u00e9szet\u00e9nek hat\u00e1sa &#8211; tudtuk meg a kedden d\u00e9lel\u0151tt a Zsinag\u00f3ga Gal\u00e9ri\u00e1ban megtartott sajt\u00f3t\u00e1j\u00e9koztat\u00f3b\u00f3l.<br \/>\nAhogy azt a szervez\u0151kt\u0151l megtudtuk eddig ilyen jelleg\u0171 [&#8230;]<\/p>\n","protected":false},"author":4,"featured_media":0,"comment_status":"open","ping_status":"closed","sticky":false,"template":"","format":"standard","meta":{"footnotes":""},"categories":[8,4],"tags":[46,47,48],"class_list":["post-4477","post","type-post","status-publish","format-standard","hentry","category-kultura","category-szabadido","tag-dobo-ter","tag-feny","tag-tamop"],"_links":{"self":[{"href":"https:\/\/www.agriatv.hu\/index.php?rest_route=\/wp\/v2\/posts\/4477","targetHints":{"allow":["GET"]}}],"collection":[{"href":"https:\/\/www.agriatv.hu\/index.php?rest_route=\/wp\/v2\/posts"}],"about":[{"href":"https:\/\/www.agriatv.hu\/index.php?rest_route=\/wp\/v2\/types\/post"}],"author":[{"embeddable":true,"href":"https:\/\/www.agriatv.hu\/index.php?rest_route=\/wp\/v2\/users\/4"}],"replies":[{"embeddable":true,"href":"https:\/\/www.agriatv.hu\/index.php?rest_route=%2Fwp%2Fv2%2Fcomments&post=4477"}],"version-history":[{"count":3,"href":"https:\/\/www.agriatv.hu\/index.php?rest_route=\/wp\/v2\/posts\/4477\/revisions"}],"predecessor-version":[{"id":4570,"href":"https:\/\/www.agriatv.hu\/index.php?rest_route=\/wp\/v2\/posts\/4477\/revisions\/4570"}],"wp:attachment":[{"href":"https:\/\/www.agriatv.hu\/index.php?rest_route=%2Fwp%2Fv2%2Fmedia&parent=4477"}],"wp:term":[{"taxonomy":"category","embeddable":true,"href":"https:\/\/www.agriatv.hu\/index.php?rest_route=%2Fwp%2Fv2%2Fcategories&post=4477"},{"taxonomy":"post_tag","embeddable":true,"href":"https:\/\/www.agriatv.hu\/index.php?rest_route=%2Fwp%2Fv2%2Ftags&post=4477"}],"curies":[{"name":"wp","href":"https:\/\/api.w.org\/{rel}","templated":true}]}}