{"id":4481,"date":"2011-06-08T15:01:08","date_gmt":"2011-06-08T15:01:08","guid":{"rendered":"http:\/\/www.agriatv.hu\/?p=4481"},"modified":"2011-06-08T15:01:08","modified_gmt":"2011-06-08T15:01:08","slug":"gazszivargas-matraszentimren","status":"publish","type":"post","link":"https:\/\/www.agriatv.hu\/?p=4481","title":{"rendered":"G\u00e1zsziv\u00e1rg\u00e1s M\u00e1traszentimr\u00e9n"},"content":{"rendered":"<p><a href=\"https:\/\/www.agriatv.hu\/wp-content\/uploads\/2011\/06\/0608gaz_V.jpg\"><img loading=\"lazy\" decoding=\"async\" class=\"alignleft size-medium wp-image-4483\" title=\"0608gaz_V\" src=\"https:\/\/www.agriatv.hu\/wp-content\/uploads\/2011\/06\/0608gaz_V-300x240.jpg\" alt=\"\" width=\"123\" height=\"98\" srcset=\"https:\/\/www.agriatv.hu\/wp-content\/uploads\/2011\/06\/0608gaz_V-300x240.jpg 300w, https:\/\/www.agriatv.hu\/wp-content\/uploads\/2011\/06\/0608gaz_V.jpg 720w\" sizes=\"auto, (max-width: 123px) 100vw, 123px\" \/><\/a>Egy megs\u00e9r\u00fclt 5 k\u00f6bm\u00e9teres f\u00f6ld alatti g\u00e1ztart\u00e1ly miatt riasztott\u00e1k a gy\u00f6ngy\u00f6si t\u0171zolt\u00f3kat \u00e9s a katasztr\u00f3fav\u00e9delem szakembereit M\u00e1traszentimr\u00e9re. Az \u00fcd\u00fcl\u0151\u00f6vezetben mintegy k\u00e9tsz\u00e1z m\u00e9teres k\u00f6rzetben kellett ki\u00fcr\u00edteni \u00e9s lez\u00e1rni a vesz\u00e9lyes ter\u00fcletet. A k\u00f6rny\u00e9ken \u00e9l\u0151ket \u00e9s a k\u00f6zelben l\u00e9v\u0151 sz\u00e1llod\u00e1ban tart\u00f3zkod\u00f3kat biztons\u00e1gi okokb\u00f3l arra k\u00e9rt\u00e9k, hagyj\u00e1k el a helysz\u00ednt.<\/p>\n<p>A szakemberek szerint val\u00f3sz\u00edn\u0171leg a t\u00falt\u00f6lt\u00f6tt tart\u00e1ly biztons\u00e1gi szelepe hib\u00e1sodhatott meg, ez okozta a sziv\u00e1rg\u00e1st, melyet egy szikra is berobbanthatott volna.<\/p>\n<p>A d\u00e9lut\u00e1n folyam\u00e1n a tart\u00e1ly tartalm\u00e1t egy kocsiba \u00e1tfejtett\u00e9k, \u00e9s megkezdt\u00e9k a hiba kijav\u00edt\u00e1s\u00e1t.<div class=\"wordtube\">\n<div class=\"wordtube single312\" id=\"WT1_1\" style=\"width:320px; height:240px;\">\n<a href=\"http:\/\/www.macromedia.com\/go\/getflashplayer\">Get the Flash Player<\/a> to see the wordTube Media Player.\n<\/div><\/div>\n\t<script type=\"text\/javascript\" defer=\"defer\">\nvar WT1_1 = {\n\tparams : {\n\t\twmode : \"opaque\",\n\t\tallowscriptaccess : \"always\",\n\t\tallownetworking : \"all\",\n\t\tallowfullscreen : \"true\"},\n\tflashvars : {\n\t\tfile : \"http%3A%2F%2Fwww.agriatv.hu%2Fwp-content%2Fuploads%2F2011%2F06%2F0608gaz.flv\",\n\t\tvolume : \"80\",\n\t\tbufferlength : \"5\",\n\t\tquality : \"false\",\n\t\t'logo.hide' : \"false\",\n\t\timage : \"http%3A%2F%2Fwww.agriatv.hu%2Fwp-content%2Fuploads%2F2011%2F06%2F0608gaz.jpg\",\n\t\ttitle : \"0608gaz.flv\",\n\t\tlinktarget : \"_self\"},\n\tattr : {\n\t\tid : \"WT1\",\n\t\tname : \"WT1\"},\n\tstart : function() {\n\t\tswfobject.embedSWF(\"https:\/\/www.agriatv.hu\/\/player.swf\", \"WT1_1\", \"320\", \"240\", \"9.0.0\", false, this.flashvars, this.params , this.attr );\n\t}\n}\nWT1_1.start();\n\t<\/script>\n<\/p>\n","protected":false},"excerpt":{"rendered":"<p>Egy megs\u00e9r\u00fclt 5 k\u00f6bm\u00e9teres f\u00f6ld alatti g\u00e1ztart\u00e1ly miatt riasztott\u00e1k a gy\u00f6ngy\u00f6si t\u0171zolt\u00f3kat \u00e9s a katasztr\u00f3fav\u00e9delem szakembereit M\u00e1traszentimr\u00e9re. Az \u00fcd\u00fcl\u0151\u00f6vezetben mintegy k\u00e9tsz\u00e1z m\u00e9teres k\u00f6rzetben kellett ki\u00fcr\u00edteni \u00e9s lez\u00e1rni a vesz\u00e9lyes ter\u00fcletet. A k\u00f6rny\u00e9ken \u00e9l\u0151ket \u00e9s a k\u00f6zelben l\u00e9v\u0151 sz\u00e1llod\u00e1ban tart\u00f3zkod\u00f3kat biztons\u00e1gi okokb\u00f3l arra k\u00e9rt\u00e9k, hagyj\u00e1k el a helysz\u00ednt.<br \/>\nA szakemberek szerint val\u00f3sz\u00edn\u0171leg a t\u00falt\u00f6lt\u00f6tt tart\u00e1ly biztons\u00e1gi szelepe [&#8230;]<\/p>\n","protected":false},"author":4,"featured_media":0,"comment_status":"open","ping_status":"closed","sticky":false,"template":"","format":"standard","meta":{"footnotes":""},"categories":[5],"tags":[],"class_list":["post-4481","post","type-post","status-publish","format-standard","hentry","category-kek-hirek"],"_links":{"self":[{"href":"https:\/\/www.agriatv.hu\/index.php?rest_route=\/wp\/v2\/posts\/4481","targetHints":{"allow":["GET"]}}],"collection":[{"href":"https:\/\/www.agriatv.hu\/index.php?rest_route=\/wp\/v2\/posts"}],"about":[{"href":"https:\/\/www.agriatv.hu\/index.php?rest_route=\/wp\/v2\/types\/post"}],"author":[{"embeddable":true,"href":"https:\/\/www.agriatv.hu\/index.php?rest_route=\/wp\/v2\/users\/4"}],"replies":[{"embeddable":true,"href":"https:\/\/www.agriatv.hu\/index.php?rest_route=%2Fwp%2Fv2%2Fcomments&post=4481"}],"version-history":[{"count":3,"href":"https:\/\/www.agriatv.hu\/index.php?rest_route=\/wp\/v2\/posts\/4481\/revisions"}],"predecessor-version":[{"id":4485,"href":"https:\/\/www.agriatv.hu\/index.php?rest_route=\/wp\/v2\/posts\/4481\/revisions\/4485"}],"wp:attachment":[{"href":"https:\/\/www.agriatv.hu\/index.php?rest_route=%2Fwp%2Fv2%2Fmedia&parent=4481"}],"wp:term":[{"taxonomy":"category","embeddable":true,"href":"https:\/\/www.agriatv.hu\/index.php?rest_route=%2Fwp%2Fv2%2Fcategories&post=4481"},{"taxonomy":"post_tag","embeddable":true,"href":"https:\/\/www.agriatv.hu\/index.php?rest_route=%2Fwp%2Fv2%2Ftags&post=4481"}],"curies":[{"name":"wp","href":"https:\/\/api.w.org\/{rel}","templated":true}]}}